{"id":357442,"date":"2025-09-01T02:02:10","date_gmt":"2025-09-01T02:02:10","guid":{"rendered":"https:\/\/www.europesays.com\/fr\/357442\/"},"modified":"2025-09-01T02:02:10","modified_gmt":"2025-09-01T02:02:10","slug":"foire-dautomne-radio-scoop","status":"publish","type":"post","link":"https:\/\/www.europesays.com\/fr\/357442\/","title":{"rendered":"Foire d&rsquo;automne &#8211; Radio SCOOP"},"content":{"rendered":"<p>Rendez-vous samedi 20 septembre 2025, d\u00e8s 9h, place Salengro \u00e0 Saint-Priest.<\/p>\n<p>La <b>Foire d&rsquo;Automne<\/b> cultive les traditions ! <\/p>\n<p>Cr\u00e9\u00e9e voil\u00e0 77 ans, La <b>Foire d&rsquo;Automne<\/b> r\u00e9unira cette ann\u00e9e quelques 400 exposants du <b>village \u00e0 la place Salengro<\/b>. Les visiteurs retrouveront avec plaisir de nombreuses <b>animations<\/b> li\u00e9es au <b>monde agricole<\/b>.<\/p>\n<p>\u00c9picentre de la manifestation, la place Salengro sera \u00e0 nouveau cette ann\u00e9e un point d&rsquo;attractivit\u00e9 majeur de l&rsquo;\u00e9dition 2025 de la Foire d&rsquo;automne de Saint-Priest, avec pour point d&rsquo;orgue la <b>f\u00eate de la batteuse<\/b>, cet engin agricole utilis\u00e9 pour s\u00e9parer le grain de la paille et de la balle. <\/p>\n<p>La foire, c&rsquo;est aussi l&rsquo;occasion de d\u00e9couvrir les <b>m\u00e9tiers et machines de la vie rurale<\/b>, \u00e0 travers une <b>exposition<\/b> de pi\u00e8ces uniques issues du mus\u00e9e de la vie rurale de Saint-Quentin-Fallavier : tracteurs originaux, moulin \u00e0 huile, machine \u00e0 sabot, pressoirs \u00e0 jus de pomme&#8230;<\/p>\n<p>Pour cette \u00e9dition 2025, des outils li\u00e9s \u00e0 la <b>d\u00e9coupe du bois<\/b> seront pr\u00e9sent\u00e9s sur la place Salengro pour d\u00e9couvrir des activit\u00e9s qui utilisent des machines d&rsquo;antan. Vous y trouverez un r\u00e9mouleur, un passe-partout (grande scie), un scieur de long, une exposition de planches en bois artisanales (planches \u00e0 d\u00e9couper traditionnelles, plateaux \u00e0 fromages &#8230;), un sculpteur sur bois, un stand de fabrication de cordes \u00e0 tresser, ainsi qu&rsquo;un stand de menuisiers.<\/p>\n<p>Pour le plus grand bonheur des petits San-Priots, une <b>ferme p\u00e9dagogique<\/b> avec poules, lapins de race, dindons ou encore ch\u00e8vres naines sera install\u00e9e sur la place Bruno Polga. De nombreux animaux seront visibles et pr\u00e9sent\u00e9s avec passion par des animateurs aguerris.<\/p>\n<p>Depuis quelques \u00e9ditions maintenant, la Foire fait aussi la part belle aux <b>cr\u00e9ateurs<\/b>. Plusieurs dizaines d&rsquo;artisans locaux ou de la r\u00e9gion proposent ainsi leurs r\u00e9alisations : poteries, sculptures, bijoux originaux, v\u00eatements pour enfants, meubles relook\u00e9s, luminaires, vitraux ou encore peinture. <\/p>\n<p>C\u00f4t\u00e9 <b>animations<\/b>, direction le parking Henri Mar\u00e9chal, o\u00f9 les plus jeunes retrouveront man\u00e8ges, promenade en poney, ch\u00e2teau gonflable et p\u00eache aux canards&#8230;<\/p>\n<p>Rendez-vous le samedi 20 septembre 2025 de 9h,<br \/>du Village \u00e0 la place Salengro \u00e0 Saint Priest<\/p>\n<p>Infos pratiques :<br \/>&#8211; Horaires : de 9h \u00e0 18h30<br \/>&#8211; Entr\u00e9e libre<\/p>\n<p>Plus d&rsquo;infos sur le site <a class=\"url\" href=\"https:\/\/ville-saint-priest.fr\/\" target=\"_blank\" rel=\"nofollow noopener\">Ville de Saint-Priest<\/a>.<\/p>\n<p>Radio SCOOP est partenaire de l&rsquo;\u00e9v\u00e8nement<\/p>\n<tr>\n<td class=\"defaut\"><a href=\"https:\/\/www.radioscoop.com\/agenda\/javascript:void(0)\" onclick=\"parent.RS.diaporama.addMedia(700119) ;\" rel=\"nofollow noopener\" target=\"_blank\"><img loading=\"lazy\" decoding=\"async\" src=\"https:\/\/www.europesays.com\/fr\/wp-content\/uploads\/2025\/09\/1756692130_852_img\" width=\"452\" height=\"640\" border=\"0\" title=\"Foire d'automne\"\/><\/a><\/td>\n<\/tr>\n<p><\/p>\n","protected":false},"excerpt":{"rendered":"Rendez-vous samedi 20 septembre 2025, d\u00e8s 9h, place Salengro \u00e0 Saint-Priest. La Foire d&rsquo;Automne cultive les traditions !&hellip;\n","protected":false},"author":2,"featured_media":357443,"comment_status":"","ping_status":"","sticky":false,"template":"","format":"standard","meta":{"footnotes":""},"categories":[1889],"tags":[44129,1111,11,1063,2430,4154,14063,42567,16868,1777,674,3293,49331,49329,49327,1011,27,2428,35142,49328,26918,10241,12,30241,49332,24002,49330,25,26108,4605,10709,26110,11046],"class_list":{"0":"post-357442","1":"post","2":"type-post","3":"status-publish","4":"format-standard","5":"has-post-thumbnail","7":"category-lyon","8":"tag-activits","9":"tag-actu","10":"tag-actualites","11":"tag-animations","12":"tag-auvergne-rhone-alpes","13":"tag-bois","14":"tag-createurs","15":"tag-decoupe","16":"tag-engin","17":"tag-eu","18":"tag-europe","19":"tag-exposition","20":"tag-ferme-pedagogique","21":"tag-fete-de-la-batteuse","22":"tag-foire-dautomne","23":"tag-fr","24":"tag-france","25":"tag-lyon","26":"tag-machine","27":"tag-monde-agricole","28":"tag-moulin","29":"tag-muse","30":"tag-news","31":"tag-paille","32":"tag-poterie","33":"tag-poules","34":"tag-pressoirs","35":"tag-republique-francaise","36":"tag-rurale","37":"tag-saint-priest","38":"tag-sculptures","39":"tag-tracteurs","40":"tag-visiteurs"},"share_on_mastodon":{"url":"https:\/\/pubeurope.com\/@fr\/115126583225770179","error":""},"_links":{"self":[{"href":"https:\/\/www.europesays.com\/fr\/wp-json\/wp\/v2\/posts\/357442","targetHints":{"allow":["GET"]}}],"collection":[{"href":"https:\/\/www.europesays.com\/fr\/wp-json\/wp\/v2\/posts"}],"about":[{"href":"https:\/\/www.europesays.com\/fr\/wp-json\/wp\/v2\/types\/post"}],"author":[{"embeddable":true,"href":"https:\/\/www.europesays.com\/fr\/wp-json\/wp\/v2\/users\/2"}],"replies":[{"embeddable":true,"href":"https:\/\/www.europesays.com\/fr\/wp-json\/wp\/v2\/comments?post=357442"}],"version-history":[{"count":0,"href":"https:\/\/www.europesays.com\/fr\/wp-json\/wp\/v2\/posts\/357442\/revisions"}],"wp:featuredmedia":[{"embeddable":true,"href":"https:\/\/www.europesays.com\/fr\/wp-json\/wp\/v2\/media\/357443"}],"wp:attachment":[{"href":"https:\/\/www.europesays.com\/fr\/wp-json\/wp\/v2\/media?parent=357442"}],"wp:term":[{"taxonomy":"category","embeddable":true,"href":"https:\/\/www.europesays.com\/fr\/wp-json\/wp\/v2\/categories?post=357442"},{"taxonomy":"post_tag","embeddable":true,"href":"https:\/\/www.europesays.com\/fr\/wp-json\/wp\/v2\/tags?post=357442"}],"curies":[{"name":"wp","href":"https:\/\/api.w.org\/{rel}","templated":true}]}}