{"id":357444,"date":"2025-09-01T02:03:27","date_gmt":"2025-09-01T02:03:27","guid":{"rendered":"https:\/\/www.europesays.com\/fr\/357444\/"},"modified":"2025-09-01T02:03:27","modified_gmt":"2025-09-01T02:03:27","slug":"marseille-sincline-a-lyon-senfoncant-un-peu-plus-dans-la-crise","status":"publish","type":"post","link":"https:\/\/www.europesays.com\/fr\/357444\/","title":{"rendered":"Marseille s\u2019incline \u00e0 Lyon, s\u2019enfon\u00e7ant un peu plus dans la crise"},"content":{"rendered":"<p>                          <img loading=\"lazy\" decoding=\"async\" src=\"https:\/\/www.europesays.com\/fr\/wp-content\/uploads\/2025\/09\/8f16fc4_ftp-import-images-1-roe2pjnwwzch-2025-08-31t193058z-2094624221-up1el8v1i7lmg-rtrmadp-3-socce.jpeg\" alt=\"Le Lyonnais Malick Fofana a brill\u00e9 lors du match de Ligue\u00a01\u00a0contre l\u2019OM, au Groupama Stadium, \u00e0 Lyon, le 31\u00a0ao\u00fbt 2025.\"   width=\"664\" height=\"443\"\/>    Le Lyonnais Malick Fofana a brill\u00e9 lors du match de Ligue\u00a01\u00a0contre l\u2019OM, au Groupama Stadium, \u00e0 Lyon, le 31\u00a0ao\u00fbt 2025.  MANON CRUZ \/ REUTERS                          <\/p>\n<p class=\"article__paragraph  \">Poursuivant son excellent d\u00e9but de saison, Lyon s\u2019est impos\u00e9 \u00e0 domicile face \u00e0 Marseille (1-0), dimanche 31\u00a0ao\u00fbt, au terme d\u2019un match de bout en bout domin\u00e9 par les Lyonnais. Et ce d\u2019autant que les Marseillais ont jou\u00e9 la derni\u00e8re heure \u00e0 10\u00a0contre 11, apr\u00e8s l\u2019exclusion indiscutable de CJ\u00a0Egan-Riley.<\/p>\n<p class=\"article__paragraph  \">La saison derni\u00e8re au Groupama Stadium, les Marseillais avaient r\u00e9ussi \u00e0 gagner ce duel olympique en jouant quatre-vingt-cinq minutes \u00e0 10 contre 11. Dimanche, ils n\u2019ont jamais \u00e9t\u00e9 en situation de l\u2019emporter et ont sembl\u00e9 tr\u00e8s loin d\u2019\u00eatre pr\u00eats pour la Ligue des champions<\/p>\n<p class=\"article__paragraph  \">Ils jouaient d\u2019ailleurs depuis longtemps pour un point seulement quand Leonardo Balerdi, sous la pression de Pavel Sulc, a marqu\u00e9 contre son camp le seul but du match (1-0, 88e), modeste point final d\u2019une tr\u00e8s prolifique troisi\u00e8me journ\u00e9e (39\u00a0buts).<\/p>\n<p class=\"article__paragraph  \">Ce succ\u00e8s m\u00e9rit\u00e9 confirme que malgr\u00e9 son effectif rabougri, l\u2019OL a trouv\u00e9 une belle dynamique\u00a0: voil\u00e0 les hommes de Paulo Fonseca coleaders du championnat avec neuf points, <a href=\"https:\/\/www.lemonde.fr\/sport\/article\/2025\/08\/30\/ligue-1-le-psg-s-impose-largement-face-a-toulouse_6637562_3242.html\" rel=\"nofollow noopener\" target=\"_blank\">comme le PSG.<\/a><\/p>\n<p class=\"article__paragraph  \">L\u2019OM, lui, s\u2019enfonce dans la crise depuis la bagarre dans les vestiaires entre Adrien Rabiot et Jonathan Rowe. Dimanche soir, la presse italienne annon\u00e7ait le transfert de Rabiot au Milan AC.  Le club italien n\u2019a pas confirm\u00e9.<\/p>\n<p>                                       Lire aussi |  <a href=\"https:\/\/www.lemonde.fr\/football\/article\/2025\/08\/24\/jonathan-rowe-le-joueur-anglais-de-l-olympique-de-marseille-qui-s-etait-battu-avec-adrien-rabiot-transfere-a-bologne_6634555_1616938.html\" class=\"js-article-read-also catcher--favoris__link\" data-premium=\"\" id=\"article-title-3435284\" rel=\"nofollow noopener\" target=\"_blank\">Jonathan Rowe, le joueur anglais de l\u2019Olympique de Marseille qui s\u2019\u00e9tait battu avec Adrien Rabiot, transf\u00e9r\u00e9 \u00e0 Bologne<\/a>    <\/p>\n<p>   Lire plus tard  <\/p>\n<p class=\"article__paragraph  \">Battus deux fois sur trois, les Marseillais vont d\u00e9sormais s\u2019en remettre \u00e0 la derni\u00e8re journ\u00e9e de mercato, lundi, pour esp\u00e9rer pr\u00e9senter un meilleur visage apr\u00e8s la tr\u00eave internationale. Il le faudra car, apr\u00e8s avoir re\u00e7u Lorient, ils encha\u00eeneront avec le Real Madrid et le PSG.<\/p>\n<p class=\"article__paragraph  \">Priv\u00e9 de George Mikautadze, parti, samedi, \u00e0 Villarreal pour des imp\u00e9ratifs financiers plus que sportifs, l\u2019OL a \u00e9volu\u00e9, dimanche, sans avant-centre, mais ne s\u2019en est pas trouv\u00e9 si mal. Le G\u00e9orgien, pr\u00e9sent dans les tribunes, a \u00e9t\u00e9 acclam\u00e9 par le public lyonnais, qui sait ce qu\u2019il lui doit. A sa place, Adam Karabec, le jeune et \u00e9patant Khalis Merah et quelques autres se sont relay\u00e9s en pointe.<\/p>\n<p> Newsletter  <\/p>\n<p> <a href=\"https:\/\/www.lemonde.fr\/newsletters\/sport\/\" class=\"inread__link js-services-inread-link\" target=\"_blank\" rel=\"nofollow noopener\">  <\/p>\n<p>\u00ab Sport \u00bb<\/p>\n<p>Enqu\u00eates, reportages, analyses : l&rsquo;actualit\u00e9 du sport dans votre bo\u00eete e-mail chaque samedi<\/p>\n<p>S&rsquo;inscrire<\/p>\n<p> <\/a>          <\/p>\n<p> Le Monde Guides d\u2019achat  <\/p>\n<p> <a href=\"https:\/\/www.lemonde.fr\/guides-d-achat\/article\/2018\/06\/30\/les-meilleurs-antivols-pour-attacher-son-velo_5323670_5306571.html\" class=\"inread__link js-services-inread-link\" target=\"_blank\" rel=\"nofollow noopener\">  <\/p>\n<p>Cadenas de v\u00e9lo<\/p>\n<p>Les meilleurs cadenas de v\u00e9lo<\/p>\n<p>Lire<\/p>\n<p> <\/a>      <\/p>\n<p> Newsletter  <\/p>\n<p> <a href=\"https:\/\/www.lemonde.fr\/newsletters\/sport\/\" class=\"inread__link js-services-inread-link\" target=\"_blank\" rel=\"nofollow noopener\">  <\/p>\n<p>\u00ab Sport \u00bb<\/p>\n<p>Enqu\u00eates, reportages, analyses : l&rsquo;actualit\u00e9 du sport dans votre bo\u00eete e-mail chaque samedi<\/p>\n<p>S&rsquo;inscrire<\/p>\n<p> <\/a>             <\/p>\n<p class=\"article__paragraph  \">Ils ne s\u2019y sont jamais vraiment install\u00e9s mais un soir o\u00f9 tous les maillots lyonnais \u00e9taient floqu\u00e9s du nom de Bernard Lacombe, cela a suffi \u00e0 donner le tournis \u00e0 la toujours tr\u00e8s inqui\u00e9tante d\u00e9fense marseillaise.<\/p>\n<p>                    Malick Fofana inarr\u00eatable                    <\/p>\n<p class=\"article__paragraph  \">Deux d\u00e9fenseurs sont encore attendus, lundi, \u00e0 Marseille et il faudra au moins \u00e7a pour renforcer un secteur o\u00f9 l\u2019OM t\u00e2tonne toujours, comme le prouve la titularisation, dimanche, de Timothy Weah au poste d\u2019arri\u00e8re gauche. L\u2019Am\u00e9ricain a jou\u00e9 \u00e0 peu pr\u00e8s partout dans sa carri\u00e8re, mais rarement l\u00e0 et cela s\u2019est vu, m\u00eame si le danger est surtout venu de l\u2019autre c\u00f4t\u00e9, port\u00e9 par l\u2019inarr\u00eatable Malick Fofana.<\/p>\n<p class=\"article__paragraph  \">Dimanche, le Belge allait trop vite pour tous les Marseillais, les lents comme les rapides. A la 29e\u00a0minute, c\u2019est ainsi Fofana qui a provoqu\u00e9 l\u2019expulsion d\u2019Egan-Riley, auteur d\u2019un tacle na\u00eff et d\u00e9sesp\u00e9r\u00e9 pour tenter d\u2019arr\u00eater l\u2019ailier lyonnais.<\/p>\n<p class=\"article__paragraph  \">A cet instant, l\u2019OM \u00e9tait d\u00e9j\u00e0 en d\u00e9tresse, avec un but refus\u00e9 \u00e0 Abner pour un l\u00e9ger hors-jeu de Fofana. Juste avant la pause, un autre but a \u00e9t\u00e9 refus\u00e9 \u00e0 Ainsley Maitland-Niles et Lyon avait d\u00e9j\u00e0 eu une grosse occasion par Abner (14e), ensuite averti pour simulation apr\u00e8s avoir cru obtenir un penalty (22e). Fofana a encore oblig\u00e9 Geronimo Rulli \u00e0 une belle claquette (45\u00a0+ 2) et \u00e0 la pause, il ne manquait donc \u00e0 l\u2019OL qu\u2019un but.<\/p>\n<p class=\"article__paragraph  \">C\u00f4t\u00e9 OM, o\u00f9 l\u2019absence de Rabiot se voit comme le nez au milieu du visage, il n\u2019y a, en revanche, rien eu du tout, ni \u00e0 11 ni \u00e0 10, malgr\u00e9 la titularisation express du dernier arriv\u00e9 Hamed Junior Traor\u00e9.<\/p>\n<p class=\"article__paragraph  \">La sortie sur blessure de Fofana autour de l\u2019heure de jeu a tout de m\u00eame \u00e9t\u00e9 un soulagement pour Marseille, qui a eu deux micro-opportunit\u00e9s de marquer, par Pierre-Emile Hojbjerg (63e) puis Traor\u00e9 (68e). Mais Lyon a continu\u00e9 \u00e0 pousser avec m\u00e9thode et patience et en a \u00e9t\u00e9 r\u00e9compens\u00e9 par le but de la victoire. L\u2019OL n\u2019a plus beaucoup d\u2019argent mais a encore des id\u00e9es. L\u2019OM, lui, a surtout des probl\u00e8mes.<\/p>\n<p>                                       Lire aussi |  Article r\u00e9serv\u00e9 \u00e0 nos abonn\u00e9s  <a href=\"https:\/\/www.lemonde.fr\/sport\/article\/2025\/08\/22\/football-l-affaire-rabiot-trahit-la-fragilite-de-l-om-et-la-faiblesse-de-ses-dirigeants_6633475_3242.html\" class=\"js-article-read-also catcher--favoris__link\" data-premium=\"1\" id=\"article-title-3435098\" rel=\"nofollow noopener\" target=\"_blank\">\u00ab\u00a0L\u2019affaire Rabiot trahit la fragilit\u00e9 de l\u2019OM et la faiblesse de ses dirigeants\u00a0\u00bb<\/a>    <\/p>\n<p>   Lire plus tard  <\/p>\n<p class=\"author__detail\">  Le Monde avec AFP  <\/p>\n","protected":false},"excerpt":{"rendered":"Le Lyonnais Malick Fofana a brill\u00e9 lors du match de Ligue\u00a01\u00a0contre l\u2019OM, au Groupama Stadium, \u00e0 Lyon, le&hellip;\n","protected":false},"author":2,"featured_media":357445,"comment_status":"","ping_status":"","sticky":false,"template":"","format":"standard","meta":{"footnotes":""},"categories":[1889],"tags":[1111,11,2430,1777,674,1011,27,2428,12,25],"class_list":{"0":"post-357444","1":"post","2":"type-post","3":"status-publish","4":"format-standard","5":"has-post-thumbnail","7":"category-lyon","8":"tag-actu","9":"tag-actualites","10":"tag-auvergne-rhone-alpes","11":"tag-eu","12":"tag-europe","13":"tag-fr","14":"tag-france","15":"tag-lyon","16":"tag-news","17":"tag-republique-francaise"},"share_on_mastodon":{"url":"https:\/\/pubeurope.com\/@fr\/115126586768992585","error":""},"_links":{"self":[{"href":"https:\/\/www.europesays.com\/fr\/wp-json\/wp\/v2\/posts\/357444","targetHints":{"allow":["GET"]}}],"collection":[{"href":"https:\/\/www.europesays.com\/fr\/wp-json\/wp\/v2\/posts"}],"about":[{"href":"https:\/\/www.europesays.com\/fr\/wp-json\/wp\/v2\/types\/post"}],"author":[{"embeddable":true,"href":"https:\/\/www.europesays.com\/fr\/wp-json\/wp\/v2\/users\/2"}],"replies":[{"embeddable":true,"href":"https:\/\/www.europesays.com\/fr\/wp-json\/wp\/v2\/comments?post=357444"}],"version-history":[{"count":0,"href":"https:\/\/www.europesays.com\/fr\/wp-json\/wp\/v2\/posts\/357444\/revisions"}],"wp:featuredmedia":[{"embeddable":true,"href":"https:\/\/www.europesays.com\/fr\/wp-json\/wp\/v2\/media\/357445"}],"wp:attachment":[{"href":"https:\/\/www.europesays.com\/fr\/wp-json\/wp\/v2\/media?parent=357444"}],"wp:term":[{"taxonomy":"category","embeddable":true,"href":"https:\/\/www.europesays.com\/fr\/wp-json\/wp\/v2\/categories?post=357444"},{"taxonomy":"post_tag","embeddable":true,"href":"https:\/\/www.europesays.com\/fr\/wp-json\/wp\/v2\/tags?post=357444"}],"curies":[{"name":"wp","href":"https:\/\/api.w.org\/{rel}","templated":true}]}}