{"id":357449,"date":"2025-09-01T02:07:10","date_gmt":"2025-09-01T02:07:10","guid":{"rendered":"https:\/\/www.europesays.com\/fr\/357449\/"},"modified":"2025-09-01T02:07:10","modified_gmt":"2025-09-01T02:07:10","slug":"famille-arnault-klopp-statut-mannequinat-les-premiers-mots-de-kevin-trapp-au-paris-fc","status":"publish","type":"post","link":"https:\/\/www.europesays.com\/fr\/357449\/","title":{"rendered":"Famille Arnault, Klopp, statut, mannequinat&#8230; Les premiers mots de Kevin Trapp au Paris FC"},"content":{"rendered":"<p>L\u2019ancien gardien allemand du Paris SG, d\u00e9sormais au Paris FC, a pris le temps de r\u00e9pondre aux m\u00e9dias apr\u00e8s la victoire face \u00e0 Metz dimanche lors de la 3e journ\u00e9e de Ligue 1 (3-2). Dans un fran\u00e7ais impeccable.<\/p>\n<p class=\"fig-paragraph\">Au stade Jean-Bouin<\/p>\n<p class=\"fig-paragraph\"><strong>Quelle premi\u00e8re analyse faites-vous de cette victoire, la premi\u00e8re de la saison du Paris FC\u00a0?<\/strong><br \/><strong>Kevin Trapp\u00a0:<\/strong> D\u00e9j\u00e0, on est content,\u00a0<a href=\"https:\/\/www.lefigaro.fr\/sports\/football\/live\/ligue-1\/2025\/2568456\/paris-fc-metz\" target=\"_blank\" rel=\"sponsored noopener\" data-gtm-custom-categorie=\"navigation\" data-gtm-custom-action=\"crossclick\" data-gtm-custom-label=\"Contextuel\" data-gtm-event=\"customEventSPE\">parce que le premier match \u00e0 domicile devant nos supporters<\/a>, c\u2019est important de gagner, de faire plaisir aussi, mais surtout de gagner ces 3 points apr\u00e8s deux matchs un peu difficiles (<a href=\"https:\/\/www.lefigaro.fr\/sports\/football\/ligue-1\/classement\" target=\"_blank\" rel=\"sponsored noopener\" data-gtm-custom-categorie=\"navigation\" data-gtm-custom-action=\"crossclick\" data-gtm-custom-label=\"Contextuel\" data-gtm-event=\"customEventSPE\">d\u00e9faite contre Angers et l\u2019OM<\/a> ), o\u00f9 je trouve qu\u2019on a bien jou\u00e9, mais on a pay\u00e9 cher nos erreurs, surtout \u00e0 Marseille. Aujourd\u2019hui (dimanche), il fallait se battre pour ces 3 points, et \u00e7a, on l\u2019a fait. On a pris encore un coup sur les buts, mais on n\u2019a pas arr\u00eat\u00e9, on a continu\u00e9 \u00e0 jouer vers l\u2019avant, c\u2019est bien.<\/p>\n<p>                                    <a class=\"fig-a11y-skip a11y-hidden\" href=\"#fig-a11y-skip-main-inarticle\"><br \/>\n        Passer la publicit\u00e9<br \/>\n    <\/a><\/p>\n<p class=\"fig-paragraph\"><strong>Symboliquement, et pour lancer la saison, il fallait s\u2019imposer dimanche\u2026<\/strong><br \/>Bien s\u00fbr. On a effectu\u00e9 beaucoup d\u2019efforts, et \u00e7a fait du bien de gagner, \u00e7a soulage un peu quand m\u00eame.<\/p>\n<p class=\"fig-body-link\">\n            \u00c0 lire aussi<br \/>\n        <a class=\"fig-body-link__link\" href=\"http:\/\/www.lefigaro.fr\/sports\/football\/ligue-1\/ligue-1-le-paris-fc-reussit-sa-premiere-a-jean-bouin-contre-metz-monaco-tenu-en-echec-par-strasbourg-nice-chute-au-havre-20250831\" data-fig-type=\"NewsFlash\" data-gtm-custom-categorie=\"navigation\" data-gtm-custom-action=\"crossclick\" data-gtm-custom-label=\"Contextuel\" data-gtm-event=\"customEventSPE\" data-fig-domain=\"LEFIGARO\" target=\"_blank\" rel=\"noopener\">Ligue 1\u00a0: le Paris FC r\u00e9ussit sa premi\u00e8re \u00e0 Jean-Bouin contre Metz, Monaco bat Strasbourg sur le fil, Nice chute au Havre<br \/>\n    <\/a>\n<\/p>\n<p class=\"fig-paragraph\"><strong>Pourquoi avez-vous sign\u00e9 au Paris FC, vous qui avez connu le Paris SG durant quatre ans (2015-2019)\u00a0?<\/strong><\/p>\n<p class=\"fig-paragraph\">Il y avait des bons \u00e9changes avec la direction, avec le coach aussi. D\u00e8s le premier appel, j\u2019ai eu un bon sentiment sur le projet du club. Pour moi, c\u2019\u00e9tait le bon moment de partir de Francfort. Je me dis que je suis encore pr\u00eat \u00e0 rester au haut niveau. Je veux le d\u00e9montrer \u00e0 Paris. Apr\u00e8s, bien s\u00fbr, il fallait avoir quelque chose qui m\u2019int\u00e9ressait pour partir d\u2019Allemagne. Et c\u2019est ici, au PFC, avec le projet qu\u2019on m\u2019a pr\u00e9sent\u00e9, les ambitions des dirigeants. Cela m\u2019a plu et int\u00e9ress\u00e9. Je me sens tr\u00e8s bien ici, l\u2019\u00e9quipe est fantastique.<\/p>\n<p>    Kevin Trapp dimanche lors de la victoire du Paris FC contre Metz (3-2) lors de la 3e journ\u00e9e de Ligue 1.<br \/>\n                Baptiste Fernandez \/ Icon Sport<\/p>\n<p class=\"fig-paragraph\"><strong>Vous \u00eates annonc\u00e9 num\u00e9ro 2 dans la hi\u00e9rarchie des gardiens du PFC, vous avez profit\u00e9 de la blessure de Obed Nkambadio contre le FC Metz. Cela vous suffit-il\u00a0?<\/strong><br \/>Vous savez, malgr\u00e9 mon \u00e2ge (35 ans), il y a encore beaucoup de choses que je peux faire (sourire). C\u2019est mon caract\u00e8re depuis que je suis joueur de foot. Obed est un gardien prometteur, il a aid\u00e9 l\u2019\u00e9quipe \u00e0 monter en Ligue 1. Apr\u00e8s, il faut \u00eatre comp\u00e9titif, mettre le niveau \u00e0 l\u2019entra\u00eenement, se pousser l\u2019un et l\u2019autre, tous ensemble, parce qu\u2019on a besoin de cela au quotidien. C\u2019est ce que je vais faire ici, bien m\u2019entra\u00eener et ne pas l\u00e2cher. Non, c\u2019est le contraire. Je me pousse, je pousse l\u2019\u00e9quipe et je veux aider le groupe \u00e0 r\u00e9aliser de grandes choses surtout dans un club tr\u00e8s ambitieux. Je veux faire partie de \u00e7a, d\u00e8s le d\u00e9but. C\u2019est important d\u2019\u00e9crire une belle histoire.<\/p>\n<p class=\"fig-paragraph\"><a href=\"http:\/\/www.lefigaro.fr\/sports\/football\/ligue-1\/ligue-1-juergen-klopp-present-a-jean-bouin-pour-les-debuts-du-paris-fc-20250831\" data-fig-type=\"NewsFlash\" data-gtm-custom-categorie=\"navigation\" data-gtm-custom-action=\"crossclick\" data-gtm-custom-label=\"Contextuel\" data-gtm-event=\"customEventSPE\" data-fig-domain=\"LEFIGARO\" target=\"_blank\" rel=\"noopener\"><strong>J\u00fcrgen Klopp<\/strong><\/a> <strong>\u00a0(directeur mondial du football chez Red Bull, actionnaire du PFC) \u00e9tait pr\u00e9sent ce dimanche \u00e0 Jean-Bouin. A-t-il eu un r\u00f4le dans votre venue \u00e0 Paris\u00a0?<\/strong><\/p>\n<p>                                    <a class=\"fig-a11y-skip a11y-hidden\" href=\"#fig-a11y-skip-main-inarticle_mtf\"><br \/>\n        Passer la publicit\u00e9<br \/>\n    <\/a><\/p>\n<p class=\"fig-paragraph\">Il y avait des \u00e9changes, mais comme je le disais, c\u2019\u00e9tait plut\u00f4t avec le coach (St\u00e9phane Gili) que j\u2019ai beaucoup parl\u00e9. On a eu beaucoup d\u2019\u00e9changes, mais apr\u00e8s, c\u2019est s\u00fbr que je connais Mario (Gomez, directeur technique du groupe Red Bull) depuis longtemps, un club qui est rentr\u00e9 dans ce projet. C\u2019est aussi un bon signe pour un joueur de savoir qu\u2019il a des joueurs comme \u00e7a derri\u00e8re ce projet, parce qu\u2019il veut avoir du succ\u00e8s et beaucoup de r\u00e9ussite aussi.<\/p>\n<p class=\"fig-paragraph\"><strong>Quel sentiment avez-vous ressenti en voyant le Parc des Princes, situ\u00e9 \u00e0 quelques m\u00e8tres du stade Jean-Bouin\u00a0?\u00a0<\/strong><br \/>Je ne l\u2019ai pas vu aujourd\u2019hui, j\u2019\u00e9tais ici, heureusement. Je ne me suis pas tromp\u00e9 de stade (sourire). C\u2019est int\u00e9ressant que les deux clubs soient en Ligue 1, un derby est toujours magnifique. Ce sera le derby de Paris, on aura tous h\u00e2te de jouer cela. Je trouve le stade (Jean-Bouin), tr\u00e8s beau, les dirigeants ont fait beaucoup d\u2019efforts pour nous mettre en place ici. Le public a \u00e9t\u00e9 super.<\/p>\n<p class=\"fig-paragraph\"><strong>Lors de votre arriv\u00e9e, il a \u00e9t\u00e9 dit que vous seriez aussi mannequin pour LVMH\u2026<\/strong><br \/>(il sourit) J\u2019ai l\u2019habitude d\u2019entendre \u00e7a, je ne suis pas mannequin, je suis joueur de foot. \u00c7a, c\u2019est mon m\u00e9tier. Si vous me dites \u00e7a, je trouve cela positif, c\u2019est un compliment, mais je reste un footballeur. J\u2019ai mes trucs \u00e0 c\u00f4t\u00e9, mais mon m\u00e9tier c\u2019est jouer au foot.<\/p>\n<p>    Kevin Trapp dimanche lors de la victoire du Paris FC contre Metz (3-2) lors de la 3e journ\u00e9e de Ligue 1.<br \/>\n                FEP \/ Icon Sport<\/p>\n","protected":false},"excerpt":{"rendered":"L\u2019ancien gardien allemand du Paris SG, d\u00e9sormais au Paris FC, a pris le temps de r\u00e9pondre aux m\u00e9dias&hellip;\n","protected":false},"author":2,"featured_media":357450,"comment_status":"","ping_status":"","sticky":false,"template":"","format":"standard","meta":{"footnotes":""},"categories":[1888],"tags":[1111,1928,11,1927,18011,1777,674,1011,27,15569,66,49333,12,1926,626,445,1925,25],"class_list":{"0":"post-357449","1":"post","2":"type-post","3":"status-publish","4":"format-standard","5":"has-post-thumbnail","7":"category-paris","8":"tag-actu","9":"tag-actu-paris","10":"tag-actualites","11":"tag-actualites-paris","12":"tag-antoine-arnault","13":"tag-eu","14":"tag-europe","15":"tag-fr","16":"tag-france","17":"tag-jurgen-klopp","18":"tag-ligue-1","19":"tag-marc-ferracci","20":"tag-news","21":"tag-news-paris","22":"tag-paris","23":"tag-paris-fc","24":"tag-paris-news","25":"tag-republique-francaise"},"share_on_mastodon":{"url":"https:\/\/pubeurope.com\/@fr\/115126602538122070","error":""},"_links":{"self":[{"href":"https:\/\/www.europesays.com\/fr\/wp-json\/wp\/v2\/posts\/357449","targetHints":{"allow":["GET"]}}],"collection":[{"href":"https:\/\/www.europesays.com\/fr\/wp-json\/wp\/v2\/posts"}],"about":[{"href":"https:\/\/www.europesays.com\/fr\/wp-json\/wp\/v2\/types\/post"}],"author":[{"embeddable":true,"href":"https:\/\/www.europesays.com\/fr\/wp-json\/wp\/v2\/users\/2"}],"replies":[{"embeddable":true,"href":"https:\/\/www.europesays.com\/fr\/wp-json\/wp\/v2\/comments?post=357449"}],"version-history":[{"count":0,"href":"https:\/\/www.europesays.com\/fr\/wp-json\/wp\/v2\/posts\/357449\/revisions"}],"wp:featuredmedia":[{"embeddable":true,"href":"https:\/\/www.europesays.com\/fr\/wp-json\/wp\/v2\/media\/357450"}],"wp:attachment":[{"href":"https:\/\/www.europesays.com\/fr\/wp-json\/wp\/v2\/media?parent=357449"}],"wp:term":[{"taxonomy":"category","embeddable":true,"href":"https:\/\/www.europesays.com\/fr\/wp-json\/wp\/v2\/categories?post=357449"},{"taxonomy":"post_tag","embeddable":true,"href":"https:\/\/www.europesays.com\/fr\/wp-json\/wp\/v2\/tags?post=357449"}],"curies":[{"name":"wp","href":"https:\/\/api.w.org\/{rel}","templated":true}]}}