{"id":357457,"date":"2025-09-01T02:11:10","date_gmt":"2025-09-01T02:11:10","guid":{"rendered":"https:\/\/www.europesays.com\/fr\/357457\/"},"modified":"2025-09-01T02:11:10","modified_gmt":"2025-09-01T02:11:10","slug":"zelensky-annonce-larrestation-du-suspect-du-meurtre-de-lex-president-du-parlement","status":"publish","type":"post","link":"https:\/\/www.europesays.com\/fr\/357457\/","title":{"rendered":"Zelensky annonce l\u2019arrestation du suspect du meurtre de l\u2019ex-pr\u00e9sident du Parlement"},"content":{"rendered":"<p>L\u2019enqu\u00eate sur le meurtre de l\u2019ancien pr\u00e9sident du Parlement Andri\u00ef Paroubiy, survenu samedi \u00e0 Lviv, semble s\u2019acc\u00e9l\u00e9rer en <a href=\"https:\/\/www.20minutes.fr\/monde\/ukraine\/\" target=\"_blank\" class=\"c-link c-link--is-underlined\" rel=\"noopener\">Ukraine<\/a>. Le pr\u00e9sident <a href=\"https:\/\/www.20minutes.fr\/monde\/volodymyr-zelensky\/\" target=\"_blank\" class=\"c-link c-link--is-underlined\" rel=\"noopener\">Volodymyr Zelensky<\/a> a en effet annonc\u00e9 ce lundi l\u2019arrestation de l\u2019auteur pr\u00e9sum\u00e9.<\/p>\n<p>Le suspect a \u00e9t\u00e9 interpell\u00e9 dans la r\u00e9gion de Khmelnytsky, entre Lviv et Kiev, \u00e0 l\u2019issue d\u2019une op\u00e9ration qui a mobilis\u00e9 \u00ab\u00a0des dizaines\u00a0\u00bb de membres des forces de s\u00e9curit\u00e9, a pr\u00e9cis\u00e9 le ministre de l\u2019Int\u00e9rieur, Igor Klymenko.<\/p>\n<p>Un meurtre \u00ab\u00a0minutieusement pr\u00e9par\u00e9\u00a0\u00bb<\/p>\n<p>Le ministre a \u00e9galement soulign\u00e9 que l\u2019assassinat avait \u00e9t\u00e9 \u00ab\u00a0minutieusement pr\u00e9par\u00e9\u00a0\u00bb et indiqu\u00e9 que davantage de d\u00e9tails seraient livr\u00e9s par la police ult\u00e9rieurement. Volodymyr Zelensky a pour sa part assur\u00e9 sur les r\u00e9seaux sociaux que les investigations se poursuivaient et a remerci\u00e9 les enqu\u00eateurs pour leur \u00ab\u00a0travail rapide et coordonn\u00e9\u00a0\u00bb.<\/p>\n<\/p>\n<p>Andri\u00ef Paroubiy, 54 ans, \u00e9tait une figure de la r\u00e9volution pro-<a href=\"https:\/\/www.20minutes.fr\/dossier\/ue\" target=\"_blank\" class=\"c-link c-link--is-underlined\" rel=\"noopener\">europ\u00e9enne<\/a> du Ma\u00efdan et avait \u00e9t\u00e9 pr\u00e9sident du Parlement ukrainien, la Rada, de\u00a02016 \u00e0\u00a02019. Il a \u00e9t\u00e9 tu\u00e9 par balle dans l\u2019ouest du pays, un assassinat que le chef du renseignement militaire ukrainien, Kyrylo Boudanov, a imput\u00e9 \u00e0 demi-mot \u00e0 la <a href=\"https:\/\/www.20minutes.fr\/monde\/russie\/\" target=\"_blank\" class=\"c-link c-link--is-underlined\" rel=\"noopener\">Russie<\/a> avec qui le pays est en guerre depuis f\u00e9vrier\u00a02022.<\/p>\n<p>D\u00e9j\u00e0 la cible d\u2019un attentat en\u00a02014<\/p>\n<p>Andri\u00ef Paroubiy est notamment connu pour son r\u00f4le dans les grands mouvements pro-europ\u00e9ens en Ukraine, d\u2019abord la \u00ab\u00a0r\u00e9volution orange\u00a0\u00bb de\u00a02004, puis celle du Ma\u00efdan en\u00a02014. Il avait \u00e9t\u00e9 \u00ab\u00a0commandant\u00a0\u00bb des groupes d\u2019autod\u00e9fense lors des manifestations du Ma\u00efdan, r\u00e9prim\u00e9es dans le sang. Ce mouvement avait forc\u00e9 le pr\u00e9sident prorusse Viktor Ianoukovitch \u00e0 quitter le pouvoir pour fuir vers la Russie en\u00a02014.<\/p>\n<p><a href=\"https:\/\/www.20minutes.fr\/monde\/ukraine\/\" target=\"_blank\" class=\"c-link c-btn c-btn--primary\" rel=\"noopener\">Notre dossier sur la Guerre en Ukraine<\/a><\/p>\n<p>L\u2019ancien pr\u00e9sident du Parlement, qui avait surv\u00e9cu en\u00a02014 \u00e0 une tentative d\u2019assassinat perp\u00e9tr\u00e9e \u00e0 l\u2019aide d\u2019une grenade de combat, \u00e9tait plac\u00e9 sur la liste des personnes recherch\u00e9es par les autorit\u00e9s russes. Celle-ci comprend des dizaines de milliers de noms, dont ceux de nombreux responsables ukrainiens mais aussi des personnalit\u00e9s russes ou occidentales.<\/p>\n","protected":false},"excerpt":{"rendered":"L\u2019enqu\u00eate sur le meurtre de l\u2019ancien pr\u00e9sident du Parlement Andri\u00ef Paroubiy, survenu samedi \u00e0 Lviv, semble s\u2019acc\u00e9l\u00e9rer en&hellip;\n","protected":false},"author":2,"featured_media":357458,"comment_status":"","ping_status":"","sticky":false,"template":"","format":"standard","meta":{"footnotes":""},"categories":[1590],"tags":[47,11,6744,1777,674,131,74,12,132,220,555,133,135,134],"class_list":{"0":"post-357457","1":"post","2":"type-post","3":"status-publish","4":"format-standard","5":"has-post-thumbnail","7":"category-ukraine","8":"tag-actualite","9":"tag-actualites","10":"tag-assassinat","11":"tag-eu","12":"tag-europe","13":"tag-guerre-en-ukraine","14":"tag-monde","15":"tag-news","16":"tag-russie","17":"tag-ukraine","18":"tag-union-europeenne-ue","19":"tag-video","20":"tag-vladimir-poutine","21":"tag-volodymyr-zelensky"},"share_on_mastodon":{"url":"https:\/\/pubeurope.com\/@fr\/115126618227549942","error":""},"_links":{"self":[{"href":"https:\/\/www.europesays.com\/fr\/wp-json\/wp\/v2\/posts\/357457","targetHints":{"allow":["GET"]}}],"collection":[{"href":"https:\/\/www.europesays.com\/fr\/wp-json\/wp\/v2\/posts"}],"about":[{"href":"https:\/\/www.europesays.com\/fr\/wp-json\/wp\/v2\/types\/post"}],"author":[{"embeddable":true,"href":"https:\/\/www.europesays.com\/fr\/wp-json\/wp\/v2\/users\/2"}],"replies":[{"embeddable":true,"href":"https:\/\/www.europesays.com\/fr\/wp-json\/wp\/v2\/comments?post=357457"}],"version-history":[{"count":0,"href":"https:\/\/www.europesays.com\/fr\/wp-json\/wp\/v2\/posts\/357457\/revisions"}],"wp:featuredmedia":[{"embeddable":true,"href":"https:\/\/www.europesays.com\/fr\/wp-json\/wp\/v2\/media\/357458"}],"wp:attachment":[{"href":"https:\/\/www.europesays.com\/fr\/wp-json\/wp\/v2\/media?parent=357457"}],"wp:term":[{"taxonomy":"category","embeddable":true,"href":"https:\/\/www.europesays.com\/fr\/wp-json\/wp\/v2\/categories?post=357457"},{"taxonomy":"post_tag","embeddable":true,"href":"https:\/\/www.europesays.com\/fr\/wp-json\/wp\/v2\/tags?post=357457"}],"curies":[{"name":"wp","href":"https:\/\/api.w.org\/{rel}","templated":true}]}}