{"id":357467,"date":"2025-09-01T02:16:10","date_gmt":"2025-09-01T02:16:10","guid":{"rendered":"https:\/\/www.europesays.com\/fr\/357467\/"},"modified":"2025-09-01T02:16:10","modified_gmt":"2025-09-01T02:16:10","slug":"il-y-a-t-il-toujours-eu-des-toilettes-dans-les-trains","status":"publish","type":"post","link":"https:\/\/www.europesays.com\/fr\/357467\/","title":{"rendered":"Il y a-t-il toujours eu des toilettes dans les trains\u00a0?"},"content":{"rendered":"<p class=\"PopSlotParagraph qg-tx2 qg-xtra-lh svelte-1r0pyek\">Il n&rsquo;y a pas toujours eu de toilettes dans les trains\u00a0! Il fallait courir lors des arr\u00eats aux WC de la gare. Il fallait alors se d\u00e9p\u00eacher et d\u00e8s que le chef de gare sifflait, remonter dans le train\u00a0! Et ce depuis les d\u00e9buts du chemin de fer jusque dans les ann\u00e9es 1870. Les compagnies refusaient de mettre des toilettes dans les trains parce que \u00e7a faisait perdre de l&rsquo;argent. La place prise faisait qu&rsquo;il y avait un voyageur de moins dans le train\u00a0! Mais les entreprises ont d\u00fb c\u00e9der et ont commenc\u00e9 \u00e0 mettre ce qu&rsquo;on appelait des commodit\u00e9s dans le fourgon, le lieu o\u00f9 on mettait les bagages. Mais on ne pouvait pas toujours aller d&rsquo;un wagon \u00e0 l&rsquo;autre&#8230; Ce n&rsquo;est pas simple\u00a0! Il faut attendre 1910 pour que le probl\u00e8me des toilettes soit r\u00e9gl\u00e9.<\/p>\n<p class=\"PopSlotParagraph qg-tx2 qg-xtra-lh svelte-1r0pyek\">La suite est \u00e0 \u00e9couter&#8230;<\/p>\n","protected":false},"excerpt":{"rendered":"Il n&rsquo;y a pas toujours eu de toilettes dans les trains\u00a0! Il fallait courir lors des arr\u00eats aux&hellip;\n","protected":false},"author":2,"featured_media":357468,"comment_status":"","ping_status":"","sticky":false,"template":"","format":"standard","meta":{"footnotes":""},"categories":[1586],"tags":[11,1777,674,1779,1011,27,12,25,1778,364],"class_list":{"0":"post-357467","1":"post","2":"type-post","3":"status-publish","4":"format-standard","5":"has-post-thumbnail","7":"category-europe","8":"tag-actualites","9":"tag-eu","10":"tag-europe","11":"tag-european-union","12":"tag-fr","13":"tag-france","14":"tag-news","15":"tag-republique-francaise","16":"tag-ue","17":"tag-union-europeenne"},"share_on_mastodon":{"url":"https:\/\/pubeurope.com\/@fr\/115126638002194120","error":""},"_links":{"self":[{"href":"https:\/\/www.europesays.com\/fr\/wp-json\/wp\/v2\/posts\/357467","targetHints":{"allow":["GET"]}}],"collection":[{"href":"https:\/\/www.europesays.com\/fr\/wp-json\/wp\/v2\/posts"}],"about":[{"href":"https:\/\/www.europesays.com\/fr\/wp-json\/wp\/v2\/types\/post"}],"author":[{"embeddable":true,"href":"https:\/\/www.europesays.com\/fr\/wp-json\/wp\/v2\/users\/2"}],"replies":[{"embeddable":true,"href":"https:\/\/www.europesays.com\/fr\/wp-json\/wp\/v2\/comments?post=357467"}],"version-history":[{"count":0,"href":"https:\/\/www.europesays.com\/fr\/wp-json\/wp\/v2\/posts\/357467\/revisions"}],"wp:featuredmedia":[{"embeddable":true,"href":"https:\/\/www.europesays.com\/fr\/wp-json\/wp\/v2\/media\/357468"}],"wp:attachment":[{"href":"https:\/\/www.europesays.com\/fr\/wp-json\/wp\/v2\/media?parent=357467"}],"wp:term":[{"taxonomy":"category","embeddable":true,"href":"https:\/\/www.europesays.com\/fr\/wp-json\/wp\/v2\/categories?post=357467"},{"taxonomy":"post_tag","embeddable":true,"href":"https:\/\/www.europesays.com\/fr\/wp-json\/wp\/v2\/tags?post=357467"}],"curies":[{"name":"wp","href":"https:\/\/api.w.org\/{rel}","templated":true}]}}