{"id":357472,"date":"2025-09-01T02:19:15","date_gmt":"2025-09-01T02:19:15","guid":{"rendered":"https:\/\/www.europesays.com\/fr\/357472\/"},"modified":"2025-09-01T02:19:15","modified_gmt":"2025-09-01T02:19:15","slug":"le-destin-de-la-france-sera-en-jeu-au-prochain-vote-de-confiance-dit-francois-bayrou","status":"publish","type":"post","link":"https:\/\/www.europesays.com\/fr\/357472\/","title":{"rendered":"\u00ab\u00a0Le destin de la France\u00a0\u00bb sera en jeu au prochain vote de confiance, dit Fran\u00e7ois Bayrou"},"content":{"rendered":"<p class=\"sc-jbo7hw-7 bDkRIk\">Fran\u00e7ois Bayrou a estim\u00e9 dimanche, lors d&rsquo;un entretien accord\u00e9 \u00e0 la t\u00e9l\u00e9vision, que la \u00ab\u00a0question\u00a0\u00bb en jeu lors du vote de confiance envers son gouvernement, le 8\u00a0septembre, n&rsquo;\u00e9tait pas celle du \u00ab\u00a0destin du premier ministre\u00a0\u00bb, mais celle du \u00ab\u00a0destin de la France\u00a0\u00bb.<\/p>\n<p class=\"sc-jbo7hw-7 bDkRIk\">Si le gouvernement tombe, comme [les oppositions] le souhaitent, comme ils l&rsquo;annoncent [&#8230;] eh bien \u00e7a veut dire qu&rsquo;on changera de politique. On abandonnera ou on abandonnerait la politique pour moi vitale pour le pays pour une autre politique plus laxiste, plus \u00e0 la d\u00e9rive, a plaid\u00e9 le premier ministre fran\u00e7ais.<\/p>\n<p class=\"sc-jbo7hw-7 bDkRIk\"><a tabindex=\"0\" class=\"border-b border-solid transition-colors text-blue600 hover:text-blue600 light:text-blue600 light:hover:text-blue600 dark:text-blue400 dark:hover:text-blue400 border-gray900\/25 light:border-gray900\/25 dark:border-gray100\/25 hover:border-blue600 light:hover:border-blue600 dark:hover:border-blue400 hover:bg-gray999\/10 light:hover:bg-gray999\/10 dark:hover:bg-gray0\/10\" href=\"https:\/\/ici.radio-canada.ca\/nouvelle\/2126679\/francois-bayrou-nouveau-premier-ministre-france\" rel=\"nofollow noopener\" target=\"_blank\">En poste depuis d\u00e9cembre, Fran\u00e7ois Bayrou<\/a> va engager la responsabilit\u00e9 de son gouvernement sur le d\u00e9sendettement de la France et le cap budg\u00e9taire \u00e0 fixer pour\u00a02026 lors d&rsquo;un vote de confiance \u00e0 l&rsquo;Assembl\u00e9e nationale le 8\u00a0septembre.<\/p>\n<p class=\"sc-jbo7hw-7 bDkRIk\">La gauche et l&rsquo;extr\u00eame droite ont r\u00e9p\u00e9t\u00e9 qu&rsquo;elles voteraient contre la confiance, rendant quasi in\u00e9luctable la chute de M.\u00a0Bayrou, dont le gouvernement est issu d&rsquo;une coalition entre le centre et la droite.<\/p>\n<p class=\"sc-jbo7hw-7 bDkRIk\">Pour le premier ministre, cet entretien accord\u00e9 \u00e0 quatre cha\u00eenes d&rsquo;information en continu n&rsquo;est s\u00fbrement pas un au revoir, alors que le premier secr\u00e9taire du parti socialiste, Olivier Faure, a d\u00e9clar\u00e9 plus t\u00f4t que la d\u00e9cision des socialistes de refuser la confiance \u00e9tait irr\u00e9vocable, ajoutant qu&rsquo;il \u00e9tait temps pour le chef du gouvernement de dire au revoir.<\/p>\n<p><img decoding=\"async\" alt=\"Olivier Faure livre un discours.\" class=\"absolute left-0 top-0 size-full object-cover transition-opacity ease-out print:relative html-dark:brightness-[.8]\" loading=\"lazy\" src=\"https:\/\/www.europesays.com\/fr\/wp-content\/uploads\/2025\/09\/olivier-faure-france.jpg\"\/>Ouvrir en mode plein \u00e9cran<\/p>\n<p class=\"sc-ic6be9-2 kYrgAK\">Le premier secr\u00e9taire du parti socialiste, Olivier Faure (Photo d&rsquo;archives)<\/p>\n<p class=\"sc-ic6be9-1 cJJtvJ text-gray600 light:text-gray600 dark:text-gray400\">Photo : Getty Images \/ STEPHANE DE SAKUTIN \/ AFP<\/p>\n<p class=\"sc-jbo7hw-7 bDkRIk\">Olivier Faure, qu&rsquo;est-ce qu&rsquo;il veut? Il veut \u00eatre \u00e0 Matignon, a balay\u00e9 M.\u00a0Bayrou.<\/p>\n<blockquote class=\"sc-ym8j07-0 kJvxpW text-gray700 light:text-gray700 dark:text-gray200\">\n<p class=\"sc-ym8j07-1 jhkebe !font-display text-6 leading-5 xsToSm:text-5 font-bold text-gray700 light:text-gray700 dark:text-gray200 font-medium\">Je pense pr\u00e9cis\u00e9ment que les jours qui vont venir sont cruciaux.<\/p>\n<p>Une citation de Fran\u00e7ois Bayrou, premier ministre fran\u00e7ais<\/p><\/blockquote>\n<p class=\"sc-jbo7hw-7 bDkRIk\">Et si vous imaginez que je peux abandonner les combats que je m\u00e8ne, que je m\u00e8ne ici, que je menais avant, depuis des ann\u00e9es et que je continuerai \u00e0 mener apr\u00e8s, vous vous trompez, a ajout\u00e9 le centriste, qui s&rsquo;est pr\u00e9sent\u00e9 \u00e0 trois reprises \u00e0 l&rsquo;\u00e9lection pr\u00e9sidentielle.<\/p>\n<p class=\"sc-jbo7hw-7 bDkRIk\">La quasi-totalit\u00e9 des Fran\u00e7ais sait parfaitement qu&rsquo;un pays endett\u00e9, c&rsquo;est un pays qui n&rsquo;a plus sa souverainet\u00e9, qui n&rsquo;a plus la libert\u00e9, a fait valoir le chef du gouvernement.<\/p>\n<p>P\u00e9riode d&rsquo;incertitude<\/p>\n<p class=\"sc-jbo7hw-7 bDkRIk\">Le vote du 8\u00a0septembre ouvre une nouvelle p\u00e9riode d&rsquo;incertitude, avec Emmanuel Macron en premi\u00e8re ligne, dans un contexte social \u00e9ruptif.<\/p>\n<p class=\"sc-jbo7hw-7 bDkRIk\">Le pr\u00e9sident, somm\u00e9 par les extr\u00eames de d\u00e9missionner ou de dissoudre l&rsquo;Assembl\u00e9e nationale, va sans doute devoir dans l&rsquo;imm\u00e9diat se mettre en qu\u00eate d&rsquo;un nouveau premier ministre.<\/p>\n<p class=\"sc-jbo7hw-7 bDkRIk\">M.\u00a0Macron a r\u00e9affirm\u00e9 vendredi \u00e0 Toulon son soutien \u00e0 Fran\u00e7ois Bayrou, qui a raison de mettre en responsabilit\u00e9 les forces politiques et parlementaires compte tenu de la situation budg\u00e9taire peu reluisante du pays.<\/p>\n<p class=\"sc-jbo7hw-7 bDkRIk\">La France a besoin d&rsquo;un budget dans les temps face \u00e0 la situation financi\u00e8re qui n&rsquo;est pas critique, mais tout de m\u00eame pr\u00e9occupante, a rappel\u00e9 pour sa part dimanche le premier pr\u00e9sident de la Cour des comptes, Pierre Moscovici.<\/p>\n<p class=\"sc-jbo7hw-7 bDkRIk\">L&rsquo;instabilit\u00e9 politique actuelle, in\u00e9dite sous la Ve\u00a0R\u00e9publique fran\u00e7aise, proclam\u00e9e en\u00a01958 pour justement en finir avec la valse des gouvernements, a \u00e9t\u00e9 d\u00e9clench\u00e9e par la dissolution de <a tabindex=\"0\" class=\"border-b border-solid transition-colors text-blue600 hover:text-blue600 light:text-blue600 light:hover:text-blue600 dark:text-blue400 dark:hover:text-blue400 border-gray900\/25 light:border-gray900\/25 dark:border-gray100\/25 hover:border-blue600 light:hover:border-blue600 dark:hover:border-blue400 hover:bg-gray999\/10 light:hover:bg-gray999\/10 dark:hover:bg-gray0\/10\" href=\"https:\/\/ici.radio-canada.ca\/nouvelle\/2079487\/emmanuel-macron-elections-legislatives\" rel=\"nofollow noopener\" target=\"_blank\">l&rsquo;Assembl\u00e9e nationale en juin\u00a02024<\/a> par Emmanuel Macron.<\/p>\n","protected":false},"excerpt":{"rendered":"Fran\u00e7ois Bayrou a estim\u00e9 dimanche, lors d&rsquo;un entretien accord\u00e9 \u00e0 la t\u00e9l\u00e9vision, que la \u00ab\u00a0question\u00a0\u00bb en jeu lors&hellip;\n","protected":false},"author":2,"featured_media":357473,"comment_status":"","ping_status":"","sticky":false,"template":"","format":"standard","meta":{"footnotes":""},"categories":[4],"tags":[11,1011,27,12,25],"class_list":{"0":"post-357472","1":"post","2":"type-post","3":"status-publish","4":"format-standard","5":"has-post-thumbnail","7":"category-france","8":"tag-actualites","9":"tag-fr","10":"tag-france","11":"tag-news","12":"tag-republique-francaise"},"share_on_mastodon":{"url":"https:\/\/pubeurope.com\/@fr\/115126649671812239","error":""},"_links":{"self":[{"href":"https:\/\/www.europesays.com\/fr\/wp-json\/wp\/v2\/posts\/357472","targetHints":{"allow":["GET"]}}],"collection":[{"href":"https:\/\/www.europesays.com\/fr\/wp-json\/wp\/v2\/posts"}],"about":[{"href":"https:\/\/www.europesays.com\/fr\/wp-json\/wp\/v2\/types\/post"}],"author":[{"embeddable":true,"href":"https:\/\/www.europesays.com\/fr\/wp-json\/wp\/v2\/users\/2"}],"replies":[{"embeddable":true,"href":"https:\/\/www.europesays.com\/fr\/wp-json\/wp\/v2\/comments?post=357472"}],"version-history":[{"count":0,"href":"https:\/\/www.europesays.com\/fr\/wp-json\/wp\/v2\/posts\/357472\/revisions"}],"wp:featuredmedia":[{"embeddable":true,"href":"https:\/\/www.europesays.com\/fr\/wp-json\/wp\/v2\/media\/357473"}],"wp:attachment":[{"href":"https:\/\/www.europesays.com\/fr\/wp-json\/wp\/v2\/media?parent=357472"}],"wp:term":[{"taxonomy":"category","embeddable":true,"href":"https:\/\/www.europesays.com\/fr\/wp-json\/wp\/v2\/categories?post=357472"},{"taxonomy":"post_tag","embeddable":true,"href":"https:\/\/www.europesays.com\/fr\/wp-json\/wp\/v2\/tags?post=357472"}],"curies":[{"name":"wp","href":"https:\/\/api.w.org\/{rel}","templated":true}]}}