{"id":357478,"date":"2025-09-01T02:25:20","date_gmt":"2025-09-01T02:25:20","guid":{"rendered":"https:\/\/www.europesays.com\/fr\/357478\/"},"modified":"2025-09-01T02:25:20","modified_gmt":"2025-09-01T02:25:20","slug":"les-pionniers-des-campings-du-gp-moto-sont-arrives-au-mans-avant-larrivee-de-dizaine-de-milliers-de-personnes-2","status":"publish","type":"post","link":"https:\/\/www.europesays.com\/fr\/357478\/","title":{"rendered":"Les \u00ab\u00a0pionniers\u00a0\u00bb des campings du GP moto sont arriv\u00e9s au Mans, avant l&rsquo;arriv\u00e9e de dizaine de milliers de personnes"},"content":{"rendered":"<p class=\"PopSlotParagraph qg-tx2 qg-xtra-lh svelte-1r0pyek\">Le Panorama au nord, le Houx au sud&#8230;\u00a0<a href=\"https:\/\/www.francebleu.fr\/sports\/tous-les-sports\/une-partie-des-aires-d-accueil-du-grand-prix-de-france-de-moto-au-mans-ouvrent-des-ce-mercredi-midi-au-public-1941221\" target=\"_blank\" rel=\"noopener\" class=\"\" data-testid=\"link\"><strong>les premi\u00e8res aires de camping, les plus proches\u00a0du circuit Bugatti du Mans, ont ouvert<\/strong><\/a>\u00a0ce jeudi 7 mai 2025.<\/p>\n<p class=\"PopSlotParagraph qg-tx2 qg-xtra-lh svelte-1r0pyek\">Les aires de campings <strong>vont \u00eatre ouvertes de plus en plus loin<\/strong> et continuer \u00e0 se remplir d&rsquo;ici <a href=\"https:\/\/www.francebleu.fr\/sports\/tous-les-sports\/motogp-programme-parking-billetterie-tout-ce-qu-il-faut-savoir-sur-le-grand-prix-de-france-2025-au-mans-6519470\" target=\"_blank\" rel=\"noopener\" class=\"\" data-testid=\"link\">aux courses du Grand prix de France moto<\/a>, ce samedi et dimanche, et accueillir des dizaines de milliers de spectateurs.<\/p>\n<p class=\"PopSlotParagraph qg-tx2 qg-xtra-lh svelte-1r0pyek\">Pour beaucoup de campeurs, c&rsquo;est <strong>important d&rsquo;arriver t\u00f4t<\/strong> pour r\u00e9server le \u00ab\u00a0bon\u00a0\u00bb emplacement, celui o\u00f9 ils ont leur habitude, qui est proche des toilettes ou bien d&rsquo;un autre groupe avec lequel ils passent du temps ensemble.<\/p>\n<p> Les abris \u00e0 bestiaux pl\u00e9biscit\u00e9s<\/p>\n<p class=\"PopSlotParagraph qg-tx2 qg-xtra-lh svelte-1r0pyek\">Certains utilisent aussi des \u00e9quipements originaux\u00a0: par exemple, sur l&rsquo;aire du Parc des expositions, les abris \u00e0 bestiaux sont pris\u00e9s, car ils fournissent un toit en dur. On ne sait jamais&#8230;<\/p>\n","protected":false},"excerpt":{"rendered":"Le Panorama au nord, le Houx au sud&#8230;\u00a0les premi\u00e8res aires de camping, les plus proches\u00a0du circuit Bugatti du&hellip;\n","protected":false},"author":2,"featured_media":357479,"comment_status":"","ping_status":"","sticky":false,"template":"","format":"standard","meta":{"footnotes":""},"categories":[1413],"tags":[1011,27,1457,1456,60],"class_list":{"0":"post-357478","1":"post","2":"type-post","3":"status-publish","4":"format-standard","5":"has-post-thumbnail","7":"category-moto","8":"tag-fr","9":"tag-france","10":"tag-moto","11":"tag-motocycle","12":"tag-sports"},"share_on_mastodon":{"url":"https:\/\/pubeurope.com\/@fr\/115126673286568896","error":""},"_links":{"self":[{"href":"https:\/\/www.europesays.com\/fr\/wp-json\/wp\/v2\/posts\/357478","targetHints":{"allow":["GET"]}}],"collection":[{"href":"https:\/\/www.europesays.com\/fr\/wp-json\/wp\/v2\/posts"}],"about":[{"href":"https:\/\/www.europesays.com\/fr\/wp-json\/wp\/v2\/types\/post"}],"author":[{"embeddable":true,"href":"https:\/\/www.europesays.com\/fr\/wp-json\/wp\/v2\/users\/2"}],"replies":[{"embeddable":true,"href":"https:\/\/www.europesays.com\/fr\/wp-json\/wp\/v2\/comments?post=357478"}],"version-history":[{"count":0,"href":"https:\/\/www.europesays.com\/fr\/wp-json\/wp\/v2\/posts\/357478\/revisions"}],"wp:featuredmedia":[{"embeddable":true,"href":"https:\/\/www.europesays.com\/fr\/wp-json\/wp\/v2\/media\/357479"}],"wp:attachment":[{"href":"https:\/\/www.europesays.com\/fr\/wp-json\/wp\/v2\/media?parent=357478"}],"wp:term":[{"taxonomy":"category","embeddable":true,"href":"https:\/\/www.europesays.com\/fr\/wp-json\/wp\/v2\/categories?post=357478"},{"taxonomy":"post_tag","embeddable":true,"href":"https:\/\/www.europesays.com\/fr\/wp-json\/wp\/v2\/tags?post=357478"}],"curies":[{"name":"wp","href":"https:\/\/api.w.org\/{rel}","templated":true}]}}