{"id":357488,"date":"2025-09-01T02:30:28","date_gmt":"2025-09-01T02:30:28","guid":{"rendered":"https:\/\/www.europesays.com\/fr\/357488\/"},"modified":"2025-09-01T02:30:28","modified_gmt":"2025-09-01T02:30:28","slug":"pas-un-jour-sans-une-nuit-des-oeuvres-compactes-a-impact","status":"publish","type":"post","link":"https:\/\/www.europesays.com\/fr\/357488\/","title":{"rendered":"\u00ab\u00a0Pas un jour sans une nuit\u00a0\u00bb, des \u0153uvres compactes \u00e0 impact"},"content":{"rendered":"<p>Dans son exposition Pas un jour sans une nuit, pr\u00e9sent\u00e9e \u00e0 <a href=\"https:\/\/www.laprovence.com\/article\/region\/3517975066999914\/a-arles-la-bodega-les-andalouses-devoile-son-programme-pour-la-feria-du-riz-afin-de-valoriser-la-course-camarguaise\" target=\"_blank\" rel=\"noopener\">Croisi\u00e8re<\/a> dans le cadre des <a href=\"https:\/\/www.laprovence.com\/article\/region\/1331466436803814\/a-arles-nicolas-lutzius-parcourt-les-quatre-coins-du-monde-mais-expose-ses-cliches-au-bout-de-la-rue\" target=\"_blank\" rel=\"noopener\">Rencontres de la photographie d&rsquo;Arles<\/a>, Olivier Christinat superpose son travail de photographe avec une production d\u2019images innovantes. Du c\u00f4t\u00e9 de chez Swan de Proust, La Divine Com\u00e9die de Dante, \u2026 tous ces textes sont mis en images. Il suffit de remonter le fil de la r\u00e9flexion de l\u2019artiste pour comprendre comment il s\u2019y est pris.<\/p>\n<p>Selon Olivier Christinat, la beaut\u00e9 d\u2019un livre va au-del\u00e0 de la lecture et passe aussi par la mati\u00e8re, la typographie et les potentiels dessins que l\u2019on peut trouver \u00e0 l\u2019int\u00e9rieur. C\u2019est alors la premi\u00e8re fois que le photographe d\u00e9cide de ne pas utiliser son m\u00e9dium de pr\u00e9dilection pour r\u00e9aliser ces images. En utilisant l\u2019int\u00e9gralit\u00e9 des textes choisis et en supprimant toutes les mises \u00e0 la ligne du texte originel, l\u2019artiste cr\u00e9\u00e9 une image avec une typographie compacte, qui reste tout de m\u00eame d\u00e9chiffrable.<\/p>\n<p>Le r\u00e9el comme mati\u00e8re<\/p>\n<p>Ces images \u00e9tonnantes se confondent avec les photographies de foules, de paysages, de villes, de milieux urbains. Il est possible de laisser son imagination divaguer devant une des photographies repr\u00e9sentant des branchages. Telle un syst\u00e8me nerveux o&#8230;<\/p>\n","protected":false},"excerpt":{"rendered":"Dans son exposition Pas un jour sans une nuit, pr\u00e9sent\u00e9e \u00e0 Croisi\u00e8re dans le cadre des Rencontres de&hellip;\n","protected":false},"author":2,"featured_media":357489,"comment_status":"","ping_status":"","sticky":false,"template":"","format":"standard","meta":{"footnotes":""},"categories":[1358],"tags":[17,1348,1384,1385,46107,1386,58,59,1011,27,4432,5261,1756,16,10270,4561,96],"class_list":{"0":"post-357488","1":"post","2":"type-post","3":"status-publish","4":"format-standard","5":"has-post-thumbnail","7":"category-arts-et-design","8":"tag-17","9":"tag-arts","10":"tag-arts-and-design","11":"tag-arts-et-design","12":"tag-darles","13":"tag-design","14":"tag-divertissement","15":"tag-entertainment","16":"tag-fr","17":"tag-france","18":"tag-jour","19":"tag-pas","20":"tag-photographie","21":"tag-region","22":"tag-rencontres","23":"tag-sans","24":"tag-une"},"share_on_mastodon":{"url":"https:\/\/pubeurope.com\/@fr\/115126693077100719","error":""},"_links":{"self":[{"href":"https:\/\/www.europesays.com\/fr\/wp-json\/wp\/v2\/posts\/357488","targetHints":{"allow":["GET"]}}],"collection":[{"href":"https:\/\/www.europesays.com\/fr\/wp-json\/wp\/v2\/posts"}],"about":[{"href":"https:\/\/www.europesays.com\/fr\/wp-json\/wp\/v2\/types\/post"}],"author":[{"embeddable":true,"href":"https:\/\/www.europesays.com\/fr\/wp-json\/wp\/v2\/users\/2"}],"replies":[{"embeddable":true,"href":"https:\/\/www.europesays.com\/fr\/wp-json\/wp\/v2\/comments?post=357488"}],"version-history":[{"count":0,"href":"https:\/\/www.europesays.com\/fr\/wp-json\/wp\/v2\/posts\/357488\/revisions"}],"wp:featuredmedia":[{"embeddable":true,"href":"https:\/\/www.europesays.com\/fr\/wp-json\/wp\/v2\/media\/357489"}],"wp:attachment":[{"href":"https:\/\/www.europesays.com\/fr\/wp-json\/wp\/v2\/media?parent=357488"}],"wp:term":[{"taxonomy":"category","embeddable":true,"href":"https:\/\/www.europesays.com\/fr\/wp-json\/wp\/v2\/categories?post=357488"},{"taxonomy":"post_tag","embeddable":true,"href":"https:\/\/www.europesays.com\/fr\/wp-json\/wp\/v2\/tags?post=357488"}],"curies":[{"name":"wp","href":"https:\/\/api.w.org\/{rel}","templated":true}]}}