{"id":357492,"date":"2025-09-01T02:35:20","date_gmt":"2025-09-01T02:35:20","guid":{"rendered":"https:\/\/www.europesays.com\/fr\/357492\/"},"modified":"2025-09-01T02:35:20","modified_gmt":"2025-09-01T02:35:20","slug":"video-demain-nous-appartient-3-septembre-2025-les-moments-forts-samuel-en-plein-doute-nouveautes-tele-com","status":"publish","type":"post","link":"https:\/\/www.europesays.com\/fr\/357492\/","title":{"rendered":"VIDEO Demain nous appartient 3 septembre 2025 (les moments forts) : Samuel en plein doute &#8211; Nouveaut\u00e9s-T\u00e9l\u00e9.com"},"content":{"rendered":"<ol>\n<li><a href=\"https:\/\/news.google.com\/rss\/articles\/CBMixwFBVV95cUxQQWZXTmhUazFTSWFRd2paUEJCWlV2RnRlcTk4RXlFcEZEMVJZaTFqMGpMYnBKbXlUQUpibEV4bHBIM2lHYlEzNlVsY1ZSZmZmc0tDUE1wU1JHNVhQMzR5RmlhcHlLM1FDNmJyVTJOZU52b1RSV3FuVVA1cmJiUmhyU0haT3FHMXgtc29pcmI2aU9QcFZaMzhPa25DaWtRdVd6b3R3Wk5nY3FrQXltbTc4R2xzeUVLcktXdlZvcmUwaEozZEF5Zlpv?oc=5\" target=\"_blank\" rel=\"nofollow noopener\">VIDEO Demain nous appartient 3 septembre 2025 (les moments forts) : Samuel en plein doute<\/a>&nbsp;&nbsp;Nouveaut\u00e9s-T\u00e9l\u00e9.com<\/li>\n<li><a href=\"https:\/\/news.google.com\/rss\/articles\/CBMigwFBVV95cUxPS0k4YmtmbGg5Zmo5UUhVMjc5ZHh4d1BYYVRjOGNmS3VBcmY2bllmelFLSkpGNU9oUm5QUFJtQzZTSXZuTVNrai14VXM3MFdtTjVONGRYVUhjcXpweWFrSVF2YWYyQ3I0b1FZOGJ6c21qaHpPRGhVMGt1ckZUUWFpZDQ0QQ?oc=5\" target=\"_blank\" rel=\"nofollow noopener\">Demain nous appartient en avance : Samuel sous le choc&#8230; Ce qui vous attend la semaine du 1er au 5 septembre 2025 [SPOILERS]L<\/a>&nbsp;&nbsp;Yahoo Actualit\u00e9s<\/li>\n<li><a href=\"https:\/\/news.google.com\/rss\/articles\/CBMiygJBVV95cUxNb0tPZnJBd0FVeUxhVVBxaXhhZ0U2QXl1Y2x5X0l2X3Y4cjNwOHM0dGRGNUUyaTk5QTJ5SkRmYjZQV0psbU0xQmFDeHJ0dkVGYkI0R1VWcXd3RlgwUDRObEdvMnhFWThnUnZSTzdtU2VxdDFLS3RKcTdSUHBIb1JRVXlmQ2Faa050SDN2cUFwT015QnRBUTNCNDl2SW9wb2xuZlk5TlFzUW5iSnEyUF8wS3d0YTk1ajd5LUVMdnFEdkNZS1MzUENsQzkxdVFPUldBdGNfOE9qTXJhU285MkQ3SXJxbXRvOWdEM1d3a2xXbkZvWENOSWR3OVZhWDZnRTJKa2VwSUpUWFF6TW1jc3B1eDFvcW5ZWmlfRVo5NEp1R0l6VGJsajhwd0g0azNUS0Q0dk1iRlA2TlhVLW5icE5GOWtMak93QkE2Umc?oc=5\" target=\"_blank\" rel=\"nofollow noopener\">Demain nous appartient en avance : Bart couche avec la nouvelle proviseure du lyc\u00e9e, Ellie d\u00e9couvre le secret de Marianne&#8230; Le r\u00e9sum\u00e9 de l&rsquo;\u00e9pisode 2021 du lundi 1er septembre 2025<\/a>&nbsp;&nbsp;programme-tv.net<\/li>\n<li><a href=\"https:\/\/news.google.com\/rss\/articles\/CBMifkFVX3lxTE1vUmI2SzNzMGw1c25DWFc5VG5NZmt5WjQ4eGE3azZUQ0t6QUNnNnFZamlHYjktMHVLd2hDNi10UEZNMDVhMUVwd014U2h0LV9QME5mN0x2ejc4ZDZzWG84cG15V3UxMEFxVHlRNzNhQ1FWaWl1QzBJb0pTUGdlQQ?oc=5\" target=\"_blank\" rel=\"nofollow noopener\">Demain nous appartient : S\u00e9bastien est-il vraiment le p\u00e8re d\u2019Ellie ?<\/a>&nbsp;&nbsp;AlloCin\u00e9<\/li>\n<li><a href=\"https:\/\/news.google.com\/rss\/articles\/CBMipwFBVV95cUxNc1o2VXQ2NDdPVVlpMHRWN0hMRDMtb09WWHVBWndvQzkxM1JzUW82dVI3WEdfX3JJaXN2Z0JtYXJRcldnWF9XaFNtWHpLRnEzUDNHUkIxV1I1WDA2eS1UV2ZOcV9rTmg4c0JRbE1PUkFLeUl3Rk1mWHlFb2JNNkxTVERfeHRCNXpQYjJjY1NkWUNyNktnS0tXV2VrNmpSRjZaaklHekZmYw?oc=5\" target=\"_blank\" rel=\"nofollow noopener\">Demain nous appartient : on sait qui pourrait \u00eatre le p\u00e8re d&rsquo;Ellie<\/a>&nbsp;&nbsp;Diverto<\/li>\n<\/ol>\n","protected":false},"excerpt":{"rendered":"VIDEO Demain nous appartient 3 septembre 2025 (les moments forts) : Samuel en plein doute&nbsp;&nbsp;Nouveaut\u00e9s-T\u00e9l\u00e9.com Demain nous appartient&hellip;\n","protected":false},"author":2,"featured_media":357493,"comment_status":"","ping_status":"","sticky":false,"template":"","format":"standard","meta":{"footnotes":""},"categories":[1356],"tags":[58,59,1011,27,252,1364],"class_list":{"0":"post-357492","1":"post","2":"type-post","3":"status-publish","4":"format-standard","5":"has-post-thumbnail","7":"category-television","8":"tag-divertissement","9":"tag-entertainment","10":"tag-fr","11":"tag-france","12":"tag-television","13":"tag-tv"},"share_on_mastodon":{"url":"https:\/\/pubeurope.com\/@fr\/115126712644313639","error":""},"_links":{"self":[{"href":"https:\/\/www.europesays.com\/fr\/wp-json\/wp\/v2\/posts\/357492","targetHints":{"allow":["GET"]}}],"collection":[{"href":"https:\/\/www.europesays.com\/fr\/wp-json\/wp\/v2\/posts"}],"about":[{"href":"https:\/\/www.europesays.com\/fr\/wp-json\/wp\/v2\/types\/post"}],"author":[{"embeddable":true,"href":"https:\/\/www.europesays.com\/fr\/wp-json\/wp\/v2\/users\/2"}],"replies":[{"embeddable":true,"href":"https:\/\/www.europesays.com\/fr\/wp-json\/wp\/v2\/comments?post=357492"}],"version-history":[{"count":0,"href":"https:\/\/www.europesays.com\/fr\/wp-json\/wp\/v2\/posts\/357492\/revisions"}],"wp:featuredmedia":[{"embeddable":true,"href":"https:\/\/www.europesays.com\/fr\/wp-json\/wp\/v2\/media\/357493"}],"wp:attachment":[{"href":"https:\/\/www.europesays.com\/fr\/wp-json\/wp\/v2\/media?parent=357492"}],"wp:term":[{"taxonomy":"category","embeddable":true,"href":"https:\/\/www.europesays.com\/fr\/wp-json\/wp\/v2\/categories?post=357492"},{"taxonomy":"post_tag","embeddable":true,"href":"https:\/\/www.europesays.com\/fr\/wp-json\/wp\/v2\/tags?post=357492"}],"curies":[{"name":"wp","href":"https:\/\/api.w.org\/{rel}","templated":true}]}}