{"id":357496,"date":"2025-09-01T02:37:19","date_gmt":"2025-09-01T02:37:19","guid":{"rendered":"https:\/\/www.europesays.com\/fr\/357496\/"},"modified":"2025-09-01T02:37:19","modified_gmt":"2025-09-01T02:37:19","slug":"cinema-le-debarquement-en-normandie-revu-facon-grande-vadrouille-kev-adams-et-didier-bourdon-a-laffiche-tendanceouest-com","status":"publish","type":"post","link":"https:\/\/www.europesays.com\/fr\/357496\/","title":{"rendered":"Cin\u00e9ma. Le D\u00e9barquement en Normandie revu fa\u00e7on &quot;Grande Vadrouille&quot; : Kev Adams et Didier Bourdon \u00e0 l&#039;affiche &#8211; tendanceouest.com"},"content":{"rendered":"<ol>\n<li><a href=\"https:\/\/news.google.com\/rss\/articles\/CBMi5gFBVV95cUxQeWRZcXA1MGJOUUpWenlVdlo2RTNrNTlFZkVBLU9BbDBZamk5N3VwTDJjRVM4TWQ5SVBNUG5peWcxM0pIdGViUF9PYWN2cUdMNUpUX0ZQanhqSEtsYV85MmdMUkZtbDJReXQycExIdXpyOHJBZFhXejU5TTcxM0ZqcmhjV3lSd1M1c1RNaTJjR0pzUzc5cGVfTHBWVGFaa1FlS2gyZ2NZcDJjVU5YcDBIUGc0dzJjT3RzcGJ3NWc4Mlh2R2wwQkdaY3VzSkJEZGVjaS1DQmliaW5fb0NLLW9YbFNwS0F2UQ?oc=5\" target=\"_blank\" rel=\"nofollow noopener\">Cin\u00e9ma. Le D\u00e9barquement en Normandie revu fa\u00e7on \u00ab\u00a0Grande Vadrouille\u00a0\u00bb : Kev Adams et Didier Bourdon \u00e0 l&rsquo;affiche<\/a>&nbsp;&nbsp;tendanceouest.com<\/li>\n<li><a href=\"https:\/\/news.google.com\/rss\/articles\/CBMiygFBVV95cUxPYjk0b0NJR2Fta1VJQkNPWUJrTjdURmxwUThKUmdoNTRzWDh5ZkEwWmF2RDhldjIyVmg2WTUyU1h4ZFQ3MWQyV0ZOcFF3bHg4djVSU1hfaTFadFJENDVNdHhZa3JwM3l1X3J2WnJoeHdmb0V3S0I4bk1KYk5kR1dCYjlRdzJLT2c2UXJfeWNRT0czVkpsdWhCZFJsekJKYlpkdEJ6Vy1sOHBTYzJHT04xbm0zRWJabEp3Q2J1S3psb29IUnRCcmVzMi1B?oc=5\" target=\"_blank\" rel=\"nofollow noopener\">Cin\u00e9ma : Kev Adams au Mans pour l\u2019avant-premi\u00e8re de \u00ab Le jour J \u00bb<\/a>&nbsp;&nbsp;Ouest-France<\/li>\n<li><a href=\"https:\/\/news.google.com\/rss\/articles\/CBMi3gFBVV95cUxNV2d3NllnUDBpRHE1b1ZSMThTbkY0OE9HYjNVVnFmR2R2MkFmaHd3TFEtTW5iblhwMnFhVEcyNGhhZF9NWUdlQ0YxWnN0QTJvSHF0NkdVMlNkLVJjN0w3TjhmX1dwR0tKMEhnazdRTjM0U19DREZLV3hRbkJ1SUhYaWhRMk5WRU9oTmdkemlOYk52Zm45amV1NGNYSF8yZWdROW1nNDdMSXJCbDVfaHlwRWZKcHlIOGVKQ092VEJMT2l1SkVrTFhPeTlzd2Noam04RTk0X0VLQ2M0cnZ0NFE?oc=5\" target=\"_blank\" rel=\"nofollow noopener\">Rencontrez le com\u00e9dien Kev Adams au cin\u00e9ma de Montivilliers lors d&rsquo;une avant-premi\u00e8re<\/a>&nbsp;&nbsp;Actu.fr<\/li>\n<li><a href=\"https:\/\/news.google.com\/rss\/articles\/CBMitgFBVV95cUxPV3dTdFBFaS1oVlZITklCRjhqZmRJOHd2X2trc1BtZ09CbUJUekE1ZVdOcDdXWlpGMC1hVGQ1MU5EU0lBcmJmNHlTcG5hSUdXY051N3lDUWpxa0EyZXNlN0Q3TEpKRzZxdHVlaXUzOVE3emhTWEI4Q2hjcnhneTVERV9Xb0JVZERyd3hFc3RWbVNCUHZ3NDNPNVljVDNIOEhnZmJuSGxkUnpwZnVHZjZqZmRKcXE1Zw?oc=5\" target=\"_blank\" rel=\"nofollow noopener\">People. Kev Adams attendu \u00e0 Cherbourg pour son nouveau film Le Jour J<\/a>&nbsp;&nbsp;lamanchelibre.fr<\/li>\n<li><a href=\"https:\/\/news.google.com\/rss\/articles\/CBMiowJBVV95cUxOT19GT3BJdUpIUUc1RkpfRGV3RG51c2kwNG1BeEI1NUljQzBRWlYyN2JiUHdqbWJwVFFhME5YOXg3dXcxTnRQelpZTEZKS1gxRUlnVVhaZEc0M3FWYWpySnZxcjNiSlFVMWdUZEZNV2Z1NnpZTi0yRGo4anpWbFlyOFg3MlNxWUNjQTBFd3l6cjNuTHMwLWRWcDRyRUU3cTg1d01WNEh0eUlVWk95a0Z3ZWZrWEk1Z1RpQmx3b1k0MU9Sd0ltNHRibmdWcWNuUXVEa1hUcTRIUHBUOUhIZFdteXlOMUZ1QVQ0b0RfMUc3Vjk2bHNFbXprVEhMaHVvZ1I3S3F5NGVFVldQdW5QNE1PcHl0VFpKcUNlRmFIc3FvNE4xckE?oc=5\" target=\"_blank\" rel=\"nofollow noopener\">\u00ab Le Jour J \u00bb au Festival d\u2019Angoul\u00eame : Kev Adams, Jarry et Didier Bourdon dans une \u00ab Grande Vadrouille \u00bb tr\u00e8s potache<\/a>&nbsp;&nbsp;Le Parisien<\/li>\n<\/ol>\n","protected":false},"excerpt":{"rendered":"Cin\u00e9ma. Le D\u00e9barquement en Normandie revu fa\u00e7on \u00ab\u00a0Grande Vadrouille\u00a0\u00bb : Kev Adams et Didier Bourdon \u00e0 l&rsquo;affiche&nbsp;&nbsp;tendanceouest.com Cin\u00e9ma&hellip;\n","protected":false},"author":2,"featured_media":11408,"comment_status":"","ping_status":"","sticky":false,"template":"","format":"standard","meta":{"footnotes":""},"categories":[1354],"tags":[58,59,1346,1011,27,1360],"class_list":{"0":"post-357496","1":"post","2":"type-post","3":"status-publish","4":"format-standard","5":"has-post-thumbnail","7":"category-films","8":"tag-divertissement","9":"tag-entertainment","10":"tag-films","11":"tag-fr","12":"tag-france","13":"tag-movies"},"share_on_mastodon":{"url":"https:\/\/pubeurope.com\/@fr\/115126720632683412","error":""},"_links":{"self":[{"href":"https:\/\/www.europesays.com\/fr\/wp-json\/wp\/v2\/posts\/357496","targetHints":{"allow":["GET"]}}],"collection":[{"href":"https:\/\/www.europesays.com\/fr\/wp-json\/wp\/v2\/posts"}],"about":[{"href":"https:\/\/www.europesays.com\/fr\/wp-json\/wp\/v2\/types\/post"}],"author":[{"embeddable":true,"href":"https:\/\/www.europesays.com\/fr\/wp-json\/wp\/v2\/users\/2"}],"replies":[{"embeddable":true,"href":"https:\/\/www.europesays.com\/fr\/wp-json\/wp\/v2\/comments?post=357496"}],"version-history":[{"count":0,"href":"https:\/\/www.europesays.com\/fr\/wp-json\/wp\/v2\/posts\/357496\/revisions"}],"wp:featuredmedia":[{"embeddable":true,"href":"https:\/\/www.europesays.com\/fr\/wp-json\/wp\/v2\/media\/11408"}],"wp:attachment":[{"href":"https:\/\/www.europesays.com\/fr\/wp-json\/wp\/v2\/media?parent=357496"}],"wp:term":[{"taxonomy":"category","embeddable":true,"href":"https:\/\/www.europesays.com\/fr\/wp-json\/wp\/v2\/categories?post=357496"},{"taxonomy":"post_tag","embeddable":true,"href":"https:\/\/www.europesays.com\/fr\/wp-json\/wp\/v2\/tags?post=357496"}],"curies":[{"name":"wp","href":"https:\/\/api.w.org\/{rel}","templated":true}]}}