{"id":357497,"date":"2025-09-01T02:38:10","date_gmt":"2025-09-01T02:38:10","guid":{"rendered":"https:\/\/www.europesays.com\/fr\/357497\/"},"modified":"2025-09-01T02:38:10","modified_gmt":"2025-09-01T02:38:10","slug":"jai-envie-de-sensibiliser-les-gens-a-ce-sujet","status":"publish","type":"post","link":"https:\/\/www.europesays.com\/fr\/357497\/","title":{"rendered":"j&rsquo;ai envie de sensibiliser les gens \u00e0 ce sujet"},"content":{"rendered":"<p>Victime d\u2019un accident vasculaire c\u00e9r\u00e9bral en pleine vie active, un journaliste de France T\u00e9l\u00e9visions livre un t\u00e9moignage marquant. Entre changement de rythme, recul face au stress et envie de sensibiliser, il explique comment cet \u00e9pisode a transform\u00e9 son quotidien et renforc\u00e9 sa vision de la vie.<\/p>\n<p>Un <strong>accident <\/strong><a href=\"https:\/\/www.pleinevie.fr\/sante\/cholesterol-eleve-ces-signaux-discrets-qui-pourraient-cacher-un-risque-cardiovasculaire-grave-150938.html\" target=\"_blank\" rel=\"noopener nofollow\">cardiovasculaire<\/a> peut bouleverser une vie en quelques minutes. C\u2019est ce qui est arriv\u00e9 \u00e0 ce journaliste, pris de court par un AVC survenu en pleine soir\u00e9e. Gr\u00e2ce \u00e0 la r\u00e9activit\u00e9 de ses proches, il a pu \u00eatre secouru \u00e0 temps et amorcer une nouvelle \u00e9tape de son existence. Dans son t\u00e9moignage, il explique comment il a trouv\u00e9 un \u00e9quilibre diff\u00e9rent, en se pr\u00e9servant davantage et en faisant de la <strong>pr\u00e9vention<\/strong> un combat personnel.<\/p>\n<p>     Un quotidien r\u00e9organis\u00e9 apr\u00e8s l\u2019AVC   Repenser son rythme de vie au quotidien  <\/p>\n<p>Apr\u00e8s son AVC, Nathana\u00ebl de Rincquesen a d\u00fb r\u00e9ajuster son <strong>rythme de vie<\/strong> pour pr\u00e9server sa sant\u00e9. Il a choisi d\u2019abandonner certains horaires contraignants, comme les r\u00e9veils \u00e0 l\u2019aube pour T\u00e9l\u00e9matin, afin de retrouver un meilleur \u00e9quilibre. Son d\u00e9m\u00e9nagement en dehors de Paris a \u00e9galement contribu\u00e9 \u00e0 r\u00e9duire le <strong>stress<\/strong>, lui permettant de vivre dans un environnement plus apaisant. Ces choix personnels traduisent une volont\u00e9 claire de se m\u00e9nager sans pour autant renoncer \u00e0 sa carri\u00e8re. Bien qu\u2019il ne pense pas encore \u00e0 la retraite comme cette <a href=\"https:\/\/www.pleinevie.fr\/loisirs\/celebrites\/il-a-fait-chanter-toute-la-france-apres-deux-acv-cette-star-des-annees-80-prend-sa-retraite-168660.html\" target=\"_blank\" rel=\"noopener nofollow\">star des ann\u00e9es 80<\/a>, il pr\u00e9f\u00e8re r\u00e9duire son temps de travail par pr\u00e9caution.<\/p>\n<p>     Importance du soutien des proches  <\/p>\n<p>Dans son r\u00e9cit, le journaliste souligne le r\u00f4le essentiel du <strong>soutien familial<\/strong> et amical lors de cette \u00e9preuve. Pr\u00e9sents d\u00e8s les premiers signes, ses proches ont r\u00e9agi rapidement en appelant les secours, ce qui a permis une prise en charge efficace. Leur pr\u00e9sence continue l\u2019aide aujourd\u2019hui \u00e0 maintenir un bon \u00e9quilibre psychologique. Il insiste sur l\u2019importance d\u2019\u00eatre entour\u00e9, car cette <strong>solidarit\u00e9<\/strong> peut faire la diff\u00e9rence entre un r\u00e9tablissement serein et un isolement fragilisant.<\/p>\n<p>  R\u00e9duire le stress pour mieux avancer  <\/p>\n<p>Cet accident a permis \u00e0 de Rincquesen de prendre conscience de l\u2019impact du stress sur la sant\u00e9. En quittant la capitale pour une vie plus calme, il a retrouv\u00e9 une s\u00e9r\u00e9nit\u00e9 b\u00e9n\u00e9fique, souligne <a href=\"https:\/\/www.gala.fr\/l_actu\/news_de_stars\/nathanael-de-rincquesen-remis-dun-avc-sa-nouvelle-vie-5-ans-apres-ce-qui-maide-aussi_549657#:~:text=Au%20printemps%202019%2C%20le%20journaliste,apr%C3%A8s%20une%20partie%20de%20golf\" target=\"_blank\" rel=\"noopener nofollow\">Gala<\/a>. D\u00e9sormais, il privil\u00e9gie les moments simples, comme rentrer chez lui apr\u00e8s le travail et se ressourcer aupr\u00e8s de ses proches. Cette nouvelle approche t\u00e9moigne d\u2019une volont\u00e9 d\u2019accorder plus de place au <strong>bien-\u00eatre<\/strong>, en consid\u00e9rant que la <strong>r\u00e9ussite professionnelle<\/strong> ne doit pas se faire au d\u00e9triment de la sant\u00e9.<\/p>\n<p>     Une volont\u00e9 de sensibiliser \u00e0 l\u2019AVC   Profiter pleinement de la vie familiale  <\/p>\n<p>Depuis cet accident, il confie prendre davantage de plaisir dans sa <strong>vie de famille<\/strong>. Passer du temps avec ses enfants et son \u00e9pouse est devenu une priorit\u00e9. L\u2019\u00e9preuve l\u2019a conduit \u00e0 appr\u00e9cier chaque instant, en privil\u00e9giant la qualit\u00e9 des moments pass\u00e9s ensemble. Cette red\u00e9finition des priorit\u00e9s illustre combien une crise de sant\u00e9 peut transformer la perception du quotidien, renfor\u00e7ant le <strong>lien familial<\/strong> et l\u2019importance accord\u00e9e \u00e0 l\u2019\u00e9quilibre personnel.<\/p>\n<p>  Sensibiliser \u00e0 la gravit\u00e9 des AVC  <\/p>\n<p>Conscient de la gravit\u00e9 des accidents vasculaires, il souhaite d\u00e9sormais sensibiliser le public \u00e0 la <strong>pr\u00e9vention m\u00e9dicale<\/strong>. L\u2019histoire de l\u2019une de ses amies, d\u00e9c\u00e9d\u00e9e d\u2019un AVC faute d\u2019avoir b\u00e9n\u00e9fici\u00e9 d\u2019une prise en charge rapide, l\u2019a profond\u00e9ment marqu\u00e9. Il en tire une conviction : informer et alerter peut sauver des vies. \u00c0 travers son t\u00e9moignage, il rappelle que chaque minute compte et qu\u2019une <strong>r\u00e9action rapide<\/strong> est essentielle pour limiter les s\u00e9quelles. De m\u00eame, le risque d\u2019AVC est encore plus \u00e9lev\u00e9 lorsque le <a href=\"https:\/\/www.pleinevie.fr\/sante\/un-avc-est-si-vite-arrive-prenez-garde-a-ne-jamais-depasser-ce-taux-de-cholesterol-162422.html\" target=\"_blank\" rel=\"noopener nofollow\">taux de cholest\u00e9rol<\/a> d\u00e9passe un seuil pr\u00e9cis. Alors, tenez compte de ce param\u00e8tre pour \u00e9viter une crise.<\/p>\n<p>     Une le\u00e7on de r\u00e9silience et de transmission  <\/p>\n<p>Cet \u00e9pisode difficile lui a appris \u00e0 d\u00e9velopper une nouvelle forme de <strong>r\u00e9silience<\/strong>. Plut\u00f4t que de se laisser freiner, il en a fait une source de motivation et d\u2019inspiration. En parlant ouvertement de son parcours, il souhaite transmettre un message positif : il est possible de se reconstruire et de retrouver une vie pleine de sens. Sa d\u00e9marche de partage illustre combien la <strong>transmission<\/strong> d\u2019exp\u00e9rience peut aider d\u2019autres personnes confront\u00e9es \u00e0 la m\u00eame \u00e9preuve.<\/p>\n","protected":false},"excerpt":{"rendered":"Victime d\u2019un accident vasculaire c\u00e9r\u00e9bral en pleine vie active, un journaliste de France T\u00e9l\u00e9visions livre un t\u00e9moignage marquant.&hellip;\n","protected":false},"author":2,"featured_media":357498,"comment_status":"","ping_status":"","sticky":false,"template":"","format":"standard","meta":{"footnotes":""},"categories":[10],"tags":[1011,27,72,71],"class_list":{"0":"post-357497","1":"post","2":"type-post","3":"status-publish","4":"format-standard","5":"has-post-thumbnail","7":"category-sante","8":"tag-fr","9":"tag-france","10":"tag-health","11":"tag-sante"},"share_on_mastodon":{"url":"https:\/\/pubeurope.com\/@fr\/115126724502391920","error":""},"_links":{"self":[{"href":"https:\/\/www.europesays.com\/fr\/wp-json\/wp\/v2\/posts\/357497","targetHints":{"allow":["GET"]}}],"collection":[{"href":"https:\/\/www.europesays.com\/fr\/wp-json\/wp\/v2\/posts"}],"about":[{"href":"https:\/\/www.europesays.com\/fr\/wp-json\/wp\/v2\/types\/post"}],"author":[{"embeddable":true,"href":"https:\/\/www.europesays.com\/fr\/wp-json\/wp\/v2\/users\/2"}],"replies":[{"embeddable":true,"href":"https:\/\/www.europesays.com\/fr\/wp-json\/wp\/v2\/comments?post=357497"}],"version-history":[{"count":0,"href":"https:\/\/www.europesays.com\/fr\/wp-json\/wp\/v2\/posts\/357497\/revisions"}],"wp:featuredmedia":[{"embeddable":true,"href":"https:\/\/www.europesays.com\/fr\/wp-json\/wp\/v2\/media\/357498"}],"wp:attachment":[{"href":"https:\/\/www.europesays.com\/fr\/wp-json\/wp\/v2\/media?parent=357497"}],"wp:term":[{"taxonomy":"category","embeddable":true,"href":"https:\/\/www.europesays.com\/fr\/wp-json\/wp\/v2\/categories?post=357497"},{"taxonomy":"post_tag","embeddable":true,"href":"https:\/\/www.europesays.com\/fr\/wp-json\/wp\/v2\/tags?post=357497"}],"curies":[{"name":"wp","href":"https:\/\/api.w.org\/{rel}","templated":true}]}}