{"id":357505,"date":"2025-09-01T02:42:10","date_gmt":"2025-09-01T02:42:10","guid":{"rendered":"https:\/\/www.europesays.com\/fr\/357505\/"},"modified":"2025-09-01T02:42:10","modified_gmt":"2025-09-01T02:42:10","slug":"jean-luc-melenchon-vise-par-une-plainte-du-journaliste-de-radio-j-frederic-haziza","status":"publish","type":"post","link":"https:\/\/www.europesays.com\/fr\/357505\/","title":{"rendered":"Jean-Luc M\u00e9lenchon vis\u00e9 par une plainte du journaliste de Radio J Fr\u00e9d\u00e9ric Haziza"},"content":{"rendered":"<p>        <img decoding=\"async\" loading=\"lazy\" src=\"https:\/\/www.europesays.com\/fr\/wp-content\/uploads\/2025\/08\/9db1a29_upload-1-skzveile7q8x-000-44pu4cq.jpg\"  width=\"728\" height=\"409\" alt=\"Fr\u00e9d\u00e9ric Haziza, journaliste \u00e0 Radio J, a indiqu\u00e9 ce dimanche 31\u00a0ao\u00fbt avoir port\u00e9 plainte contre le leader de La France insoumise. (Photo de Jean-Luc M\u00e9lenchon prise en mai 2025).\"\/>  <\/p>\n<p>LEO VIGNAL \/ AFP<\/p>\n<p>Fr\u00e9d\u00e9ric Haziza, journaliste \u00e0 Radio J, a indiqu\u00e9 ce dimanche 31\u00a0ao\u00fbt avoir port\u00e9 plainte contre le leader de La France insoumise. (Photo de Jean-Luc M\u00e9lenchon prise en mai 2025).<\/p>\n<p class=\"asset asset-text\">POLITIQUE &#8211; Une pol\u00e9mique de plus apr\u00e8s l\u2019exclusion d\u2019un<a href=\"https:\/\/www.huffingtonpost.fr\/politique\/article\/la-france-insoumise-interdit-l-acces-de-sa-rentree-politique-a-ce-journaliste-du-monde_253855.html\" target=\"_blank\" rel=\"noopener\"> journaliste du Monde<\/a>. Fr\u00e9d\u00e9ric Haziza, journaliste \u00e0 Radio J, une des radios de la communaut\u00e9 juive, a indiqu\u00e9 ce dimanche 31\u00a0ao\u00fbt avoir port\u00e9 plainte contre le leader de La France insoumise (LFI), <a href=\"https:\/\/www.huffingtonpost.fr\/politique\/article\/jean-luc-melenchon-salue-la-dignite-de-francois-bayrou-et-annonce-vouloir-destituer-emmanuel-macron_253996.html\" target=\"_blank\" rel=\"noopener\">Jean-Luc\u00a0M\u00e9lenchon<\/a>, qui l\u2019avait mis en cause lors des universit\u00e9s d\u2019\u00e9t\u00e9 du parti.<\/p>\n<p class=\"asset asset-text\">Le journaliste, qui pr\u00e9sente chaque week-end depuis 38 ans sur Radio J des interviews de personnalit\u00e9s politiques, a d\u00e9pos\u00e9 une plainte cette semaine pour \u00ab\u00a0doxing\u00a0\u00bb. Une pratique punie\u00a0<a href=\"https:\/\/www.legifrance.gouv.fr\/codes\/article_lc\/LEGIARTI000043974282\" target=\"_blank\" rel=\"noopener\" title=\"Nouvelle fen\u00eatre\">par une loi de 2024<\/a>\u00a0consistant \u00e0 d\u00e9voiler des informations priv\u00e9es, ce qui fait courir un risque \u00e0 la personne, selon la copie consult\u00e9e par l\u2019AFP. LFI n\u2019a pas r\u00e9agi \u00e0 ce stade.<\/p>\n<p class=\"asset asset-text\">Au cours d\u2019un discours, prononc\u00e9 dans la Dr\u00f4me le 22 ao\u00fbt, le leader de LFI s\u2019en \u00e9tait pris nomm\u00e9ment \u00e0 Fr\u00e9d\u00e9ric Haziza qu\u2019il avait accus\u00e9 d\u2019interroger \u00ab\u00a0toutes les personnes qui passent en disant \u201cpas vrai que\u00a0M\u00e9lenchon\u00a0est antis\u00e9mite\u00a0?\u201d\u00bb. \u00ab\u00a0Et vous avez en face des gens mourant de peur de je ne sais quelle inquisition qui se mettent \u00e0 dire \u201coui, oui\u201d\u00a0\u00bb, avait-il ajout\u00e9.<\/p>\n<p>    \u00ab\u00a0Une cible dans le dos de Fr\u00e9d\u00e9ric Haziza\u00a0\u00bb    <\/p>\n<p class=\"asset asset-text\">Radio J avait condamn\u00e9 \u00ab\u00a0fermement\u00a0\u00bb des \u00ab\u00a0mises en cause inacceptables\u00a0\u00bb de son journaliste. \u00ab\u00a0En le nommant publiquement, dans le contexte des attaques antis\u00e9mites qui se multiplient en France, Jean-Luc\u00a0M\u00e9lenchon\u00a0met intentionnellement une cible dans le dos de Fr\u00e9d\u00e9ric Haziza et de Radio J\u00a0\u00bb, avait estim\u00e9 la radio dans un communiqu\u00e9. Fr\u00e9d\u00e9ric Haziza, <a href=\"https:\/\/www.lemonde.fr\/actualite-medias\/article\/2018\/07\/14\/le-journaliste-de-lcp-frederic-haziza-accuse-d-agression-sexuelle-a-eu-un-rappel-a-la-loi_5331403_3236.html\" target=\"_blank\" rel=\"noopener\" title=\"Nouvelle fen\u00eatre\">qui avait \u00e9cop\u00e9 d\u2019un rappel \u00e0 la loi en 2018\u00a0<\/a>\u00e0 la suite d\u2019une plainte pour agression sexuelle, n\u2019a pas communiqu\u00e9 de lui-m\u00eame.<\/p>\n<p class=\"asset asset-text\">Radio J avait d\u00e9j\u00e0 protest\u00e9 en juin apr\u00e8s une pr\u00e9c\u00e9dente mise en cause de Fr\u00e9d\u00e9ric Haziza par Jean-Luc\u00a0M\u00e9lenchon. Dans un de ses meetings, celui-ci l\u2019avait accus\u00e9 de propager \u00e0 l\u2019Assembl\u00e9e nationale les \u00ab\u00a0arguments de l\u2019ambassade\u00a0\u00bb d\u2019Isra\u00ebl et avait affirm\u00e9 sans plus de pr\u00e9cisions qu\u2019il b\u00e9n\u00e9ficiait d\u2019\u00ab\u00a0un soutien inconditionnel\u00a0\u00bb.<\/p>\n<p class=\"asset asset-text\">Les universit\u00e9s d\u2019\u00e9t\u00e9 de LFI ont \u00e9t\u00e9 marqu\u00e9es par les vives protestations des m\u00e9dias et des reporters sur place apr\u00e8s le refus oppos\u00e9 par le mouvement de gauche radicale \u00e0 la demande d\u2019accr\u00e9ditation d\u2019un journaliste du Monde. Celui-ci, Oliver P\u00e9rou, a co-\u00e9crit un livre, La Meute (Flammarion), tr\u00e8s critique du fonctionnement de LFI.<\/p>\n","protected":false},"excerpt":{"rendered":"LEO VIGNAL \/ AFP Fr\u00e9d\u00e9ric Haziza, journaliste \u00e0 Radio J, a indiqu\u00e9 ce dimanche 31\u00a0ao\u00fbt avoir port\u00e9 plainte&hellip;\n","protected":false},"author":2,"featured_media":334752,"comment_status":"","ping_status":"","sticky":false,"template":"","format":"standard","meta":{"footnotes":""},"categories":[6],"tags":[35,33,34,1011,27,3081,2957,1023,316],"class_list":{"0":"post-357505","1":"post","2":"type-post","3":"status-publish","4":"format-standard","5":"has-post-thumbnail","7":"category-economie","8":"tag-business","9":"tag-economie","10":"tag-economy","11":"tag-fr","12":"tag-france","13":"tag-jean-luc-melenchon","14":"tag-journaliste","15":"tag-la-france-insoumise-lfi","16":"tag-politique"},"share_on_mastodon":{"url":"https:\/\/pubeurope.com\/@fr\/115126740435567224","error":""},"_links":{"self":[{"href":"https:\/\/www.europesays.com\/fr\/wp-json\/wp\/v2\/posts\/357505","targetHints":{"allow":["GET"]}}],"collection":[{"href":"https:\/\/www.europesays.com\/fr\/wp-json\/wp\/v2\/posts"}],"about":[{"href":"https:\/\/www.europesays.com\/fr\/wp-json\/wp\/v2\/types\/post"}],"author":[{"embeddable":true,"href":"https:\/\/www.europesays.com\/fr\/wp-json\/wp\/v2\/users\/2"}],"replies":[{"embeddable":true,"href":"https:\/\/www.europesays.com\/fr\/wp-json\/wp\/v2\/comments?post=357505"}],"version-history":[{"count":0,"href":"https:\/\/www.europesays.com\/fr\/wp-json\/wp\/v2\/posts\/357505\/revisions"}],"wp:featuredmedia":[{"embeddable":true,"href":"https:\/\/www.europesays.com\/fr\/wp-json\/wp\/v2\/media\/334752"}],"wp:attachment":[{"href":"https:\/\/www.europesays.com\/fr\/wp-json\/wp\/v2\/media?parent=357505"}],"wp:term":[{"taxonomy":"category","embeddable":true,"href":"https:\/\/www.europesays.com\/fr\/wp-json\/wp\/v2\/categories?post=357505"},{"taxonomy":"post_tag","embeddable":true,"href":"https:\/\/www.europesays.com\/fr\/wp-json\/wp\/v2\/tags?post=357505"}],"curies":[{"name":"wp","href":"https:\/\/api.w.org\/{rel}","templated":true}]}}