{"id":357506,"date":"2025-09-01T02:43:16","date_gmt":"2025-09-01T02:43:16","guid":{"rendered":"https:\/\/www.europesays.com\/fr\/357506\/"},"modified":"2025-09-01T02:43:16","modified_gmt":"2025-09-01T02:43:16","slug":"le-palais-a-15-millions-deuros-de-la-famille-de-viktor-orban-cible-par-des-accusations-de-corruption","status":"publish","type":"post","link":"https:\/\/www.europesays.com\/fr\/357506\/","title":{"rendered":"Le palais \u00e0 15\u00a0millions d\u2019euros de la famille de Viktor Orb\u00e1n cibl\u00e9 par des accusations de corruption"},"content":{"rendered":"<p>Viktor Orb\u00e1n dans la tourmente. Une vid\u00e9o d\u2019un \u00ab\u00a0palais\u00a0\u00bb appartenant au p\u00e8re du Premier ministre hongrois, post\u00e9e par un d\u00e9put\u00e9 ind\u00e9pendant connu pour son combat contre la corruption, fait le buzz en Hongrie.<\/p>\n<p>Elle a d\u00e9pass\u00e9 les 700.000 vues sur <a href=\"https:\/\/www.20minutes.fr\/high-tech\/facebook\/\" class=\"c-link c-link--is-underlined\" target=\"_blank\" rel=\"noopener\">Facebook<\/a>. On y voit un jardin particuli\u00e8rement soign\u00e9, deux piscines ou encore une immense salle \u00e0 manger. Clairement \u00ab\u00a0une propri\u00e9t\u00e9 de luxe\u00a0\u00bb selon le d\u00e9put\u00e9 Akos Hadhazy, et non d\u2019une humble ferme comme le pr\u00e9tend son propri\u00e9taire.<\/p>\n<p>Hadhazy a tourn\u00e9 ces images la semaine derni\u00e8re, apr\u00e8s s\u2019\u00eatre invit\u00e9 sur place. Elles suscitent la pol\u00e9mique sur la possible utilisation de l\u2019argent des contribuables. Le ministre des Affaires \u00e9trang\u00e8res Peter Szijjarto a tent\u00e9 de faire diversion en accusant le d\u00e9put\u00e9 ind\u00e9pendant de s\u2019\u00eatre introduit sur les lieux sans autorisation.<\/p>\n<\/p>\n<p>Un mini Versailles<\/p>\n<p>Le domaine s\u2019\u00e9tale sur 6.000 m2 et comporte aussi une biblioth\u00e8que, une salle des f\u00eates et un parking souterrain. \u00ab\u00a0C\u2019est un mini <a href=\"https:\/\/www.20minutes.fr\/dossier\/versailles\" class=\"c-link c-link--is-underlined\" target=\"_blank\" rel=\"noopener\">Versailles<\/a> \u00e0 la campagne\u00a0\u00bb, disait le d\u00e9put\u00e9 Akos Hadhazy sur France 2 en\u00a02024. Estimation\u00a0: 15\u00a0millions d\u2019euros.<\/p>\n<p>Ces derni\u00e8res ann\u00e9es, de nombreux articles de presse ont sugg\u00e9r\u00e9 que Viktor Orb\u00e1n utilisait ce manoir dit d\u2019Hatvanpuszta comme lieu de retraite priv\u00e9. Le \u00ab\u00a0palais\u00a0\u00bb se situe pr\u00e8s de sa ville natale de Felcsut, \u00e0 environ 34 kilom\u00e8tres \u00e0 l\u2019ouest de <a href=\"https:\/\/www.20minutes.fr\/dossier\/budapest\" class=\"c-link c-link--is-underlined\" target=\"_blank\" rel=\"noopener\">Budapest<\/a>.<\/p>\n<p>Mais le leader ultraconservateur nie \u00eatre le propri\u00e9taire du ch\u00e2teau, qui a fait beaucoup parler de lui ces derni\u00e8res semaines. Son p\u00e8re, Gyozo, \u00e2g\u00e9 de 84 ans, a r\u00e9cemment confi\u00e9 au tablo\u00efd progouvernemental Bors avoir achet\u00e9 Hatvanpuszta en\u00a02011 pour reconstituer une ferme mod\u00e8le, \u00e9tablie \u00e0 cet endroit par un archiduc des Habsbourg au XIXe\u00a0si\u00e8cle.<\/p>\n<p>Une corruption galopante<\/p>\n<p>Le succ\u00e8s viral de ces images intervient dans un contexte de frustration g\u00e9n\u00e9ralis\u00e9e face \u00e0 la corruption en <a href=\"https:\/\/www.20minutes.fr\/dossier\/hongrie\" class=\"c-link c-link--is-underlined\" target=\"_blank\" rel=\"noopener\">Hongrie<\/a>. L\u2019entourage de Viktor Orb\u00e1n est soup\u00e7onn\u00e9 de s\u2019\u00eatre enrichi de mani\u00e8re spectaculaire gr\u00e2ce \u00e0 des appels d\u2019offres publics.<\/p>\n<p>Les soup\u00e7ons de corruption dans les march\u00e9s publics ont justement conduit l\u2019UE \u00e0 geler 19\u00a0milliards d\u2019euros de fonds destin\u00e9s \u00e0 la Hongrie. Depuis le retour au pouvoir de Viktor Orb\u00e1n en\u00a02010, le pays a r\u00e9trograd\u00e9 de la 50e \u00e0 la 82e place dans le classement de l\u2019<a href=\"https:\/\/www.20minutes.fr\/dossier\/ong\" class=\"c-link c-link--is-underlined\" target=\"_blank\" rel=\"noopener\">ONG<\/a> Transparency International sur la <a href=\"https:\/\/www.20minutes.fr\/dossier\/corruption\" class=\"c-link c-link--is-underlined\" target=\"_blank\" rel=\"noopener\">corruption<\/a>, arrivant derni\u00e8re parmi les membres de l\u2019UE en\u00a02024.<\/p>\n","protected":false},"excerpt":{"rendered":"Viktor Orb\u00e1n dans la tourmente. Une vid\u00e9o d\u2019un \u00ab\u00a0palais\u00a0\u00bb appartenant au p\u00e8re du Premier ministre hongrois, post\u00e9e par&hellip;\n","protected":false},"author":2,"featured_media":357507,"comment_status":"","ping_status":"","sticky":false,"template":"","format":"standard","meta":{"footnotes":""},"categories":[5],"tags":[47,11,1770,1011,27,804,14,74,12,7247,28],"class_list":{"0":"post-357506","1":"post","2":"type-post","3":"status-publish","4":"format-standard","5":"has-post-thumbnail","7":"category-international","8":"tag-actualite","9":"tag-actualites","10":"tag-corruption","11":"tag-fr","12":"tag-france","13":"tag-hongrie","14":"tag-international","15":"tag-monde","16":"tag-news","17":"tag-viktor-orban","18":"tag-world"},"share_on_mastodon":{"url":"https:\/\/pubeurope.com\/@fr\/115126744181148890","error":""},"_links":{"self":[{"href":"https:\/\/www.europesays.com\/fr\/wp-json\/wp\/v2\/posts\/357506","targetHints":{"allow":["GET"]}}],"collection":[{"href":"https:\/\/www.europesays.com\/fr\/wp-json\/wp\/v2\/posts"}],"about":[{"href":"https:\/\/www.europesays.com\/fr\/wp-json\/wp\/v2\/types\/post"}],"author":[{"embeddable":true,"href":"https:\/\/www.europesays.com\/fr\/wp-json\/wp\/v2\/users\/2"}],"replies":[{"embeddable":true,"href":"https:\/\/www.europesays.com\/fr\/wp-json\/wp\/v2\/comments?post=357506"}],"version-history":[{"count":0,"href":"https:\/\/www.europesays.com\/fr\/wp-json\/wp\/v2\/posts\/357506\/revisions"}],"wp:featuredmedia":[{"embeddable":true,"href":"https:\/\/www.europesays.com\/fr\/wp-json\/wp\/v2\/media\/357507"}],"wp:attachment":[{"href":"https:\/\/www.europesays.com\/fr\/wp-json\/wp\/v2\/media?parent=357506"}],"wp:term":[{"taxonomy":"category","embeddable":true,"href":"https:\/\/www.europesays.com\/fr\/wp-json\/wp\/v2\/categories?post=357506"},{"taxonomy":"post_tag","embeddable":true,"href":"https:\/\/www.europesays.com\/fr\/wp-json\/wp\/v2\/tags?post=357506"}],"curies":[{"name":"wp","href":"https:\/\/api.w.org\/{rel}","templated":true}]}}