{"id":357508,"date":"2025-09-01T02:44:12","date_gmt":"2025-09-01T02:44:12","guid":{"rendered":"https:\/\/www.europesays.com\/fr\/357508\/"},"modified":"2025-09-01T02:44:12","modified_gmt":"2025-09-01T02:44:12","slug":"jours-feries-boomers-et-contre-budget-du-ps-ce-quil-faut-retenir-de-linterview-de-francois-bayrou","status":"publish","type":"post","link":"https:\/\/www.europesays.com\/fr\/357508\/","title":{"rendered":"Jours f\u00e9ri\u00e9s, \u00ab\u00a0boomers\u00a0\u00bb et contre-budget du PS&#8230; Ce qu&rsquo;il faut retenir de l&rsquo;interview de Fran\u00e7ois Bayrou"},"content":{"rendered":"<p class=\"article-p mdl\">Encore et toujours de la p\u00e9dagogie. C&rsquo;est dans cet \u00e9tat d&rsquo;esprit que Fran\u00e7ois Bayrou a pr\u00e9sent\u00e9 son constat visant \u00e0 \u00e9conomiser pr\u00e8s de 44 milliards d&rsquo;euros. Interrog\u00e9 ce dimanche 31 ao\u00fbt par BFMTV, CNews, Franceinfo et LCI, le Premier ministre a tent\u00e9 de convaincre les Fran\u00e7ais de la n\u00e9cessit\u00e9 de trouver des compromis, voyant que les possibilit\u00e9s s&rsquo;amenuisent du c\u00f4t\u00e9 des oppositions.<\/p>\n<p class=\"article-p mdl\">Ainsi, le chef du gouvernement a mis en garde face au destin qui guette la France. \u00ab\u00a0Si le gouvernement tombe (&#8230;) \u00e7a veut dire qu&rsquo;on changera de politique\u00a0\u00bb, a assur\u00e9 Fran\u00e7ois Bayrou. \u00ab\u00a0On abandonnerait la politique pour moi vitale pour le pays\u00a0\u00bb pour une \u00ab\u00a0autre\u00a0\u00bb politique \u00ab\u00a0plus laxiste\u00a0\u00bb, \u00ab\u00a0plus \u00e0 la d\u00e9rive\u00a0\u00bb, a-t-il ajout\u00e9.\u00a0<\/p>\n<p class=\"article-p mdl\">\u00c0 travers ses propos, <strong>le Premier ministre vise la gauche<\/strong> et notamment le Parti socialiste qui appelle Emmanuel Macron \u00e0 nommer un locataire \u00e0 Matignon issu de leurs rangs.\u00a0<\/p>\n<p>            Le 8 septembre se joue \u00ab\u00a0le destin de la France\u00a0\u00bb<\/p>\n<p class=\"article-p mdl\">Fran\u00e7ois Bayrou a estim\u00e9 lors de son entretien accord\u00e9 aux quatre cha\u00eenes d&rsquo;information en continu, que la \u00ab\u00a0question\u00a0\u00bb en jeu lors du<strong>\u00a0<a class=\"link\" href=\"https:\/\/www.rtl.fr\/actu\/politique\/budget-2026-pourquoi-francois-bayrou-a-choisi-de-recourir-au-vote-de-confiance-7900533464\" title=\"Budget 2026 : pourquoi Fran\u00e7ois Bayrou a choisi de recourir au vote de confiance\" target=\"_blank\" rel=\"noopener\">vote de confiance<\/a>\u00a0du 8 septembre<\/strong> n&rsquo;\u00e9tait pas \u00ab\u00a0le destin du Premier ministre\u00a0\u00bb mais celle du \u00ab\u00a0destin de la France\u00a0\u00bb.<\/p>\n<p class=\"article-p mdl\">\u00ab\u00a0S&rsquo;il n&rsquo;y a pas cet accord minimal, cette entente sur le diagnostic, alors la situation est pr\u00e9sent\u00e9e comme \u00e9tant le pouvoir contre les Fran\u00e7ais, le haut contre le bas (&#8230;) Vous \u00eates oblig\u00e9s de battre en retraite sur chacune des mesures\u00a0\u00bb, a-t-il argument\u00e9. <\/p>\n<p>            La suppression de deux jours f\u00e9ri\u00e9s est une mesure \u00ab\u00a0amendable\u00a0\u00bb<\/p>\n<p class=\"article-p mdl\">Parmi toutes les propositions formul\u00e9es dans le budget 2026, une mesure a \u00e9t\u00e9 particuli\u00e8rement comment\u00e9e. Fran\u00e7ois Bayrou souhaite la suppression de deux jours f\u00e9ri\u00e9s pour les salari\u00e9s, ce qui permettrait d&rsquo;\u00e9conomiser, selon les projections, <strong>4 milliards d&rsquo;euros.<\/strong><\/p>\n<p class=\"article-p mdl\">D\u00e9clenchant la col\u00e8re des oppositions, le Premier ministre a r\u00e9it\u00e9r\u00e9 que <strong>cette mesure\u00a0<\/strong><a class=\"link\" href=\"https:\/\/www.rtl.fr\/actu\/politique\/suppression-de-deux-jours-feries-cette-mesure-est-discutable-affirme-francois-bayrou-7900535885\" title=\"Suppression de deux jours f\u00e9ri\u00e9s : &quot;Cette mesure est discutable&quot;, affirme\u00a0Fran\u00e7ois\u00a0Bayrou\" target=\"_blank\" rel=\"noopener\"><strong>est \u00ab\u00a0tout \u00e0 fait discutable\u00a0\u00bb.<\/strong><\/a><strong>\u00a0<\/strong>\u00ab\u00a0C&rsquo;est amendable\u00a0\u00bb, a-t-il ajout\u00e9 face aux journalistes.\u00a0Mais jusqu&rsquo;o\u00f9 ? \u00ab\u00a0Cela pourrait \u00eatre 1 (jour, ndlr), sans difficult\u00e9\u00a0\u00bb, a-t-il estim\u00e9.<\/p>\n<p class=\"article-p mdl\">Cependant, il a continu\u00e9 \u00e0 d\u00e9fendre cette proposition. \u00ab\u00a0Ce ne sont pas deux jours de travail en plus. C&rsquo;est de la richesse pour le pays\u00a0\u00bb, a-t-il lanc\u00e9.\u00a0<\/p>\n<p>            \u00ab\u00a0R\u00e9veiller les ain\u00e9s\u00a0\u00bb<\/p>\n<p class=\"article-p mdl\">Lanc\u00e9 dans un marathon m\u00e9diatique depuis l&rsquo;annonce du recours au vote de confiance,\u00a0<a class=\"link\" href=\"https:\/\/www.rtl.fr\/actu\/economie-consommation\/francois-bayrou-tance-les-boomers-les-retraites-sont-ils-vraiment-mieux-lotis-7900534780\" title=\"Fran\u00e7ois Bayrou tance &quot;les boomers&quot; : les retrait\u00e9s sont-ils vraiment mieux lotis ?\" target=\"_blank\" rel=\"noopener\">Fran\u00e7ois Bayrou a \u00e9t\u00e9 interrog\u00e9 sur ses propos sur les boomers<\/a>. Au JT de TF1, le Premier ministre avait indiqu\u00e9 :\u00a0\u00ab\u00a0Les premi\u00e8res victimes, ce sont les plus jeunes des Fran\u00e7ais. Ce sont eux qui devront payer la dette, a-t-il d\u00e9clar\u00e9. On a r\u00e9ussi \u00e0 leur faire croire qu&rsquo;il fallait encore l&rsquo;augmenter. Tout \u00e7a pour le confort de certains partis politiques et\u00a0pour le confort des &lsquo;boomers&rsquo; qui, de ce point de vue-l\u00e0, consid\u00e8rent que, ma foi, tout va tr\u00e8s bie<strong>n\u00a0\u00bb.<\/strong><\/p>\n<p>Trois jours plus tard, le Premier ministre est revenu sur ses propos. \u00ab\u00a0Je n&rsquo;ai jamais dit qu&rsquo;il fallait cibler les boomers dont je suis (&#8230;) <strong>J&rsquo;ai dit que cette g\u00e9n\u00e9ration-l\u00e0 devrait \u00eatre avec moi pour faire baisser la dette des plus jeunes<\/strong>\u00ab\u00a0, a-t-il justifi\u00e9, en ajoutant qu&rsquo;il souhaite \u00ab\u00a0r\u00e9veiller les ain\u00e9s\u00a0\u00bb.<\/p>\n<p>Selon\u00a0<a class=\"link\" href=\"https:\/\/www.rtl.fr\/actu\/politique\/sondage-rtl-budget-les-francais-veulent-mettre-a-contribution-les-plus-fortunes-pas-les-retraites-7900534958\" title=\"SONDAGE RTL - Budget : les Fran\u00e7ais veulent mettre \u00e0 contribution les plus fortun\u00e9s, pas les retrait\u00e9s\" target=\"_blank\" rel=\"noopener\">un sondage Ipsos-BVA pour RTL<\/a>, en partenariat avec CESI Ecole d\u2019ing\u00e9nieurs,\u00a0une majorit\u00e9 de Fran\u00e7ais estime que les efforts doivent venir en priorit\u00e9 des foyers les plus fortun\u00e9s (57%) et des grandes entreprises (46%).\u00a0<\/p>\n<p>    Le PS \u00ab\u00a0propose de laisser repartir la d\u00e9pense\u00a0\u00bb<\/p>\n<p class=\"article-p mdl\"><strong>Cherchant le \u00ab\u00a0trou de fourmi\u00a0\u00bb &#8211; et non plus le \u00ab\u00a0trou de souris\u00a0\u00bb<\/strong> montrant \u00e0 la r\u00e9duction de ses chances pour se maintenir \u00e0 Matignon &#8211; Fran\u00e7ois Bayrou a indiqu\u00e9 \u00e0 plusieurs reprises vouloir n\u00e9gocier. D&rsquo;ailleurs, d\u00e8s le lundi 1er septembre, le Premier ministre compte recevoir les forces politiques \u00e0 Matignon.<\/p>\n<p>Cependant, il s&rsquo;est montr\u00e9 <strong>tr\u00e8s critique envers le projet de \u00ab\u00a0contre budget\u00a0\u00bb fait par le Parti socialiste. <\/strong>\u00ab\u00a0Le PS propose de laisser repartir la d\u00e9pense\u00a0\u00bb, a-t-il fustig\u00e9. \u00ab\u00a0Je suis persuad\u00e9 qu&rsquo;ils n&rsquo;ont pas tr\u00e8s bien r\u00e9fl\u00e9chi\u00a0\u00bb ou qu&rsquo;ils pensent dans \u00ab\u00a0leur for int\u00e9rieur que ce n&rsquo;est pas possible\u00a0\u00bb, a-t-il poursuivi, tout en assurant \u00ab\u00a0tendre la main \u00e0 tout le monde\u00a0\u00bb.<br \/>Fran\u00e7ois Bayrou n&rsquo;a pas seulement critiqu\u00e9 la position du Parti socialiste. Il a aussi vis\u00e9 la France insoumise et nommer Jean-Luc M\u00e9lenchon. \u00ab\u00a0Il y a des forces politiques en France qui veulent le chaos\u00a0\u00bb, a-t-il d\u00e9nonc\u00e9.\u00a0<\/p>\n<p>    Le front r\u00e9publicain \u00ab\u00a0n&rsquo;aura pas lieu\u00a0\u00bb en cas de l\u00e9gislatives anticip\u00e9es<\/p>\n<p class=\"article-p mdl\">Se dirige-t-on vers une dissolution si le gouvernement Bayrou n&rsquo;obtient pas la confiance des d\u00e9put\u00e9s ? \u00ab\u00a0La dissolution, on l&rsquo;a v\u00e9cue, a r\u00e9pondu Fran\u00e7ois Bayrou aux journalistes. On ne peut pas dire qu&rsquo;elle ait \u00e9t\u00e9 une clarification magnifique. Comme on n&rsquo;a pas chang\u00e9 le mode de scrutin (&#8230;) vous avez beau dissoudre, vous allez retrouver les m\u00eames divisions, les m\u00eames difficult\u00e9s\u00a0\u00bb, a-t-il indiqu\u00e9.\u00a0<\/p>\n<p>Interrog\u00e9 sur <strong>l&rsquo;efficacit\u00e9 d&rsquo;un front r\u00e9publicain en cas de l\u00e9gislatives anticip\u00e9es,<\/strong> le chef du gouvernement a pr\u00e9dit qu&rsquo;il \u00ab\u00a0n&rsquo;aura pas lieu\u00a0\u00bb. Pourquoi ? \u00ab\u00a0Cette semaine, aux universit\u00e9s d&rsquo;\u00e9t\u00e9 de LFI, ce qui \u00e9tait chant\u00e9 en ch\u0153ur, c&rsquo;\u00e9tait : &lsquo;Tout le monde d\u00e9teste le PS&rsquo;. Olivier Faure (&#8230;) imagine un gouvernement sans LFI \u00e0 l&rsquo;int\u00e9rieur. Dans les temps mauvais comme on est, la stabilit\u00e9, c&rsquo;est une chose essentielle. Je me bats pour \u00e7a\u00a0\u00bb, a r\u00e9pondu Fran\u00e7ois Bayrou.\u00a0<\/p>\n<p>Selon\u00a0<a class=\"link\" href=\"https:\/\/www.bfmtv.com\/politique\/sondage-bfmtv-la-tribune-dimanche-en-cas-de-dissolution-le-rn-largement-en-tete-des-intentions-de-vote_AN-202508300299.html\" target=\"_blank\" rel=\"noopener\">un sondage Elabe pour BFTMV<\/a>\u00a0et La Tribune, le Rassemblement national arriverait en t\u00eate avec de 31% des intentions de vote (contre 33 % lors des l\u00e9gislatives de 2024). La gauche obtiendrait pour 23,5 %\u00a0 (28% en juin 2024).<\/p>\n<p>    La r\u00e9daction vous recommande<\/p>\n<p class=\"s-newsletter__title\">\n                L\u2019actualit\u00e9 par la r\u00e9daction de RTL dans votre bo\u00eete mail.\n            <\/p>\n<p class=\"s-newsletter__subtitle\">\n                Gr\u00e2ce \u00e0 votre compte RTL abonnez-vous \u00e0 la newsletter RTL info pour suivre toute l&rsquo;actualit\u00e9 au quotidien\n            <\/p>\n<p>\n                                    Lire la suite\n                                <\/p>\n","protected":false},"excerpt":{"rendered":"Encore et toujours de la p\u00e9dagogie. C&rsquo;est dans cet \u00e9tat d&rsquo;esprit que Fran\u00e7ois Bayrou a pr\u00e9sent\u00e9 son constat&hellip;\n","protected":false},"author":2,"featured_media":357509,"comment_status":"","ping_status":"","sticky":false,"template":"","format":"standard","meta":{"footnotes":""},"categories":[4],"tags":[11,898,1003,107,1011,27,431,418,12,25],"class_list":{"0":"post-357508","1":"post","2":"type-post","3":"status-publish","4":"format-standard","5":"has-post-thumbnail","7":"category-france","8":"tag-actualites","9":"tag-alerte","10":"tag-budget","11":"tag-fil-info","12":"tag-fr","13":"tag-france","14":"tag-francois-bayrou","15":"tag-gouvernement","16":"tag-news","17":"tag-republique-francaise"},"share_on_mastodon":{"url":"https:\/\/pubeurope.com\/@fr\/115126748444226112","error":""},"_links":{"self":[{"href":"https:\/\/www.europesays.com\/fr\/wp-json\/wp\/v2\/posts\/357508","targetHints":{"allow":["GET"]}}],"collection":[{"href":"https:\/\/www.europesays.com\/fr\/wp-json\/wp\/v2\/posts"}],"about":[{"href":"https:\/\/www.europesays.com\/fr\/wp-json\/wp\/v2\/types\/post"}],"author":[{"embeddable":true,"href":"https:\/\/www.europesays.com\/fr\/wp-json\/wp\/v2\/users\/2"}],"replies":[{"embeddable":true,"href":"https:\/\/www.europesays.com\/fr\/wp-json\/wp\/v2\/comments?post=357508"}],"version-history":[{"count":0,"href":"https:\/\/www.europesays.com\/fr\/wp-json\/wp\/v2\/posts\/357508\/revisions"}],"wp:featuredmedia":[{"embeddable":true,"href":"https:\/\/www.europesays.com\/fr\/wp-json\/wp\/v2\/media\/357509"}],"wp:attachment":[{"href":"https:\/\/www.europesays.com\/fr\/wp-json\/wp\/v2\/media?parent=357508"}],"wp:term":[{"taxonomy":"category","embeddable":true,"href":"https:\/\/www.europesays.com\/fr\/wp-json\/wp\/v2\/categories?post=357508"},{"taxonomy":"post_tag","embeddable":true,"href":"https:\/\/www.europesays.com\/fr\/wp-json\/wp\/v2\/tags?post=357508"}],"curies":[{"name":"wp","href":"https:\/\/api.w.org\/{rel}","templated":true}]}}