{"id":357510,"date":"2025-09-01T02:45:15","date_gmt":"2025-09-01T02:45:15","guid":{"rendered":"https:\/\/www.europesays.com\/fr\/357510\/"},"modified":"2025-09-01T02:45:15","modified_gmt":"2025-09-01T02:45:15","slug":"deplacements-volontaires-villes-ia-la-presse-americaine-devoile-le-plan-de-trump-pour-lapres-guerre-a-gaza","status":"publish","type":"post","link":"https:\/\/www.europesays.com\/fr\/357510\/","title":{"rendered":"D\u00e9placements \u00ab\u00a0volontaires\u00a0\u00bb, \u00ab\u00a0villes IA\u00a0\u00bb\u2026 La presse am\u00e9ricaine d\u00e9voile le plan de Trump pour l\u2019apr\u00e8s-guerre \u00e0 Gaza"},"content":{"rendered":"<p class=\"paragraph text_align_left lp-f-body-02\">Une bande de Gaza sans les Gazaouis. Le plan des <a href=\"https:\/\/www.leparisien.fr\/international\/etats-unis\/\" target=\"_blank\" rel=\"noreferrer noopener\">\u00c9tats-Unis<\/a> pour <a href=\"https:\/\/www.leparisien.fr\/international\/israel\/guerre-a-gaza-donald-trump-presidera-mercredi-une-grande-reunion-sur-lapres-conflit-27-08-2025-HNDVU2WXDNBJBAZLNVIIYUPPUM.php\" target=\"_blank\" rel=\"noreferrer noopener\">l\u2019apr\u00e8s-guerre \u00e0 Gaza<\/a> pr\u00e9voit de d\u00e9placer toute la population du territoire palestinien, qui serait plac\u00e9 sous administration am\u00e9ricaine pendant dix ans pour le transformer en un centre touristique et technologique, r\u00e9v\u00e8le dimanche le <a href=\"https:\/\/www.washingtonpost.com\/national-security\/2025\/08\/31\/trump-gaza-plan-riviera-relocation\/\" target=\"_blank\" rel=\"noreferrer noopener\">Washington Post<\/a>.<\/p>\n<p class=\"paragraph text_align_left lp-f-body-02\">Le plan de 38 pages, consult\u00e9 par le quotidien am\u00e9ricain, envisage le d\u00e9placement \u00ab volontaire \u00bb des quelque deux millions d\u2019habitants de Gaza vers d\u2019autres pays ou dans des zones s\u00e9curis\u00e9es \u00e0 l\u2019int\u00e9rieur du territoire d\u00e9vast\u00e9 par pr\u00e8s de deux ans de guerre, le temps de sa reconstruction.<\/p>\n<p class=\"paragraph text_align_left lp-f-body-02\">Ceux qui accepteraient de partir recevraient 5 000 dollars en cash ainsi qu\u2019une aide couvrant quatre ans de loyer et un an de nourriture, selon ce plan.<\/p>\n<p>Des \u00ab jetons num\u00e9riques \u00bb pour les propri\u00e9taires<\/p>\n<p class=\"paragraph text_align_left lp-f-body-02\">Les propri\u00e9taires terriens se verraient quant \u00e0 eux offrir des \u00ab jetons num\u00e9riques \u00bb, \u00e0 utiliser pour financer une nouvelle vie ailleurs ou \u00e0 \u00e9changer contre un appartement dans l\u2019une des six \u00e0 huit nouvelles \u00ab villes intelligentes et aliment\u00e9es par l\u2019IA \u00bb devant \u00eatre construites \u00e0 Gaza.<\/p>\n<p class=\"paragraph text_align_left lp-f-body-02\">Des usines de voitures \u00e9lectriques, des centres de donn\u00e9es ou des h\u00f4tels y seraient financ\u00e9s par des investissements publics et priv\u00e9s.<\/p>\n<p class=\"paragraph text_align_left lp-f-body-02\">Le territoire palestinien serait plac\u00e9 le temps de la reconstruction sous l\u2019administration d\u2019une entit\u00e9 baptis\u00e9e Gaza Reconstitution, Economic Acceleration and Transformation Trust, ou GREAT Trust.<\/p>\n<p class=\"paragraph text_align_left lp-f-body-02\">Le plan pr\u00e9voit que cet organisme gouverne pendant dix ans avant de laisser la place \u00e0 une \u00ab entit\u00e9 palestinienne r\u00e9form\u00e9e et d\u00e9radicalis\u00e9e \u00bb.<\/p>\n<p>Une \u00ab Riviera du Moyen-Orient \u00bb<\/p>\n<p class=\"paragraph text_align_left lp-f-body-02\">Il a \u00e9t\u00e9 \u00e9labor\u00e9 selon le Washington Post par certains des Isra\u00e9liens \u00e0 l\u2019origine de <a href=\"https:\/\/www.leparisien.fr\/international\/israel\/aucune-preuve-la-fondation-humanitaire-pour-gaza-nie-toute-disparition-forcee-dans-ses-centres-28-08-2025-TJ2SUMYTKBHGNDCGWN24FS5AOU.php\" target=\"_blank\" rel=\"noreferrer noopener\">la Fondation humanitaire de Gaza (GHF)<\/a>, une organisation priv\u00e9e soutenue par Isra\u00ebl et les \u00c9tats-Unis, cr\u00e9\u00e9e pour distribuer l\u2019aide alimentaire et au centre de nombreuses critiques.<\/p>\n<p class=\"paragraph text_align_left lp-f-body-02\">Sollicit\u00e9 par l\u2019AFP, le d\u00e9partement d\u2019\u00c9tat am\u00e9ricain n\u2019a pas r\u00e9pondu dans l\u2019imm\u00e9diat.<\/p>\n<p class=\"paragraph text_align_left lp-f-body-02\">Donald Trump avait lanc\u00e9 en f\u00e9vrier l\u2019id\u00e9e d\u2019une prise de contr\u00f4le de la bande de Gaza par les \u00c9tats-Unis pour en faire <a href=\"https:\/\/www.leparisien.fr\/international\/israel\/gaza-2035-quest-ce-que-le-plan-israelien-qui-a-inspire-trump-pour-faire-de-lenclave-la-cote-dazur-du-moyen-orient-06-02-2025-SKZL6MM6BBH5NKYQDHFUEXVPHQ.php\" target=\"_blank\" rel=\"noreferrer noopener\">la \u00ab Riviera du Moyen-Orient \u00bb<\/a>, une fois vid\u00e9e de ses habitants qui pourraient selon lui \u00eatre d\u00e9plac\u00e9s vers l\u2019\u00c9gypte et la Jordanie.<\/p>\n<p class=\"paragraph text_align_left lp-f-body-02\">Salu\u00e9 <a href=\"https:\/\/www.leparisien.fr\/international\/israel\/lextreme-droite-israelienne-discute-dun-plan-pour-transformer-gaza-en-riviera-23-07-2025-NXBGMW3WXJAJHMO3QAGQJCGXJU.php\" target=\"_blank\" rel=\"noreferrer noopener\">par l\u2019extr\u00eame droite isra\u00e9lienne<\/a>, ce plan a \u00e9t\u00e9 rejet\u00e9 par les pays arabes et la plupart des pays occidentaux, l\u2019ONU mettant de son c\u00f4t\u00e9 en garde contre un \u00ab nettoyage ethnique \u00bb \u00e0 Gaza.<\/p>\n<p class=\"paragraph text_align_left lp-f-body-02\">La guerre \u00e0 Gaza a \u00e9t\u00e9 d\u00e9clench\u00e9e par l\u2019attaque du Hamas en Isra\u00ebl du 7 octobre 2023, qui a entra\u00een\u00e9 la mort de 1 219 personnes c\u00f4t\u00e9 isra\u00e9lien, en majorit\u00e9 des civils, selon un d\u00e9compte de l\u2019AFP bas\u00e9 sur des donn\u00e9es officielles.<\/p>\n<p class=\"paragraph text_align_left lp-f-body-02\">La campagne de repr\u00e9sailles d\u2019Isra\u00ebl a fait au moins 63 459 morts \u00e0 Gaza, en majorit\u00e9 des civils, selon le minist\u00e8re de la Sant\u00e9 du Hamas, dont les chiffres sont jug\u00e9s fiables par l\u2019ONU.<\/p>\n","protected":false},"excerpt":{"rendered":"Une bande de Gaza sans les Gazaouis. Le plan des \u00c9tats-Unis pour l\u2019apr\u00e8s-guerre \u00e0 Gaza pr\u00e9voit de d\u00e9placer&hellip;\n","protected":false},"author":2,"featured_media":357511,"comment_status":"","ping_status":"","sticky":false,"template":"","format":"standard","meta":{"footnotes":""},"categories":[2],"tags":[11,1011,27,14,664,12],"class_list":{"0":"post-357510","1":"post","2":"type-post","3":"status-publish","4":"format-standard","5":"has-post-thumbnail","7":"category-actualites","8":"tag-actualites","9":"tag-fr","10":"tag-france","11":"tag-international","12":"tag-israel","13":"tag-news"},"share_on_mastodon":{"url":"https:\/\/pubeurope.com\/@fr\/115126752009607766","error":""},"_links":{"self":[{"href":"https:\/\/www.europesays.com\/fr\/wp-json\/wp\/v2\/posts\/357510","targetHints":{"allow":["GET"]}}],"collection":[{"href":"https:\/\/www.europesays.com\/fr\/wp-json\/wp\/v2\/posts"}],"about":[{"href":"https:\/\/www.europesays.com\/fr\/wp-json\/wp\/v2\/types\/post"}],"author":[{"embeddable":true,"href":"https:\/\/www.europesays.com\/fr\/wp-json\/wp\/v2\/users\/2"}],"replies":[{"embeddable":true,"href":"https:\/\/www.europesays.com\/fr\/wp-json\/wp\/v2\/comments?post=357510"}],"version-history":[{"count":0,"href":"https:\/\/www.europesays.com\/fr\/wp-json\/wp\/v2\/posts\/357510\/revisions"}],"wp:featuredmedia":[{"embeddable":true,"href":"https:\/\/www.europesays.com\/fr\/wp-json\/wp\/v2\/media\/357511"}],"wp:attachment":[{"href":"https:\/\/www.europesays.com\/fr\/wp-json\/wp\/v2\/media?parent=357510"}],"wp:term":[{"taxonomy":"category","embeddable":true,"href":"https:\/\/www.europesays.com\/fr\/wp-json\/wp\/v2\/categories?post=357510"},{"taxonomy":"post_tag","embeddable":true,"href":"https:\/\/www.europesays.com\/fr\/wp-json\/wp\/v2\/tags?post=357510"}],"curies":[{"name":"wp","href":"https:\/\/api.w.org\/{rel}","templated":true}]}}