{"id":357522,"date":"2025-09-01T02:54:18","date_gmt":"2025-09-01T02:54:18","guid":{"rendered":"https:\/\/www.europesays.com\/fr\/357522\/"},"modified":"2025-09-01T02:54:18","modified_gmt":"2025-09-01T02:54:18","slug":"castelnau-le-lez-recrutement-des-animateurs-recherches","status":"publish","type":"post","link":"https:\/\/www.europesays.com\/fr\/357522\/","title":{"rendered":"Castelnau-le-Lez. Recrutement : des animateurs recherch\u00e9s"},"content":{"rendered":"<p>            Par<br \/>\n        <strong><br \/>\n            <a href=\"https:\/\/actu.fr\/auteur\/metropoop\" title=\"Consulter tous les articles de R\u00e9daction M\u00e9tropolitain\" rel=\"nofollow noopener\" target=\"_blank\">R\u00e9daction M\u00e9tropolitain<\/a><br \/>\n        <\/strong><\/p>\n<p>        Publi\u00e9 le<\/p>\n<p>            31 ao\u00fbt 2025 \u00e0 11h46        <\/p>\n<p>La Ville de <strong>Castelnau-le-Lez<\/strong> recrute des animateurs et animatrices pour ses <strong>accueils de loisirs p\u00e9riscolaires<\/strong>. Une offre qui s\u2019adresse aux <strong>dipl\u00f4m\u00e9s de l\u2019animation, de l\u2019\u00e9ducation ou du sport<\/strong>, ainsi qu\u2019aux personnes qui souhaitent <strong>acqu\u00e9rir une exp\u00e9rience professionnelle<\/strong> aupr\u00e8s d\u2019enfants et qui sont <strong>disponibles le midi<\/strong>.\u00a0<\/p>\n<p>Encadrer et animer<\/p>\n<p class=\" wall-content\">La Ville recherche donc ses futurs animateurs, qui seront charg\u00e9s d\u2019encadrer les enfants les lundi, mardi, jeudi et vendredi de 11h50 \u00e0 13h50, pendant le repas et durant les animations th\u00e9matiques. Sont bienvenus : les titulaires d\u2019une licence STAPS, d\u2019un Deug STAPS, d\u2019un BAFA, d\u2019un Brevet d\u2019\u00c9tat sportif ou d\u2019un CAP petite enfance.<\/p>\n<p>    <a href=\"https:\/\/www.google.com\/maps\/embed?pb=!1m18!1m12!1m3!1d24679.106909424103!2d3.8535167999999995!3d43.6011008!2m3!1f0!2f0!3f0!3m2!1i1024!2i768!4f13.1!3m3!1m2!1s0x12b6a5f09796051d%3A0x4078821166acb80!2s34170%20Castelnau-le-Lez!5e1!3m2!1sfr!2sfr!4v1756214298826!5m2!1sfr!2sfr\" title=\"Ouvrie le lien\" rel=\"nofollow noopener\" target=\"_blank\">Cliquez ici pour visualiser le contenu<\/a><\/p>\n<p class=\" wall-content\">Le poste demande 8 heures de travail par semaine et offre un contrat \u00e0 dur\u00e9e d\u00e9termin\u00e9e initial de 3 mois, renouvelable.<\/p>\n<p><strong>&gt; Pour postuler :<\/strong> envoyer sa candidature par e-mail \u00e0 <a href=\"https:\/\/actu.fr\/cdn-cgi\/l\/email-protection\" class=\"__cf_email__\" data-cfemail=\"7710051f3714160403121b1916025a1b125a1b120d591105\" rel=\"nofollow noopener\" target=\"_blank\">[email\u00a0protected]<\/a>. Plus de renseignements au 04 11 28 82 32 ou au 04 67 10 71 96.<\/p>\n<p class=\" wall-content\">Personnalisez votre actualit\u00e9 en ajoutant vos villes et m\u00e9dias en favori avec <a href=\"https:\/\/moncompte.actu.fr\" title=\"D\u00e9couvez Mon Actu\" rel=\"nofollow noopener\" data-trk=\"{&quot;cta&quot;:{&quot;action&quot;:&quot;https:\\\/\\\/moncompte.actu.fr&quot;,&quot;category&quot;:&quot;mon compte&quot;,&quot;from&quot;:&quot;article footer&quot;,&quot;name&quot;:&quot;Mon actu&quot;,&quot;type&quot;:&quot;cta&quot;}}\" target=\"_blank\">Mon Actu<\/a>.<\/p>\n","protected":false},"excerpt":{"rendered":"Par R\u00e9daction M\u00e9tropolitain Publi\u00e9 le 31 ao\u00fbt 2025 \u00e0 11h46 La Ville de Castelnau-le-Lez recrute des animateurs et&hellip;\n","protected":false},"author":2,"featured_media":357523,"comment_status":"","ping_status":"","sticky":false,"template":"","format":"standard","meta":{"footnotes":""},"categories":[9599],"tags":[1111,11,1777,674,1011,27,2208,12,2680,25,104],"class_list":{"0":"post-357522","1":"post","2":"type-post","3":"status-publish","4":"format-standard","5":"has-post-thumbnail","7":"category-montpellier","8":"tag-actu","9":"tag-actualites","10":"tag-eu","11":"tag-europe","12":"tag-fr","13":"tag-france","14":"tag-montpellier","15":"tag-news","16":"tag-occitanie","17":"tag-republique-francaise","18":"tag-societe"},"share_on_mastodon":{"url":"https:\/\/pubeurope.com\/@fr\/115126787345194910","error":""},"_links":{"self":[{"href":"https:\/\/www.europesays.com\/fr\/wp-json\/wp\/v2\/posts\/357522","targetHints":{"allow":["GET"]}}],"collection":[{"href":"https:\/\/www.europesays.com\/fr\/wp-json\/wp\/v2\/posts"}],"about":[{"href":"https:\/\/www.europesays.com\/fr\/wp-json\/wp\/v2\/types\/post"}],"author":[{"embeddable":true,"href":"https:\/\/www.europesays.com\/fr\/wp-json\/wp\/v2\/users\/2"}],"replies":[{"embeddable":true,"href":"https:\/\/www.europesays.com\/fr\/wp-json\/wp\/v2\/comments?post=357522"}],"version-history":[{"count":0,"href":"https:\/\/www.europesays.com\/fr\/wp-json\/wp\/v2\/posts\/357522\/revisions"}],"wp:featuredmedia":[{"embeddable":true,"href":"https:\/\/www.europesays.com\/fr\/wp-json\/wp\/v2\/media\/357523"}],"wp:attachment":[{"href":"https:\/\/www.europesays.com\/fr\/wp-json\/wp\/v2\/media?parent=357522"}],"wp:term":[{"taxonomy":"category","embeddable":true,"href":"https:\/\/www.europesays.com\/fr\/wp-json\/wp\/v2\/categories?post=357522"},{"taxonomy":"post_tag","embeddable":true,"href":"https:\/\/www.europesays.com\/fr\/wp-json\/wp\/v2\/tags?post=357522"}],"curies":[{"name":"wp","href":"https:\/\/api.w.org\/{rel}","templated":true}]}}