{"id":357524,"date":"2025-09-01T02:55:16","date_gmt":"2025-09-01T02:55:16","guid":{"rendered":"https:\/\/www.europesays.com\/fr\/357524\/"},"modified":"2025-09-01T02:55:16","modified_gmt":"2025-09-01T02:55:16","slug":"primark-debarque-a-montpellier-je-sais-deja-ce-que-je-vais-acheter-lenseigne-de-shopping-a-petits-prix-suscite-lengouement-a-odysseum","status":"publish","type":"post","link":"https:\/\/www.europesays.com\/fr\/357524\/","title":{"rendered":"Primark d\u00e9barque \u00e0 Montpellier\u00a0: \u00ab\u00a0Je sais d\u00e9j\u00e0 ce que je vais acheter\u00a0\u00bb, l\u2019enseigne de shopping \u00e0 petits prix suscite l\u2019engouement \u00e0 Odysseum"},"content":{"rendered":"<p>\n                                                                Le compte \u00e0 rebours est lanc\u00e9. L\u2019enseigne irlandaise Primark d\u00e9barquera\u00a0\u00e0 Montpellier, le 10\u00a0septembre prochain dans le centre commercial Odysseum. Une arriv\u00e9e tr\u00e8s attendue par de nombreux addicts des bonnes affaires.\n                            <\/p>\n<p data-end=\"192\" data-start=\"40\">Vers les petits prix et au-del\u00e0\u00a0! Primark arrive \u00e0 grands pas sur les terres d\u2019Odysseum \u00e0 Montpellier et suscite d\u00e9j\u00e0 l\u2019enthousiasme des accros du shopping. Depuis le haut du centre commercial, sa fa\u00e7ade attire les regards des visiteurs, impatients de d\u00e9ambuler dans ses rayons.<\/p>\n<p data-end=\"584\" data-start=\"328\">Et ils sont beaucoup \u00e0 conna\u00eetre l\u2019enseigne irlandaise. L\u2019implantation de Primark en France a commenc\u00e9 en 2013 avec l\u2019ouverture d\u2019un premier magasin \u00e0 Marseille. Depuis, la marque s\u2019est d\u00e9velopp\u00e9e dans tout le pays avec 27 magasins et a conquis de nombreuses penderies. \u00c0 Odysseum, la r\u00e9action est unanime\u00a0: \u00ab\u00a0On a h\u00e2te\u00a0!\u00a0\u00bb<\/p>\n<p>Une attente palpable<\/p>\n<p data-end=\"1074\" data-start=\"690\">\u00ab\u00a0Avant que la date d\u2019ouverture soit communiqu\u00e9e ou que les affiches apparaissent, on me demandait tous les jours quand Primark allait ouvrir\u00a0\u00bb, confie un agent de s\u00e9curit\u00e9. <a href=\"https:\/\/www.midilibre.fr\/2025\/07\/30\/primark-a-odysseum-on-sait-enfin-a-quelle-date-lenseigne-ouvrira-son-magasin-a-montpellier-12852516.php\" target=\"_blank\" rel=\"nofollow noopener\">Aujourd\u2019hui, tout le monde conna\u00eet la date<\/a>\u00a0: le<strong> 10\u00a0septembre \u00e0 10\u00a0heures<\/strong>, comme l\u2019annoncent les nombreuses banderoles dans le centre commercial.<\/p>\n<p data-end=\"1388\" data-start=\"1076\">Chanelle et Lina, habitu\u00e9es des boutiques d\u2019Odysseum, comptent d\u00e9j\u00e0 les jours. \u00ab\u00a0On est contentes que \u00e7a arrive \u00e0 Montpellier. On voit passer l\u2019info sur les r\u00e9seaux sociaux depuis un moment et on est press\u00e9es que \u00e7a ouvre\u00a0\u00bb, raconte Chanelle. \u00ab\u00a0Je sais d\u00e9j\u00e0 que je vais acheter plein de pyjamas pour l\u2019hiver\u00a0\u00bb, ajoute Lina. Ce futur magasin, qui s\u2019\u00e9tendra\u00a0sur<strong> 10\u00a0000 m\u00b2<\/strong> proposera une large gamme de produits, allant des v\u00eatements aux accessoires et articles de d\u00e9coration. \u00ab\u00a0Le probl\u00e8me avec Primark, c\u2019est qu\u2019on y va sans but, et on finit toujours par ressortir avec plein d\u2019articles\u00a0!\u00a0\u00bb, rigole Chanelle.<\/p>\n<p data-end=\"1808\" data-start=\"1390\">Pour les vacanciers, l\u2019attente est \u00e9galement au rendez-vous. Isabelle, venue avec ses trois gar\u00e7ons et son conjoint, confie\u00a0: \u00ab\u00a0Je suis venue expr\u00e8s pour Primark. Les enfants voulaient faire un escape game, alors je me suis dit que j\u2019irais faire quelques emplettes en attendant\u2026 mais c\u2019\u00e9tait ferm\u00e9.\u00a0\u00bb\u00a0Aussi habitu\u00e9 \u00e0 arpenter le magasin dans le Nord-Pas-de-Calais, son conjoint ajoute\u00a0: \u00ab\u00a0C\u2019est sa deuxi\u00e8me r\u00e9sidence. On va dire que \u00e7a nous donnera une bonne raison de revenir en vacances ici\u00a0!\u00a0\u00bb<\/p>\n<p>Les petits prix avant tout<\/p>\n<p data-end=\"2908\" data-start=\"2428\">Mais ce qui attire le plus dans cette enseigne, ce sont ses prix abordables. En moyenne, les tarifs y sont <strong>35\u00a0% moins \u00e9lev\u00e9s<\/strong> que chez la concurrence. Un point que confirment Mathilde et ses amies\u00a0: \u00ab\u00a0Ce qu\u2019on aime, ce sont les prix. On n\u2019a pas tous les moyens pour du luxe, alors c\u2019est bien qu\u2019une enseigne comme \u00e7a s\u2019installe ici. On viendra un peu apr\u00e8s l\u2019ouverture pour \u00e9viter le monde.\u00a0\u00bb<\/p>\n<p data-end=\"3414\" data-start=\"2910\">L\u2019engouement pour Primark n\u2019est pas r\u00e9serv\u00e9 aux plus jeunes\u00a0; il est interg\u00e9n\u00e9rationnel. G\u00e9raldine et Christophe, habitu\u00e9s \u00e0 se d\u00e9placer \u00e0 Marseille pour l\u2019enseigne, se r\u00e9jouissent\u00a0: \u00ab\u00a0\u00c7a apporte un peu de nouveaut\u00e9 au centre commercial alors on est contents. C\u2019est une boutique qu\u2019on aime beaucoup, surtout pour le rapport qualit\u00e9 prix. On ach\u00e8te surtout des v\u00eatements et on a toujours \u00e9t\u00e9 content.\u00a0\u00bb<\/p>\n<p>\u00ab\u00a0\u00c7a va attirer du monde \u00a0\u00bb<\/p>\n<p data-end=\"3995\" data-start=\"3450\"><a href=\"https:\/\/www.midilibre.fr\/2025\/05\/27\/dix-nouvelles-enseignes-dont-un-fast-food-inattendu-sinstallent-a-odysseum-a-montpellier-12724131.php\" target=\"_blank\" rel=\"nofollow noopener\">Troisi\u00e8me cha\u00eene mondiale de pr\u00eat-\u00e0-porter en 2016 apr\u00e8s H\u00a0&amp; M et Zara<\/a>, Primark rejoindra les 140 enseignes du centre en promettant d\u2019attirer de nombreux visiteurs.\u00a0Bruno, venu de N\u00eemes pour une sortie shopping en famille, r\u00e9agit\u00a0: \u00ab\u00a0Je pense que \u00e7a va attirer du monde. En tout cas, ma femme et ma fille attendent \u00e7a avec impatience. Pour moi, ce sera juste un magasin de plus\u2026\u00a0\u00bb rigole-t-il. Assis \u00e0\u00a0c\u00f4t\u00e9, un autre p\u00e8re de famille ajoute\u00a0: \u00ab\u00a0La mienne aussi est encore\u00a0dans les boutiques\u00a0! J\u2019esp\u00e8re qu\u2019ils mettront des bancs devant Primark.\u00a0\u00bb<\/p>\n<p data-end=\"4217\" data-start=\"3997\"><a href=\"https:\/\/www.midilibre.fr\/2025\/05\/28\/plus-de-200-emplois-en-cdi-cette-enseigne-tres-attendue-debarque-sur-montpellier-et-embauche-a-tout-va-on-vous-explique-tout-12727292.php\" target=\"_blank\" rel=\"nofollow noopener\">L\u2019ouverture de Primark permettra \u00e9galement de cr\u00e9er des emplois<\/a>, avec <strong data-end=\"3763\" data-start=\"3740\">200 postes propos\u00e9s<\/strong>. \u00ab\u00a0C\u2019est bien pour les habitants de Montpellier, \u00e7a offre des opportunit\u00e9s suppl\u00e9mentaires\u00a0\u00bb, souligne Bruno.<\/p>\n<p data-end=\"4710\" data-start=\"4219\">Ceux qui ont d\u00e9j\u00e0 d\u00e9couvert l\u2019enseigne se souviennent de son arriv\u00e9e dans leur ville. Teddy et Jean-David, Lyonnais, s\u2019habillent enti\u00e8rement chez Primark\u00a0: \u00ab\u00a0Quand le magasin a ouvert chez nous, il fallait voir l\u2019engouement que \u00e7a a suscit\u00e9, il y avait du monde partout. Je me rappelle ma premi\u00e8re impression\u00a0: je me suis dit que c\u2019\u00e9tait gigantesque.\u00a0\u00bb, raconte Jean-David. \u00ab\u00a0Je pense que c\u2019est une bonne chose pour Montpellier. Moi, en tout cas j\u2019ach\u00e8te tout chez Primark, \u00e9t\u00e9 comme hiver. Vous voyez mon short\u00a0? Il vient de l\u00e0\u00a0\u00bb, ajoute Teddy. De quoi donner envie aux Montpelli\u00e9rains, qui pourront bient\u00f4t franchir la porte du Primark.<\/p>\n","protected":false},"excerpt":{"rendered":"Le compte \u00e0 rebours est lanc\u00e9. L\u2019enseigne irlandaise Primark d\u00e9barquera\u00a0\u00e0 Montpellier, le 10\u00a0septembre prochain dans le centre commercial&hellip;\n","protected":false},"author":2,"featured_media":357525,"comment_status":"","ping_status":"","sticky":false,"template":"","format":"standard","meta":{"footnotes":""},"categories":[9599],"tags":[1111,11,1777,674,1011,27,2208,12,2680,25],"class_list":{"0":"post-357524","1":"post","2":"type-post","3":"status-publish","4":"format-standard","5":"has-post-thumbnail","7":"category-montpellier","8":"tag-actu","9":"tag-actualites","10":"tag-eu","11":"tag-europe","12":"tag-fr","13":"tag-france","14":"tag-montpellier","15":"tag-news","16":"tag-occitanie","17":"tag-republique-francaise"},"share_on_mastodon":{"url":"https:\/\/pubeurope.com\/@fr\/115126791215317772","error":""},"_links":{"self":[{"href":"https:\/\/www.europesays.com\/fr\/wp-json\/wp\/v2\/posts\/357524","targetHints":{"allow":["GET"]}}],"collection":[{"href":"https:\/\/www.europesays.com\/fr\/wp-json\/wp\/v2\/posts"}],"about":[{"href":"https:\/\/www.europesays.com\/fr\/wp-json\/wp\/v2\/types\/post"}],"author":[{"embeddable":true,"href":"https:\/\/www.europesays.com\/fr\/wp-json\/wp\/v2\/users\/2"}],"replies":[{"embeddable":true,"href":"https:\/\/www.europesays.com\/fr\/wp-json\/wp\/v2\/comments?post=357524"}],"version-history":[{"count":0,"href":"https:\/\/www.europesays.com\/fr\/wp-json\/wp\/v2\/posts\/357524\/revisions"}],"wp:featuredmedia":[{"embeddable":true,"href":"https:\/\/www.europesays.com\/fr\/wp-json\/wp\/v2\/media\/357525"}],"wp:attachment":[{"href":"https:\/\/www.europesays.com\/fr\/wp-json\/wp\/v2\/media?parent=357524"}],"wp:term":[{"taxonomy":"category","embeddable":true,"href":"https:\/\/www.europesays.com\/fr\/wp-json\/wp\/v2\/categories?post=357524"},{"taxonomy":"post_tag","embeddable":true,"href":"https:\/\/www.europesays.com\/fr\/wp-json\/wp\/v2\/tags?post=357524"}],"curies":[{"name":"wp","href":"https:\/\/api.w.org\/{rel}","templated":true}]}}