{"id":357527,"date":"2025-09-01T03:01:05","date_gmt":"2025-09-01T03:01:05","guid":{"rendered":"https:\/\/www.europesays.com\/fr\/357527\/"},"modified":"2025-09-01T03:01:05","modified_gmt":"2025-09-01T03:01:05","slug":"asse-grenoble-nade-buteur-cardona-maladroit-lamba-passif-les-notes-des-verts","status":"publish","type":"post","link":"https:\/\/www.europesays.com\/fr\/357527\/","title":{"rendered":"ASSE \u2013 Grenoble\u00a0: Nad\u00e9 buteur, Cardona maladroit, Lamba passif&#8230; les notes des Verts"},"content":{"rendered":"<p><strong>L\u2019ASSE n\u2019a pu faire mieux que match nul contre Grenoble (1-1) dans un stade Geoffroy-Guichard \u00e0 guichets ferm\u00e9s. Voici nos notes pour les Verts, d\u00e9cevants hier soir\u2026<\/strong><\/p>\n<p><strong>LARSONNEUR (5)<\/strong><\/p>\n<p>Une sortie bien maitris\u00e9e sur la seule occasion du GF 38 en premi\u00e8re mi-temps (32e). Mais sur la deuxi\u00e8me, il n\u2019a pu que constater les d\u00e9g\u00e2ts, sur la t\u00eate de Diaby\u2026<\/p>\n<p><strong>FERREIRA (4)<\/strong><\/p>\n<p>Hormis un bon centre en retrait vendang\u00e9 par Cardona (69e), le nouveau lat\u00e9ral droit des Verts a beaucoup rat\u00e9, que ce soit ses passes ou ses interventions d\u00e9fensives. Diaby a saut\u00e9 plus haut que lui sur l\u2019\u00e9galisation grenobloise.<\/p>\n<p><strong>LAMBA (4)<\/strong><\/p>\n<p>Lui non plus n\u2019a pas \u00e9t\u00e9 \u00e0 la f\u00eate. Alors qu\u2019Horneland le pr\u00e9sente comme un leader, le Portugais a \u00e9t\u00e9 bien discret. Et surtout, il a fait preuve d\u2019une passivit\u00e9 coupable sur le but grenoblois. Depuis son arriv\u00e9e, on ne peut pas dire que ses d\u00e9buts rassurent\u2026<\/p>\n<p><strong>NADE (6)<\/strong><\/p>\n<p>Averti d\u2019entr\u00e9e (5e), il s\u2019est arrach\u00e9 pour ouvrir le score. Costaud dans ses interventions, il vient de livrer trois bons matches.<\/p>\n<p><strong>BERNAUER (6)<\/strong><\/p>\n<p>L\u2019une des rares satisfactions de la soir\u00e9e\u2026 Annan absent, il a tenu le couloir gauche avec autorit\u00e9. Volontaire et dangereux par ses ouvertures, avec notamment un bon service pour Cardona (51e).<\/p>\n<p><strong>JABER (5,5), puis EL JEMALI (5)<\/strong><\/p>\n<p>Jaber, robuste et appliqu\u00e9, a livr\u00e9 une premi\u00e8re mi-temps tr\u00e8s correcte avant de c\u00e9der sa place \u00e0 EL JEMALI. Le jeune gaucher est entr\u00e9 dans le match sans faire de complexes et il a montr\u00e9 qu\u2019il avait du ballon, m\u00eame s\u2019il s\u2019est \u00e9teint au fil des minutes.<\/p>\n<p><strong>MOUEFFEK (5,5), puis GADEGBEKU (4,5)<\/strong><\/p>\n<p>Moueffek avait bien d\u00e9but\u00e9 lui aussi, en apportant son agressivit\u00e9 et sa percussion. Comme pour Jaber, sa sortie \u00e0 la mi-temps a fait mal. Remplac\u00e9 par GADEGBEKU, qui n\u2019a ni le volume du Marocain, ni sa puissance. Et qui a eu une absence qui aurait pu co\u00fbter cher (75e)\u2026<\/p>\n<p><strong>TARDIEU (5)<\/strong><\/p>\n<p>Tardieu a \u00e9t\u00e9 plus en vue en premi\u00e8re mi-temps qu\u2019en deuxi\u00e8me. A l\u2019origine du but de Nad\u00e9, il a jou\u00e9 juste, comme \u00e0 son habitude. Mais dans l\u2019ensemble, il n\u2019a pas eu beaucoup d\u2019influence sur le jeu de l\u2019\u00e9quipe, qui a trop ronronn\u00e9.<\/p>\n<p><strong>CARDONA (4), puis BOAKYE<\/strong><\/p>\n<p>Sur son aile droite, Cardona a fait des diff\u00e9rences par sa qualit\u00e9 technique et son talent. Mais il a rat\u00e9 deux balles de 2-0 (51e, 69e). Remplac\u00e9 par BOAKYE, l\u2019un des hommes en forme de ce mois d\u2019ao\u00fbt, qui aurait peut-\u00eatre m\u00e9rit\u00e9 de jouer un peu plus\u2026<\/p>\n<p><strong>DUFFUS (4), puis STASSIN<\/strong><\/p>\n<p>En pointe, Duffus a \u00e9t\u00e9 beaucoup moins en vue que face \u00e0 Rodez (4-0). Il n\u2019a pas eu beaucoup de ballons, bien pris dans l\u2019\u00e9tau grenoblois, mais a sembl\u00e9 manquer de jus, de percussion et de flair, dans ses appels et ses prises de balle. Remplac\u00e9 par STASSIN \u00e0 l\u2019entame du dernier quart d\u2019heure. Une entr\u00e9e assez discr\u00e8te pour le jeune attaquant belge, plus pr\u00e9occup\u00e9 que jamais par son avenir en ces derni\u00e8res heures de Mercato\u2026<\/p>\n<p><strong>DAVITASHVILI (4)<\/strong><\/p>\n<p>Le G\u00e9orgien a eu quelques \u00e9clairs, mais la pr\u00e9cision lui a fait d\u00e9faut quand il a tir\u00e9 au dessus (21e). L\u2019altruisme aussi, parfois. Un dernier coup franc b\u00eatement gaspill\u00e9, dans le temps additionnel (90e+6).<\/p>\n","protected":false},"excerpt":{"rendered":"L\u2019ASSE n\u2019a pu faire mieux que match nul contre Grenoble (1-1) dans un stade Geoffroy-Guichard \u00e0 guichets ferm\u00e9s.&hellip;\n","protected":false},"author":2,"featured_media":357528,"comment_status":"","ping_status":"","sticky":false,"template":"","format":"standard","meta":{"footnotes":""},"categories":[9566],"tags":[1111,11,2430,448,1777,674,63,1011,27,2731,66,3388,12,25,10662],"class_list":{"0":"post-357527","1":"post","2":"type-post","3":"status-publish","4":"format-standard","5":"has-post-thumbnail","7":"category-grenoble","8":"tag-actu","9":"tag-actualites","10":"tag-auvergne-rhone-alpes","11":"tag-champions-league","12":"tag-eu","13":"tag-europe","14":"tag-football","15":"tag-fr","16":"tag-france","17":"tag-grenoble","18":"tag-ligue-1","19":"tag-matchs","20":"tag-news","21":"tag-republique-francaise","22":"tag-transferts"},"share_on_mastodon":{"url":"https:\/\/pubeurope.com\/@fr\/115126814778463576","error":""},"_links":{"self":[{"href":"https:\/\/www.europesays.com\/fr\/wp-json\/wp\/v2\/posts\/357527","targetHints":{"allow":["GET"]}}],"collection":[{"href":"https:\/\/www.europesays.com\/fr\/wp-json\/wp\/v2\/posts"}],"about":[{"href":"https:\/\/www.europesays.com\/fr\/wp-json\/wp\/v2\/types\/post"}],"author":[{"embeddable":true,"href":"https:\/\/www.europesays.com\/fr\/wp-json\/wp\/v2\/users\/2"}],"replies":[{"embeddable":true,"href":"https:\/\/www.europesays.com\/fr\/wp-json\/wp\/v2\/comments?post=357527"}],"version-history":[{"count":0,"href":"https:\/\/www.europesays.com\/fr\/wp-json\/wp\/v2\/posts\/357527\/revisions"}],"wp:featuredmedia":[{"embeddable":true,"href":"https:\/\/www.europesays.com\/fr\/wp-json\/wp\/v2\/media\/357528"}],"wp:attachment":[{"href":"https:\/\/www.europesays.com\/fr\/wp-json\/wp\/v2\/media?parent=357527"}],"wp:term":[{"taxonomy":"category","embeddable":true,"href":"https:\/\/www.europesays.com\/fr\/wp-json\/wp\/v2\/categories?post=357527"},{"taxonomy":"post_tag","embeddable":true,"href":"https:\/\/www.europesays.com\/fr\/wp-json\/wp\/v2\/tags?post=357527"}],"curies":[{"name":"wp","href":"https:\/\/api.w.org\/{rel}","templated":true}]}}