{"id":357529,"date":"2025-09-01T03:03:42","date_gmt":"2025-09-01T03:03:42","guid":{"rendered":"https:\/\/www.europesays.com\/fr\/357529\/"},"modified":"2025-09-01T03:03:42","modified_gmt":"2025-09-01T03:03:42","slug":"une-ultime-piste-offensive-activee-apres-les-echecs-stassin-et-harder","status":"publish","type":"post","link":"https:\/\/www.europesays.com\/fr\/357529\/","title":{"rendered":"Une ultime piste offensive activ\u00e9e apr\u00e8s les \u00e9checs Stassin et Harder"},"content":{"rendered":"<p>                                            Publi\u00e9 le 31\/08\/2025 \u00e0 18h35<br \/>\n                                                                                3 minutes de lecture\n                                                                    <\/p>\n<p>F\u00e9ru de sport et plus particuli\u00e8rement de ballon rond depuis ma plus tendre enfance.<\/p>\n<p>                                            Lire la suite<\/p>\n<p>\u00c0 moins de <strong>36 heures<\/strong> de la fermeture du mercato estival, le <strong>Stade Rennais<\/strong> se trouve dans une situation d\u00e9licate concernant le recrutement de son attaquant tant attendu. Avec le dossier <strong>Conrad Harder<\/strong> qui semble d\u00e9finitivement au point mort, la direction sportive bretonne doit imp\u00e9rativement trouver une solution pour renforcer un secteur offensif qui ne peut compter que sur <strong>Est\u00e9ban Lepaul<\/strong> \u00e0 la pointe de l\u00a0\u00bbattaque. Cette urgence s&rsquo;intensifie d&rsquo;autant plus que <strong>Lo\u00efc D\u00e9sir\u00e9<\/strong>, le directeur sportif rennais, observe avec amertume les performances remarquables d&rsquo;<strong>Hamza Igamane<\/strong>, un joueur qu&rsquo;il avait pourtant eu l&rsquo;opportunit\u00e9 de recruter lors de plusieurs contacts \u00e9tablis avec son entourage durant l&rsquo;\u00e9t\u00e9. Les d\u00e9buts tonitruants de ce dernier ailleurs constituent d\u00e9sormais un rappel douloureux des occasions manqu\u00e9es dans cette course contre la montre pour d\u00e9nicher le renfort offensif id\u00e9al.<\/p>\n<p>                                <img decoding=\"async\" src=\"https:\/\/www.europesays.com\/fr\/wp-content\/uploads\/2025\/04\/1744123449_543_logo.png\" alt=\"Logo\"\/><\/p>\n<p>100\u20ac offerts sur ton 1er pari !<\/p>\n<p>                            <a href=\"https:\/\/bit.ly\/4j5wl4k\" class=\"headband-button\" rel=\"nofollow noopener\" target=\"_blank\">J&rsquo;en profite<\/a><\/p>\n<p>                                                                <img loading=\"lazy\" decoding=\"async\" src=\"https:\/\/www.europesays.com\/fr\/wp-content\/uploads\/2025\/09\/mercato-rennes-une-ultime-piste-offensive-activee-apres-les-echecs-stassin-et-harder.jpg\" alt=\"Illustration : &quot;Mercato Rennes : Une ultime piste offensive activ\u00e9e apr\u00e8s les \u00e9checs Stassin et Harder &quot;\" class=\"figure-img img-fluid\" width=\"780\" height=\"478\"\/><\/p>\n<p>                                    \u00a9 Site officiel du Stade Rennais                                <\/p>\n<p>L&rsquo;impasse Saint-\u00c9tienne et la pression temporelle<\/p>\n<p>La situation devient particuli\u00e8rement complexe avec le cas <strong>Lucas Stassin<\/strong>, l&rsquo;attaquant qui fait r\u00eaver la direction rennaise depuis plusieurs semaines. Malgr\u00e9 l&rsquo;int\u00e9r\u00eat manifeste et persistant du <strong>Stade Rennais<\/strong> pour ce profil, l&rsquo;intransigeance affich\u00e9e par l&rsquo;<strong>AS Saint-\u00c9tienne<\/strong> constitue un obstacle majeur qui semble insurmontable dans les derni\u00e8res heures du mercato. Cette fermet\u00e9 st\u00e9phanoise contraint d\u00e9sormais <strong>Lo\u00efc D\u00e9sir\u00e9<\/strong> \u00e0 revoir compl\u00e8tement sa strat\u00e9gie de recrutement et \u00e0 s&rsquo;orienter vers un profil de joueur radicalement diff\u00e9rent de celui initialement envisag\u00e9. L&rsquo;urgence temporelle ne permet plus les n\u00e9gociations prolong\u00e9es, et chaque heure qui passe r\u00e9duit les marges de man\u0153uvre du club breton. Cette contrainte temporelle pousse la direction sportive \u00e0 explorer des pistes alternatives qui auraient pu sembler secondaires il y a encore quelques jours, mais qui deviennent aujourd&rsquo;hui des options prioritaires face \u00e0 l&rsquo;\u00e9ch\u00e9ance imminente.<\/p>\n<p>Breel Embolo, la nouvelle piste prioritaire<\/p>\n<p>Dans ce contexte tendu, <strong>Breel Embolo<\/strong> \u00e9merge comme la solution potentielle pour r\u00e9soudre les probl\u00e8mes offensifs rennais. L&rsquo;attaquant suisse de l&rsquo;<strong>AS Monaco<\/strong> traverse une p\u00e9riode d\u00e9licate dans la Principaut\u00e9, o\u00f9 il n&rsquo;est plus vraiment en odeur de saintet\u00e9 et pr\u00e9pare activement son d\u00e9part du club mon\u00e9gasque. Initialement orient\u00e9 vers une destination au <strong>Moyen-Orient<\/strong>, l&rsquo;international helv\u00e8te pourrait finalement \u00eatre contraint de revoir ses plans et de rester sur le continent europ\u00e9en pour la suite de sa carri\u00e8re. Les discussions ont d\u00e9j\u00e0 \u00e9t\u00e9 entam\u00e9es puisqu&rsquo;il a eu des \u00e9changes avec <strong>Habib Beye<\/strong>, tandis que <strong>Lo\u00efc D\u00e9sir\u00e9<\/strong> d\u00e9ploie tous ses talents de persuasion pour convaincre le joueur de rejoindre la Bretagne. Cette op\u00e9ration s\u00e9duction s&rsquo;av\u00e8re cruciale pour le directeur sportif rennais, qui voit en Embolo le profil exp\u00e9riment\u00e9 capable d&rsquo;apporter imm\u00e9diatement sa contribution \u00e0 l&rsquo;attaque des Rouge et Noir.<\/p>\n<p>La concurrence romaine et les derniers enjeux<\/p>\n<p>Cependant, le <strong>Stade Rennais<\/strong> n&rsquo;est pas seul sur ce dossier sensible, puisque l&rsquo;<strong>AS Roma<\/strong> manifeste \u00e9galement un int\u00e9r\u00eat concret pour les services de <strong>Breel Embolo<\/strong>. Le club italien, qui recherche lui aussi un attaquant pour compl\u00e9ter son effectif, repr\u00e9sente une concurrence s\u00e9rieuse dans cette course finale. La proximit\u00e9 g\u00e9ographique et l&rsquo;attractivit\u00e9 du championnat italien pourraient constituer des arguments de poids dans la balance, rendant la t\u00e2che rennaise encore plus ardue. Les prochaines heures s&rsquo;annoncent donc d\u00e9cisives pour d\u00e9terminer l&rsquo;issue de cette bataille de recrutement, o\u00f9 chaque d\u00e9tail pourra faire la diff\u00e9rence. L&rsquo;urgence du temps et la multiplicit\u00e9 des acteurs en pr\u00e9sence transforment ces derniers moments du mercato en un v\u00e9ritable thriller sportif dont l&rsquo;\u00e9pilogue d\u00e9terminera la physionomie de l&rsquo;attaque rennaise pour la saison \u00e0 venir.<\/p>\n<p>Ce dimanche, l\u2019Olympico attend l\u2019OM au Groupama Stadium pour confirmer apr\u00e8s la victoire contre le PFC. \u00c0 cette occasion, profitez de 100\u20ac offerts pour votre premi\u00e8re inscription sur Parions Sport en Ligne. <a href=\"http:\/\/bit.ly\/4hgs1yE\" rel=\"nofollow noopener\" target=\"_blank\"><strong>Une victoire de l\u2019OM face \u00e0 l\u2019OL avec au moins un but d\u2019Aubameyang vous rapporte jusqu\u2019\u00e0 427\u20ac !<\/strong><\/a><\/p>\n<p><strong>Pour en profiter, c\u2019est tr\u00e8s simple :<\/strong><\/p>\n<p>&#8211;                  Cr\u00e9ez votre compte joueur en seulement 2 \u00e9tapes <a href=\"http:\/\/bit.ly\/4hgs1yE\" rel=\"nofollow noopener\" target=\"_blank\"><strong>ici<\/strong><\/a><\/p>\n<p>&#8211;                  R\u00e9alisez votre 1er d\u00e9p\u00f4t puis placez votre 1er pari (Minimum 5\u20ac)<\/p>\n<p>&#8211;                  Une fois votre 1er d\u00e9p\u00f4t et votre 1er pari r\u00e9alis\u00e9s, l\u2019int\u00e9gralit\u00e9 du montant de ce 1er pari sera cr\u00e9dit\u00e9e sur votre compte joueur dans la limite de 100\u20ac maximum et sous la forme de cr\u00e9dits de jeu non retirables. Le cr\u00e9dit s\u2019effectuera alors en une seule \u00e9tape et sous 3 jours<\/p>\n<p>Jouer comporte des risques : endettement, d\u00e9pendance\u2026 Appelez le 09 74 75 13 13 (appel non surtax\u00e9)<\/p>\n","protected":false},"excerpt":{"rendered":"Publi\u00e9 le 31\/08\/2025 \u00e0 18h35 3 minutes de lecture F\u00e9ru de sport et plus particuli\u00e8rement de ballon rond&hellip;\n","protected":false},"author":2,"featured_media":357530,"comment_status":"","ping_status":"","sticky":false,"template":"","format":"standard","meta":{"footnotes":""},"categories":[2821],"tags":[1111,11,829,1777,674,1011,27,12,584,25],"class_list":{"0":"post-357529","1":"post","2":"type-post","3":"status-publish","4":"format-standard","5":"has-post-thumbnail","7":"category-rennes","8":"tag-actu","9":"tag-actualites","10":"tag-bretagne","11":"tag-eu","12":"tag-europe","13":"tag-fr","14":"tag-france","15":"tag-news","16":"tag-rennes","17":"tag-republique-francaise"},"share_on_mastodon":{"url":"https:\/\/pubeurope.com\/@fr\/115126823175885699","error":""},"_links":{"self":[{"href":"https:\/\/www.europesays.com\/fr\/wp-json\/wp\/v2\/posts\/357529","targetHints":{"allow":["GET"]}}],"collection":[{"href":"https:\/\/www.europesays.com\/fr\/wp-json\/wp\/v2\/posts"}],"about":[{"href":"https:\/\/www.europesays.com\/fr\/wp-json\/wp\/v2\/types\/post"}],"author":[{"embeddable":true,"href":"https:\/\/www.europesays.com\/fr\/wp-json\/wp\/v2\/users\/2"}],"replies":[{"embeddable":true,"href":"https:\/\/www.europesays.com\/fr\/wp-json\/wp\/v2\/comments?post=357529"}],"version-history":[{"count":0,"href":"https:\/\/www.europesays.com\/fr\/wp-json\/wp\/v2\/posts\/357529\/revisions"}],"wp:featuredmedia":[{"embeddable":true,"href":"https:\/\/www.europesays.com\/fr\/wp-json\/wp\/v2\/media\/357530"}],"wp:attachment":[{"href":"https:\/\/www.europesays.com\/fr\/wp-json\/wp\/v2\/media?parent=357529"}],"wp:term":[{"taxonomy":"category","embeddable":true,"href":"https:\/\/www.europesays.com\/fr\/wp-json\/wp\/v2\/categories?post=357529"},{"taxonomy":"post_tag","embeddable":true,"href":"https:\/\/www.europesays.com\/fr\/wp-json\/wp\/v2\/tags?post=357529"}],"curies":[{"name":"wp","href":"https:\/\/api.w.org\/{rel}","templated":true}]}}