{"id":357533,"date":"2025-09-01T03:05:11","date_gmt":"2025-09-01T03:05:11","guid":{"rendered":"https:\/\/www.europesays.com\/fr\/357533\/"},"modified":"2025-09-01T03:05:11","modified_gmt":"2025-09-01T03:05:11","slug":"monaco-na-pas-envoye-un-bon-signal-estime-hutter-malgre-la-victoire-contre-strasbourg","status":"publish","type":"post","link":"https:\/\/www.europesays.com\/fr\/357533\/","title":{"rendered":"Monaco \u00abn&rsquo;a pas envoy\u00e9 un bon signal\u00bb, estime H\u00fctter malgr\u00e9 la victoire contre Strasbourg"},"content":{"rendered":"<p>L\u2019ASM, qui menait tranquillement 2-0, a d\u00fb attendre les arr\u00eats de jeu et un but de la t\u00eate de Takumi Minamino, pour arracher la victoire contre le Racing (3-2) lors de la 3e journ\u00e9e de Ligue 1.<\/p>\n<p class=\"fig-paragraph\">Adi H\u00fctter, dont l&rsquo;\u00e9quipe a d\u00fb attendre les arr\u00eats de jeu pour\u00a0<a href=\"http:\/\/www.lefigaro.fr\/sports\/football\/ligue-1\/ligue-1-le-paris-fc-reussit-sa-premiere-a-jean-bouin-contre-metz-monaco-tenu-en-echec-par-strasbourg-nice-chute-au-havre-20250831\" data-fig-type=\"NewsFlash\" data-gtm-custom-categorie=\"navigation\" data-gtm-custom-action=\"crossclick\" data-gtm-custom-label=\"Contextuel\" data-gtm-event=\"customEventSPE\" data-fig-domain=\"LEFIGARO\" target=\"_blank\" rel=\"noopener\">l&#8217;emporter (3-2) apr\u00e8s avoir men\u00e9 2-0 contre Strasbourg<\/a>\u00a0dimanche, a estim\u00e9 que Monaco n&rsquo;avait \u00abpas envoy\u00e9 un bon signal\u00bb. \u00abSatisfait de la victoire\u00bb et \u00abdu rebond\u00bb contre une bonne \u00e9quipe de Strasbourg apr\u00e8s la d\u00e9faite \u00e0 Lille (1-0) la semaine derni\u00e8re,\u00a0<a href=\"http:\/\/www.lefigaro.fr\/sports\/football\/ligue-1\/ligue-1-comme-si-j-avais-vide-un-sac-de-pierres-de-mon-dos-lache-huetter-l-entraineur-de-monaco-20250511\" data-fig-type=\"NewsFlash\" data-gtm-custom-categorie=\"navigation\" data-gtm-custom-action=\"crossclick\" data-gtm-custom-label=\"Contextuel\" data-gtm-event=\"customEventSPE\" data-fig-domain=\"LEFIGARO\" target=\"_blank\" rel=\"noopener\">H\u00fctter\u00a0<\/a>n&rsquo;a pas \u00e9t\u00e9 dupe de ce qui s&rsquo;est pass\u00e9.<\/p>\n<p class=\"fig-paragraph\">\u00abOn n&rsquo;a pas envoy\u00e9 un bon signal, a-t-il dit. On doit tuer le match, mener 3-0 voire 4-0, tellement on a des opportunit\u00e9s. \u00c0 3-0, c&rsquo;est tr\u00e8s difficile pour l&rsquo;adversaire de revenir. Mais mener 2-0, c&rsquo;est dangereux. Tout monde pense que tu es tranquille. Et puis Strasbourg est revenu en deux minutes, avec un but fantastique de Bakwa. Au final, on a m\u00e9rit\u00e9 la victoire mais elle a \u00e9t\u00e9 tr\u00e8s compliqu\u00e9e.\u00bb H\u00fctter a aussi pr\u00e9cis\u00e9 ne pas \u00eatre \u00absatisfait ce que qui s&rsquo;est pass\u00e9\u00bb. \u00abOn a parfois montr\u00e9 qu&rsquo;on \u00e9tait une tr\u00e8s bonne \u00e9quipe, mais sur quelques s\u00e9quences, on ne l&rsquo;a pas montr\u00e9 du tout. On doit encore beaucoup s&rsquo;am\u00e9liorer\u00bb, a-t-il assur\u00e9.<\/p>\n<p>                                    <a class=\"fig-a11y-skip a11y-hidden\" href=\"#fig-a11y-skip-main-inarticle\"><br \/>\n        Passer la publicit\u00e9<br \/>\n    <\/a><\/p>\n<p class=\"fig-paragraph\">Le gardien Lukas Hradecky, qui s&rsquo;est plaint d&rsquo;un genou, \u00aba voulu rester sur le terrain\u00bb avant que H\u00fctter prenne la d\u00e9cision de le sortir et \u00abPhilippe Kohn a \u00e9t\u00e9 bon, il nous a sauv\u00e9s du troisi\u00e8me but\u00bb. Il s&rsquo;est dit content pour Folarin Balogun \u00abqui a bien travaill\u00e9\u00bb et pour Maghn\u00e8s Akliouche qui a v\u00e9cu \u00abune semaine fantastique et \u00e9t\u00e9 performant alors qu&rsquo;il devait cogiter avec cette s\u00e9lection en \u00e9quipe de France\u00bb. H\u00fctter a \u00e9galement \u00e9voqu\u00e9 le futur d\u00e9part d&rsquo;Eliesse Ben Seghir \u00e0 Leverkusen.<\/p>\n<p class=\"fig-paragraph\">\u00abEliesse est un tr\u00e8s bon joueur et aussi un bon gar\u00e7on, a-t-il expliqu\u00e9. Il me disait que j&rsquo;\u00e9tais parfois tr\u00e8s dur avec lui. Mais je l&rsquo;ai pr\u00e9par\u00e9, parce qu&rsquo;en Allemagne ce n&rsquo;est pas simple. Il s&rsquo;est bien d\u00e9velopp\u00e9 ici. Je suis s\u00fbr qu&rsquo;il fera une bonne carri\u00e8re et lui souhaite le meilleur en Allemagne. Il apprendra beaucoup l\u00e0-bas.\u00bb<\/p>\n","protected":false},"excerpt":{"rendered":"L\u2019ASM, qui menait tranquillement 2-0, a d\u00fb attendre les arr\u00eats de jeu et un but de la t\u00eate&hellip;\n","protected":false},"author":2,"featured_media":357534,"comment_status":"","ping_status":"","sticky":false,"template":"","format":"standard","meta":{"footnotes":""},"categories":[2820],"tags":[1111,11,2266,1777,674,1011,27,775,12,25,640],"class_list":{"0":"post-357533","1":"post","2":"type-post","3":"status-publish","4":"format-standard","5":"has-post-thumbnail","7":"category-strasbourg","8":"tag-actu","9":"tag-actualites","10":"tag-as-monaco","11":"tag-eu","12":"tag-europe","13":"tag-fr","14":"tag-france","15":"tag-grand-est","16":"tag-news","17":"tag-republique-francaise","18":"tag-strasbourg"},"share_on_mastodon":{"url":"https:\/\/pubeurope.com\/@fr\/115126830625422336","error":""},"_links":{"self":[{"href":"https:\/\/www.europesays.com\/fr\/wp-json\/wp\/v2\/posts\/357533","targetHints":{"allow":["GET"]}}],"collection":[{"href":"https:\/\/www.europesays.com\/fr\/wp-json\/wp\/v2\/posts"}],"about":[{"href":"https:\/\/www.europesays.com\/fr\/wp-json\/wp\/v2\/types\/post"}],"author":[{"embeddable":true,"href":"https:\/\/www.europesays.com\/fr\/wp-json\/wp\/v2\/users\/2"}],"replies":[{"embeddable":true,"href":"https:\/\/www.europesays.com\/fr\/wp-json\/wp\/v2\/comments?post=357533"}],"version-history":[{"count":0,"href":"https:\/\/www.europesays.com\/fr\/wp-json\/wp\/v2\/posts\/357533\/revisions"}],"wp:featuredmedia":[{"embeddable":true,"href":"https:\/\/www.europesays.com\/fr\/wp-json\/wp\/v2\/media\/357534"}],"wp:attachment":[{"href":"https:\/\/www.europesays.com\/fr\/wp-json\/wp\/v2\/media?parent=357533"}],"wp:term":[{"taxonomy":"category","embeddable":true,"href":"https:\/\/www.europesays.com\/fr\/wp-json\/wp\/v2\/categories?post=357533"},{"taxonomy":"post_tag","embeddable":true,"href":"https:\/\/www.europesays.com\/fr\/wp-json\/wp\/v2\/tags?post=357533"}],"curies":[{"name":"wp","href":"https:\/\/api.w.org\/{rel}","templated":true}]}}