{"id":357538,"date":"2025-09-01T03:10:00","date_gmt":"2025-09-01T03:10:00","guid":{"rendered":"https:\/\/www.europesays.com\/fr\/357538\/"},"modified":"2025-09-01T03:10:00","modified_gmt":"2025-09-01T03:10:00","slug":"11-blesses-dont-un-grave-un-adolescent-de-14-ans","status":"publish","type":"post","link":"https:\/\/www.europesays.com\/fr\/357538\/","title":{"rendered":"11 bless\u00e9s dont un grave, un adolescent de 14 ans"},"content":{"rendered":"<p>            Par<br \/>\n        <strong><br \/>\n            <a href=\"https:\/\/actu.fr\/auteur\/frederic-prot\" title=\"Consulter tous les articles de Fr\u00e9d\u00e9ric Prot\" rel=\"nofollow noopener\" target=\"_blank\">Fr\u00e9d\u00e9ric Prot<\/a><br \/>\n        <\/strong><\/p>\n<p>        Publi\u00e9 le<\/p>\n<p>            30 ao\u00fbt 2025 \u00e0 7h35        <\/p>\n<p>Vendredi 29\u00a0ao\u00fbt 2025, un peu apr\u00e8s 23\u2009h, les pompiers ont \u00e9t\u00e9 appel\u00e9s pour une collision entre trois v\u00e9hicules survenue sur la RN 165, \u00e0 hauteur de <a href=\"https:\/\/actu.fr\/pays-de-la-loire\/savenay_44195\" rel=\"nofollow noopener\" target=\"_blank\">Savenay<\/a> dans le sens Nantes \/ Vannes.<\/p>\n<p>49 pompiers mobilis\u00e9s<\/p>\n<p class=\" wall-content\">Selon le Sdis 44 (Service d\u00e9partemental d\u2019incendie et de secours de Loire-Atlantique), le bilan est d\u2019un bless\u00e9 grave (un adolescent de 14\u00a0ans) et dix bless\u00e9s l\u00e9gers (dont six mineurs).<\/p>\n<p class=\" wall-content\">Deux autres occupants des v\u00e9hicules impliqu\u00e9s n\u2019ont pas eu besoin d\u2019\u00eatre pris en charge\u00a0par les secours.<\/p>\n<p class=\" wall-content\">49 pompiers, 15 de leurs v\u00e9hicules et deux \u00e9quipes du Smur ont \u00e9t\u00e9 mobilis\u00e9s pour cette intervention.<\/p>\n<p class=\" wall-content\">Personnalisez votre actualit\u00e9 en ajoutant vos villes et m\u00e9dias en favori avec <a href=\"https:\/\/moncompte.actu.fr\" title=\"D\u00e9couvez Mon Actu\" rel=\"nofollow noopener\" data-trk=\"{&quot;cta&quot;:{&quot;action&quot;:&quot;https:\\\/\\\/moncompte.actu.fr&quot;,&quot;category&quot;:&quot;mon compte&quot;,&quot;from&quot;:&quot;article footer&quot;,&quot;name&quot;:&quot;Mon actu&quot;,&quot;type&quot;:&quot;cta&quot;}}\" target=\"_blank\">Mon Actu<\/a>.<\/p>\n","protected":false},"excerpt":{"rendered":"Par Fr\u00e9d\u00e9ric Prot Publi\u00e9 le 30 ao\u00fbt 2025 \u00e0 7h35 Vendredi 29\u00a0ao\u00fbt 2025, un peu apr\u00e8s 23\u2009h, les&hellip;\n","protected":false},"author":2,"featured_media":357539,"comment_status":"","ping_status":"","sticky":false,"template":"","format":"standard","meta":{"footnotes":""},"categories":[2818],"tags":[119,1111,11,1777,674,118,1011,27,766,12,2636,1311,25],"class_list":{"0":"post-357538","1":"post","2":"type-post","3":"status-publish","4":"format-standard","5":"has-post-thumbnail","7":"category-nantes","8":"tag-accident","9":"tag-actu","10":"tag-actualites","11":"tag-eu","12":"tag-europe","13":"tag-faits-divers","14":"tag-fr","15":"tag-france","16":"tag-nantes","17":"tag-news","18":"tag-pays-de-la-loire","19":"tag-pompiers","20":"tag-republique-francaise"},"share_on_mastodon":{"url":"https:\/\/pubeurope.com\/@fr\/115126850567475054","error":""},"_links":{"self":[{"href":"https:\/\/www.europesays.com\/fr\/wp-json\/wp\/v2\/posts\/357538","targetHints":{"allow":["GET"]}}],"collection":[{"href":"https:\/\/www.europesays.com\/fr\/wp-json\/wp\/v2\/posts"}],"about":[{"href":"https:\/\/www.europesays.com\/fr\/wp-json\/wp\/v2\/types\/post"}],"author":[{"embeddable":true,"href":"https:\/\/www.europesays.com\/fr\/wp-json\/wp\/v2\/users\/2"}],"replies":[{"embeddable":true,"href":"https:\/\/www.europesays.com\/fr\/wp-json\/wp\/v2\/comments?post=357538"}],"version-history":[{"count":0,"href":"https:\/\/www.europesays.com\/fr\/wp-json\/wp\/v2\/posts\/357538\/revisions"}],"wp:featuredmedia":[{"embeddable":true,"href":"https:\/\/www.europesays.com\/fr\/wp-json\/wp\/v2\/media\/357539"}],"wp:attachment":[{"href":"https:\/\/www.europesays.com\/fr\/wp-json\/wp\/v2\/media?parent=357538"}],"wp:term":[{"taxonomy":"category","embeddable":true,"href":"https:\/\/www.europesays.com\/fr\/wp-json\/wp\/v2\/categories?post=357538"},{"taxonomy":"post_tag","embeddable":true,"href":"https:\/\/www.europesays.com\/fr\/wp-json\/wp\/v2\/tags?post=357538"}],"curies":[{"name":"wp","href":"https:\/\/api.w.org\/{rel}","templated":true}]}}