{"id":357554,"date":"2025-09-01T03:19:10","date_gmt":"2025-09-01T03:19:10","guid":{"rendered":"https:\/\/www.europesays.com\/fr\/357554\/"},"modified":"2025-09-01T03:19:10","modified_gmt":"2025-09-01T03:19:10","slug":"le-parc-de-stationnement-terreaux-va-partiellement-rouvrir-pour-la-rentree","status":"publish","type":"post","link":"https:\/\/www.europesays.com\/fr\/357554\/","title":{"rendered":"le parc de stationnement Terreaux va partiellement rouvrir pour la rentr\u00e9e"},"content":{"rendered":"<p itemprop=\"description\"><strong>Le 2 septembre prochain, le parc de stationnement Terreaux (Lyon 1er) rouvrira ses portes pour les automobilistes.<\/strong><\/p>\n<p>Celui-ci \u00e9tait ferm\u00e9 depuis la fin du mois d\u2019avril dernier pour des travaux de modernisation sur les six niveaux de parking. Ceux-ci ne sont pas encore totalement achev\u00e9s, puisque la fin est pr\u00e9vue pour le d\u00e9but du mois d\u2019octobre. Pour autant, les niveaux -1 et -4 ouvriront d\u00e8s ce mardi.<\/p>\n<p>Le chantier avait pour objectif de r\u00e9nover les installations de s\u00e9curit\u00e9 incendie, la ventilation et les \u00e9clairages avec des luminaires LED plus \u00e9conomes et performants. \u00ab\u00a0La signal\u00e9tique a \u00e9t\u00e9 enti\u00e8rement repens\u00e9e afin de garantir une meilleure lisibilit\u00e9 des cheminements et une exp\u00e9rience plus fluide et s\u00e9curis\u00e9e pour les automobilistes et les conducteurs de deux-roues\u00a0\u00bb, peut-on lire dans un communiqu\u00e9 de LPA Mobilit\u00e9s.<\/p>\n<p>Pr\u00e8s de 623 places voiture, dont 11 places r\u00e9serv\u00e9es PMR, 12 places d\u00e9di\u00e9es au service d\u2019autopartage, et 40 bornes de recharge \u00e9lectrique vont \u00eatre mis \u00e0 disposition. Il y aura \u00e9galement 537 emplacements v\u00e9los dont 25 r\u00e9serv\u00e9es aux v\u00e9los cargos et 164 places motos. Petite particularit\u00e9, vous n\u2019aurez plus besoin de prendre un ticket papier \u00e0 l\u2019entr\u00e9e du parking. Le nouveau syst\u00e8me enregistrera directement votre plaque d\u2019immatriculation pour permettre de fluidifier le trafic.<\/p>\n<p>L\u2019\u0153uvre d\u2019art du parc, nomm\u00e9e Sans titre et r\u00e9alis\u00e9e par Matt Mullican, a aussi \u00e9t\u00e9 restaur\u00e9e. \u00c0 noter que le projet, ayant un co\u00fbt estim\u00e9 \u00e0 4,5 millions d\u2019euros, a \u00e9t\u00e9 enti\u00e8rement financ\u00e9 par la M\u00e9tropole de Lyon.<\/p>\n","protected":false},"excerpt":{"rendered":"Le 2 septembre prochain, le parc de stationnement Terreaux (Lyon 1er) rouvrira ses portes pour les automobilistes. Celui-ci&hellip;\n","protected":false},"author":2,"featured_media":357555,"comment_status":"","ping_status":"","sticky":false,"template":"","format":"standard","meta":{"footnotes":""},"categories":[1889],"tags":[1111,11,2813,2190,2430,1109,251,1112,2811,1777,674,118,1011,27,1922,1110,1114,2428,2810,12,241,316,25,2812,517,800],"class_list":{"0":"post-357554","1":"post","2":"type-post","3":"status-publish","4":"format-standard","5":"has-post-thumbnail","7":"category-lyon","8":"tag-actu","9":"tag-actualites","10":"tag-article","11":"tag-asvel","12":"tag-auvergne-rhone-alpes","13":"tag-breves","14":"tag-culture","15":"tag-depeches","16":"tag-economique","17":"tag-eu","18":"tag-europe","19":"tag-faits-divers","20":"tag-fr","21":"tag-france","22":"tag-info","23":"tag-informations","24":"tag-infos","25":"tag-lyon","26":"tag-lyonmag","27":"tag-news","28":"tag-ol","29":"tag-politique","30":"tag-republique-francaise","31":"tag-sociale","32":"tag-sport","33":"tag-transports"},"share_on_mastodon":{"url":"https:\/\/pubeurope.com\/@fr\/115126885673872535","error":""},"_links":{"self":[{"href":"https:\/\/www.europesays.com\/fr\/wp-json\/wp\/v2\/posts\/357554","targetHints":{"allow":["GET"]}}],"collection":[{"href":"https:\/\/www.europesays.com\/fr\/wp-json\/wp\/v2\/posts"}],"about":[{"href":"https:\/\/www.europesays.com\/fr\/wp-json\/wp\/v2\/types\/post"}],"author":[{"embeddable":true,"href":"https:\/\/www.europesays.com\/fr\/wp-json\/wp\/v2\/users\/2"}],"replies":[{"embeddable":true,"href":"https:\/\/www.europesays.com\/fr\/wp-json\/wp\/v2\/comments?post=357554"}],"version-history":[{"count":0,"href":"https:\/\/www.europesays.com\/fr\/wp-json\/wp\/v2\/posts\/357554\/revisions"}],"wp:featuredmedia":[{"embeddable":true,"href":"https:\/\/www.europesays.com\/fr\/wp-json\/wp\/v2\/media\/357555"}],"wp:attachment":[{"href":"https:\/\/www.europesays.com\/fr\/wp-json\/wp\/v2\/media?parent=357554"}],"wp:term":[{"taxonomy":"category","embeddable":true,"href":"https:\/\/www.europesays.com\/fr\/wp-json\/wp\/v2\/categories?post=357554"},{"taxonomy":"post_tag","embeddable":true,"href":"https:\/\/www.europesays.com\/fr\/wp-json\/wp\/v2\/tags?post=357554"}],"curies":[{"name":"wp","href":"https:\/\/api.w.org\/{rel}","templated":true}]}}