{"id":357562,"date":"2025-09-01T03:24:16","date_gmt":"2025-09-01T03:24:16","guid":{"rendered":"https:\/\/www.europesays.com\/fr\/357562\/"},"modified":"2025-09-01T03:24:16","modified_gmt":"2025-09-01T03:24:16","slug":"un-detenu-meurt-dans-lincendie-de-sa-cellule-liberation","status":"publish","type":"post","link":"https:\/\/www.europesays.com\/fr\/357562\/","title":{"rendered":"un d\u00e9tenu meurt dans l\u2019incendie de sa cellule \u2013 Lib\u00e9ration"},"content":{"rendered":"<p class=\"sc-ksZaOG ehjQrN text-element\">L\u2019homme, \u00e2g\u00e9 de 40 ans, est mort carbonis\u00e9. Ce dimanche 31 ao\u00fbt au matin, sa d\u00e9pouille a \u00e9t\u00e9 retrouv\u00e9e par les secours qui intervenaient apr\u00e8s un incendie d\u00e9clench\u00e9 dans une des ge\u00f4les de la prison de la Sant\u00e9.<\/p>\n<p class=\"sc-ksZaOG ehjQrN text-element\">Le d\u00e9tenu n\u2019avait plus qu\u2019un gros mois \u00e0 purger <a href=\"https:\/\/www.liberation.fr\/tags\/prisons\/\" target=\"_blank\" rel=\"noopener\" title=\"https:\/\/www.liberation.fr\/tags\/prisons\/\">derri\u00e8re les barreaux<\/a>. Selon <a href=\"https:\/\/www.leparisien.fr\/faits-divers\/paris-un-detenu-de-la-prison-de-la-sante-retrouve-carbonise-dans-sa-cellule-31-08-2025-LCL4K3SFGZCLRNWTX7KGA66FDI.php\" target=\"_blank\" rel=\"noopener\" title=\"https:\/\/www.leparisien.fr\/faits-divers\/paris-un-detenu-de-la-prison-de-la-sante-retrouve-carbonise-dans-sa-cellule-31-08-2025-LCL4K3SFGZCLRNWTX7KGA66FDI.php\">le Parisien<\/a>, son corps n\u2019\u00e9tait pas reconnaissable lorsque les pompiers sont enfin parvenus \u00e0 s\u2019introduire dans sa cellule. D\u2019apr\u00e8s le parquet de Paris, ce d\u00e9tenu souffrait de troubles psychiatriques. \u00abVisiblement, c\u2019est une personne d\u00e9tenue qui a mis le feu \u00e0 sa cellule\u00bb, a d\u00e9taill\u00e9 l\u2019administration p\u00e9nitentiaire, en pr\u00e9cisant qu\u2019il y s\u00e9journait seul.<\/p>\n<p class=\"sc-ksZaOG ehjQrN text-element\">Condamn\u00e9 \u00e0 une peine correctionnelle, l\u2019homme \u00e9tait lib\u00e9rable le 22 octobre, a-t-elle ajout\u00e9. Apr\u00e8s ce drame, le parquet a ajout\u00e9 avoir ordonn\u00e9 l\u2019ouverture d\u2019une \u00abenqu\u00eate en recherche des causes de la mort\u00bb.<\/p>\n<p class=\"sc-ksZaOG ehjQrN text-element\">Le feu a \u00e9t\u00e9 ma\u00eetris\u00e9 apr\u00e8s l\u2019intervention des <a href=\"https:\/\/www.liberation.fr\/france\/2020\/11\/17\/echelle-de-valeurs_1805864\/\" target=\"_blank\" rel=\"noopener\" title=\"https:\/\/www.liberation.fr\/france\/2020\/11\/17\/echelle-de-valeurs_1805864\/\">pompiers<\/a>. Ces derniers ont fait \u00e9tat de la mobilisation d\u2019une quinzaine d\u2019engins et d\u2019une soixantaine de soldats du feu, \u00abaux environs de 6 heures\u00bb ce dimanche matin.<\/p>\n<p class=\"sc-ksZaOG ehjQrN text-element\">Les \u00e9quipes r\u00e9gionales d\u2019intervention et de s\u00e9curit\u00e9 (Eris) de l\u2019administration p\u00e9nitentiaire ont \u00e9t\u00e9 d\u00e9ploy\u00e9es sur le site pour s\u00e9curiser <a href=\"https:\/\/www.liberation.fr\/societe\/police-justice\/hygiene-deplorable-repas-frugaux-encadrement-inexistant-la-controleure-des-prisons-recommande-la-fermeture-de-la-prison-pour-mineurs-de-marseille-20250829_4OVVGSFMJBBMLMOJ7E4ZIPN7AU\/\" target=\"_blank\" rel=\"noopener\" title=\"https:\/\/www.liberation.fr\/societe\/police-justice\/hygiene-deplorable-repas-frugaux-encadrement-inexistant-la-controleure-des-prisons-recommande-la-fermeture-de-la-prison-pour-mineurs-de-marseille-20250829_4OVVGSFMJBBMLMOJ7E4ZIPN7AU\/\">l\u2019\u00e9tablissement<\/a>, le temps de l\u2019intervention des pompiers.<\/p>\n<p class=\"sc-ksZaOG ehjQrN text-element\">Conform\u00e9ment au protocole en vigueur, les d\u00e9tenus de deux coursives avoisinantes ont \u00e9t\u00e9 \u00e9vacu\u00e9s pour les prot\u00e9ger des fum\u00e9es toxiques : \u00abune centaine de d\u00e9tenus ont \u00e9t\u00e9 plac\u00e9e dans la cour de promenade d\u2019un autre b\u00e2timent puis r\u00e9int\u00e9gr\u00e9s\u00bb, a pr\u00e9cis\u00e9 l\u2019administration p\u00e9nitentiaire.<\/p>\n<p class=\"sc-ksZaOG ehjQrN text-element\">Quatre d\u00e9tenus ont \u00e9t\u00e9 transf\u00e9r\u00e9s \u00e0 l\u2019h\u00f4pital pour des examens respiratoires, \u00e0 la suite de l\u2019inhalation de fum\u00e9es. Aucun agent p\u00e9nitentiaire n\u2019a \u00e9t\u00e9 bless\u00e9. Toujours selon<a href=\"https:\/\/www.liberation.fr\/societe\/police-justice\/prison-de-vendin-le-vieil-des-detenus-contestent-en-justice-leur-incarceration-dans-le-quartier-de-haute-securite-20250825_JOJ6HHLS7VEAFL5NAPFK73IWNU\/\" target=\"_blank\" rel=\"noopener\" title=\"https:\/\/www.liberation.fr\/societe\/police-justice\/prison-de-vendin-le-vieil-des-detenus-contestent-en-justice-leur-incarceration-dans-le-quartier-de-haute-securite-20250825_JOJ6HHLS7VEAFL5NAPFK73IWNU\/\"> l\u2019administration p\u00e9nitentiaire<\/a>, \u00abseule la cellule touch\u00e9e serait d\u00e9truite\u00bb.<\/p>\n<p class=\"sc-ksZaOG ehjQrN text-element\">Au 1er ao\u00fbt, selon les statistiques du minist\u00e8re de la Justice, la prison de la Sant\u00e9, situ\u00e9e dans le XIVe arrondissement de Paris, affichait une surpopulation carc\u00e9rale de 189,2 %. Elle comptait alors 1 243 d\u00e9tenus pour 657 places.<\/p>\n","protected":false},"excerpt":{"rendered":"L\u2019homme, \u00e2g\u00e9 de 40 ans, est mort carbonis\u00e9. Ce dimanche 31 ao\u00fbt au matin, sa d\u00e9pouille a \u00e9t\u00e9&hellip;\n","protected":false},"author":2,"featured_media":357563,"comment_status":"","ping_status":"","sticky":false,"template":"","format":"standard","meta":{"footnotes":""},"categories":[1888],"tags":[1111,1928,11,1927,1777,674,118,1011,27,1310,12,1926,626,1925,899,25],"class_list":{"0":"post-357562","1":"post","2":"type-post","3":"status-publish","4":"format-standard","5":"has-post-thumbnail","7":"category-paris","8":"tag-actu","9":"tag-actu-paris","10":"tag-actualites","11":"tag-actualites-paris","12":"tag-eu","13":"tag-europe","14":"tag-faits-divers","15":"tag-fr","16":"tag-france","17":"tag-incendie","18":"tag-news","19":"tag-news-paris","20":"tag-paris","21":"tag-paris-news","22":"tag-prisons","23":"tag-republique-francaise"},"share_on_mastodon":{"url":"https:\/\/pubeurope.com\/@fr\/115126905328540855","error":""},"_links":{"self":[{"href":"https:\/\/www.europesays.com\/fr\/wp-json\/wp\/v2\/posts\/357562","targetHints":{"allow":["GET"]}}],"collection":[{"href":"https:\/\/www.europesays.com\/fr\/wp-json\/wp\/v2\/posts"}],"about":[{"href":"https:\/\/www.europesays.com\/fr\/wp-json\/wp\/v2\/types\/post"}],"author":[{"embeddable":true,"href":"https:\/\/www.europesays.com\/fr\/wp-json\/wp\/v2\/users\/2"}],"replies":[{"embeddable":true,"href":"https:\/\/www.europesays.com\/fr\/wp-json\/wp\/v2\/comments?post=357562"}],"version-history":[{"count":0,"href":"https:\/\/www.europesays.com\/fr\/wp-json\/wp\/v2\/posts\/357562\/revisions"}],"wp:featuredmedia":[{"embeddable":true,"href":"https:\/\/www.europesays.com\/fr\/wp-json\/wp\/v2\/media\/357563"}],"wp:attachment":[{"href":"https:\/\/www.europesays.com\/fr\/wp-json\/wp\/v2\/media?parent=357562"}],"wp:term":[{"taxonomy":"category","embeddable":true,"href":"https:\/\/www.europesays.com\/fr\/wp-json\/wp\/v2\/categories?post=357562"},{"taxonomy":"post_tag","embeddable":true,"href":"https:\/\/www.europesays.com\/fr\/wp-json\/wp\/v2\/tags?post=357562"}],"curies":[{"name":"wp","href":"https:\/\/api.w.org\/{rel}","templated":true}]}}