{"id":357575,"date":"2025-09-01T03:31:08","date_gmt":"2025-09-01T03:31:08","guid":{"rendered":"https:\/\/www.europesays.com\/fr\/357575\/"},"modified":"2025-09-01T03:31:08","modified_gmt":"2025-09-01T03:31:08","slug":"annuler-deux-jours-feries-un-premier-ministre-francais-ne-peut-y-survivre","status":"publish","type":"post","link":"https:\/\/www.europesays.com\/fr\/357575\/","title":{"rendered":"Annuler deux jours f\u00e9ri\u00e9s ? Un Premier ministre fran\u00e7ais ne peut y survivre"},"content":{"rendered":"\n<p>Quand arrive le mois de septembre, une cinqui\u00e8me saison commence en France\u00a0: celle de la rentr\u00e9e*. Partout dans l\u2019Hexagone, le d\u00e9but de l\u2019ann\u00e9e scolaire fait figure de nouveau d\u00e9part, un vent de fra\u00eecheur souffle sur tous les secteurs, et avec lui l\u2019espoir de nouvelles id\u00e9es, de nouveaux sujets, de journ\u00e9es tranquilles de fin d\u2019\u00e9t\u00e9, comme si les vacances avaient balay\u00e9 tous les vieux probl\u00e8mes. Mais cette ann\u00e9e, la rentr\u00e9e politique pr\u00e9cipite le pays \u2013 \u00e0 bout de souffle \u2013 tout droit vers la crise.<\/p>\n<p>La faute aux <a target=\"_blank\" href=\"https:\/\/www.courrierinternational.com\/article\/vu-de-l-etranger-budget-francois-bayrou-joue-sa-survie-politique-sur-des-mesures-impopulaires_233164\" rel=\"noopener\">mesures drastiques pr\u00e9sent\u00e9es, le 15\u00a0juillet, par Fran\u00e7ois Bayrou<\/a> pour r\u00e9duire la dette colossale du pays, gr\u00e2ce \u00e0 des milliards d\u2019euros d\u2019\u00e9conomies. Une proposition, surtout, a retenu l\u2019attention\u00a0: la suppression de deux jours f\u00e9ri\u00e9s, per\u00e7ue comme une atteinte \u00e0 l\u2019une des valeurs fondamentales de la France, la qualit\u00e9 de vie. Le Premier ministre ne compte pas, en revanche, faire payer les plus riches avec des taxes sp\u00e9ciales ou des hausses d\u2019imp\u00f4ts, malgr\u00e9 les recommandations de nombreux \u00e9conomistes.<\/p>\n<p>Plus de boulot, moins de repos, l\u2019initiative est mal pass\u00e9e aupr\u00e8s du grand public. Car les prix restent \u00e9lev\u00e9s, les salaires modestes et, dans les grandes villes, les actifs ont bien du mal \u00e0 boucler les fins de mois. Ils sont peu nombreux, aujourd\u2019hui, \u00e0 pouvoir encore s\u2019of<\/p>\n","protected":false},"excerpt":{"rendered":"Quand arrive le mois de septembre, une cinqui\u00e8me saison commence en France\u00a0: celle de la rentr\u00e9e*. Partout dans&hellip;\n","protected":false},"author":2,"featured_media":357576,"comment_status":"","ping_status":"","sticky":false,"template":"","format":"standard","meta":{"footnotes":""},"categories":[1587],"tags":[11,672,1804,1805,1803,1777,674,27,15763,1801,3821,12,316,1802,1857,2542],"class_list":{"0":"post-357575","1":"post","2":"type-post","3":"status-publish","4":"format-standard","5":"has-post-thumbnail","7":"category-allemagne","8":"tag-actualites","9":"tag-allemagne","10":"tag-bundesrepublik-deutschland","11":"tag-de","12":"tag-deutschland","13":"tag-eu","14":"tag-europe","15":"tag-france","16":"tag-franu00e7ois-bayrou","17":"tag-germany","18":"tag-la-france-vue-de-lu2019u00e9tranger","19":"tag-news","20":"tag-politique","21":"tag-republique-federale-dallemagne","22":"tag-sociu00e9tu00e9","23":"tag-u00e9conomie"},"share_on_mastodon":{"url":"https:\/\/pubeurope.com\/@fr\/115126932921366931","error":""},"_links":{"self":[{"href":"https:\/\/www.europesays.com\/fr\/wp-json\/wp\/v2\/posts\/357575","targetHints":{"allow":["GET"]}}],"collection":[{"href":"https:\/\/www.europesays.com\/fr\/wp-json\/wp\/v2\/posts"}],"about":[{"href":"https:\/\/www.europesays.com\/fr\/wp-json\/wp\/v2\/types\/post"}],"author":[{"embeddable":true,"href":"https:\/\/www.europesays.com\/fr\/wp-json\/wp\/v2\/users\/2"}],"replies":[{"embeddable":true,"href":"https:\/\/www.europesays.com\/fr\/wp-json\/wp\/v2\/comments?post=357575"}],"version-history":[{"count":0,"href":"https:\/\/www.europesays.com\/fr\/wp-json\/wp\/v2\/posts\/357575\/revisions"}],"wp:featuredmedia":[{"embeddable":true,"href":"https:\/\/www.europesays.com\/fr\/wp-json\/wp\/v2\/media\/357576"}],"wp:attachment":[{"href":"https:\/\/www.europesays.com\/fr\/wp-json\/wp\/v2\/media?parent=357575"}],"wp:term":[{"taxonomy":"category","embeddable":true,"href":"https:\/\/www.europesays.com\/fr\/wp-json\/wp\/v2\/categories?post=357575"},{"taxonomy":"post_tag","embeddable":true,"href":"https:\/\/www.europesays.com\/fr\/wp-json\/wp\/v2\/tags?post=357575"}],"curies":[{"name":"wp","href":"https:\/\/api.w.org\/{rel}","templated":true}]}}