{"id":357581,"date":"2025-09-01T03:34:14","date_gmt":"2025-09-01T03:34:14","guid":{"rendered":"https:\/\/www.europesays.com\/fr\/357581\/"},"modified":"2025-09-01T03:34:14","modified_gmt":"2025-09-01T03:34:14","slug":"francois-bayrou-veut-se-sauver-sans-rien-conceder-a-une-semaine-du-vote-de-confiance","status":"publish","type":"post","link":"https:\/\/www.europesays.com\/fr\/357581\/","title":{"rendered":"Fran\u00e7ois Bayrou veut se sauver sans rien conc\u00e9der \u00e0 une semaine du vote de confiance"},"content":{"rendered":"<p>        <img decoding=\"async\" loading=\"lazy\" src=\"https:\/\/www.europesays.com\/fr\/wp-content\/uploads\/2025\/09\/c9a7421_upload-1-op2arfd7qyea-afp-20250831-72yn7xy-v1-highres-francepoliticsgovernmentmediatv.jpg\"  width=\"728\" height=\"409\" alt=\"Fran\u00e7ois Bayrou interview\u00e9 depuis Matignon par LCI, CNews, franceinfo, et BFMTV, le 31\u00a0ao\u00fbt 2025, une semaine avant le vote de confiance \"\/>  <\/p>\n<p>ALAIN JOCARD \/ AFP<\/p>\n<p>Fran\u00e7ois Bayrou interview\u00e9 depuis Matignon par LCI, CNews, franceinfo, et BFMTV, le 31\u00a0ao\u00fbt 2025, une semaine avant le vote de confiance <\/p>\n<p class=\"asset asset-text\">POLITIQUE- Rallier sans rien changer, quitte \u00e0 continuer de braquer\u00a0? Sur un si\u00e8ge \u00e9jectable depuis qu\u2019il a annonc\u00e9 <a href=\"https:\/\/www.huffingtonpost.fr\/politique\/article\/comment-le-bourbier-de-francois-bayrou-re-devient-celui-d-emmanuel-macron-clx1_254052.html\" target=\"_blank\" rel=\"noopener\">un vote de confiance<\/a> le 8\u00a0septembre, <a href=\"https:\/\/www.huffingtonpost.fr\/politique\/article\/francois-bayrou-lache-du-lest-du-bout-des-levres-sur-les-jours-feries_254220.html\" target=\"_blank\" rel=\"noopener\">Fran\u00e7ois Bayrou<\/a> \u00e9tait particuli\u00e8rement attendu lors d\u2019une grande interview ce dimanche 31\u00a0ao\u00fbt, diffus\u00e9e sur les quatre cha\u00eenes d\u2019informations en continu (LCI, BFMTV, franceinfo, et CNews). Alors que les partis d\u2019opposition, de droite comme de gauche, ont annonc\u00e9 qu\u2019ils voteraient contre, le Premier ministre est rest\u00e9 inamovible sur le fond comme sur la m\u00e9thode.<\/p>\n<p class=\"asset asset-text\">Sur le constat de la dette publique, <a href=\"https:\/\/www.huffingtonpost.fr\/economie\/article\/la-france-bientot-dans-la-meme-situation-que-la-grece-comme-le-dit-bayrou-pas-du-tout-replique-moscovici_254210.html\" target=\"_blank\" rel=\"noopener\">un \u00ab\u00a0danger grave et imminent\u00a0<\/a>\u00bb, le locataire de Matignon a continu\u00e9 de pointer la responsabilit\u00e9 des Fran\u00e7ais, mais aussi des gouvernements pr\u00e9c\u00e9dents, qui \u00ab\u00a0depuis 1974\u00a0ont tous augment\u00e9 la dette\u00a0\u00bb. La France, \u00ab\u00a0un bateau qui a un trou dans la coque et qui se remplit d\u2019eau depuis 50\u00a0ans\u00a0\u00bb.<\/p>\n<p class=\"asset asset-text\">D\u00e9put\u00e9 MoDem pendant pr\u00e8s de 10\u00a0ans, et alli\u00e9 du macronisme depuis 2017, en prend-il sa part de responsabilit\u00e9\u00a0? Pas vraiment. \u00c0 Sonia Mabrouk qui lui demandait pourquoi il s\u2019\u00e9tait oppos\u00e9 \u00e0 la r\u00e9duction du nombre de fonctionnaires sous Nicolas Sarkozy, le B\u00e9arnais a bott\u00e9 en touche, quitte \u00e0 rab\u00e2cher r\u00e9guli\u00e8rement au cours de l\u2019interview ses \u00e9l\u00e9ments de langage des derniers jours\u00a0: les Fran\u00e7ais, et notamment les boomers, ont consomm\u00e9 de la dette qu\u2019ils feront payer \u00e0 leurs enfants et petits-enfants.<\/p>\n<p class=\"asset asset-text\">Le Premier ministre qui en posant ce vote confiance a invers\u00e9 la logique de n\u00e9gociation &#8211; d\u2019abord l\u2019accord ensuite les discussions -, a continu\u00e9 de d\u00e9fendre son ultimatum \u00ab\u00a0lui ou le chaos\u00a0\u00bb. \u00ab\u00a0Quand vous \u00eates m\u00e9decin et que vous avez un patient, vous ne dites pas \u201con va s\u2019entendre d\u2019abord sur les m\u00e9dicaments, on verra apr\u00e8s quel est le diagnostic\u201d\u00a0\u00bb, a-t-il argu\u00e9.<\/p>\n<p class=\"asset asset-text\">Et, questionn\u00e9 sur d\u2019\u00e9ventuels \u00e9changes les semaines qui ont suivi les annonces budg\u00e9taires du gouvernement, Fran\u00e7ois Bayrou a de nouveau renvoy\u00e9 aux oppositions\u00a0: \u00ab\u00a0Le seul qui n\u2019\u00e9tait pas en vacances, c\u2019\u00e9tait moi\u00a0\u00bb.<\/p>\n<p>    Gouverner avec des socialistes\u00a0? \u00ab\u00a0Vous \u00eates humoriste\u00a0\u00bb    <\/p>\n<p class=\"asset asset-text\">Si le maire de Pau s\u2019est dit, du bout des l\u00e8vres, pr\u00eat \u00e0 un boug\u00e9 sur la suppression des jours f\u00e9ri\u00e9s, il a balay\u00e9 les critiques qui pointent deux jours de travail gratuit. \u00ab\u00a0Cette mesure est tout \u00e0 fait discutable. J\u2019en avais envisag\u00e9 d\u2019autres, de passer de 35\u00a0heures \u00e0 36\u00a0heures de travail par semaine\u00a0\u00bb, a-t-il d\u2019ailleurs confi\u00e9 \u00e0 ce moment-l\u00e0.<\/p>\n<p class=\"asset asset-text\">La tonalit\u00e9 est particuli\u00e8rement cassante en \u00e9voquant le Parti socialiste. \u00ab\u00a0Vous \u00eates un humoriste dans votre genre, vous\u00a0!\u00a0\u00bb r\u00e9torque-t-il m\u00eame \u00e0 Darius Rochebin qui lui demande si \u00e0 l\u2019occasion de la crise actuelle des ministres socialistes pourraient rejoindre le gouvernement.<\/p>\n<p class=\"asset asset-text\">Tout en faisant le constat que m\u00eame \u00e0 Matignon avec un gouvernement de gauche sans LFI, Olivier Faure n\u2019aurait pas assez de soutiens, Fran\u00e7ois Bayrou a \u00e9trill\u00e9 <a href=\"https:\/\/www.huffingtonpost.fr\/politique\/article\/comment-le-ps-entend-profiter-de-la-crise-politique-en-offrant-une-alternative_254182.html\" target=\"_blank\" rel=\"noopener\">les contre-propositions budg\u00e9taires<\/a> d\u00e9voil\u00e9es samedi par les roses. Jugeant m\u00eame qu\u2019elles sont \u00ab\u00a0les plus \u00e9loign\u00e9es de toutes celles qui ont \u00e9t\u00e9 faites sur le champ politique\u00a0(&#8230;) Parce que ce que propose le Parti socialiste, ce n\u2019est pas de freiner la d\u00e9pense, c\u2019est de laisser repartir la d\u00e9pense \u00bb. <\/p>\n<p>    \u00ab\u00a0Si le gouvernement tombe, on changera de politique\u00a0\u00bb    <\/p>\n<p class=\"asset asset-text\">Si, assure-t-il, il continue de tendre la main se disant pr\u00eat \u00e0 parler de la contribution des plus riches, le Premier ministre a balay\u00e9 l\u2019id\u00e9e d\u2019une taxe Zucman jug\u00e9e \u00ab\u00a0inconstitutionnelle\u00a0\u00bb et repr\u00e9sentant une \u00ab\u00a0menace\u00a0\u00bb sur les investissements. R\u00e9agissant \u00e0 son interview sur les r\u00e9seaux sociaux, les \u00e9lus de gauche ont, eux, ironis\u00e9 sur une petite phrase du Premier ministre selon laquelle \u00ab\u00a0si le gouvernement tombe, on changera de politique\u00a0\u00bb.<\/p>\n<p class=\"asset asset-text\">Quant au Rassemblement national, qui a martel\u00e9 ce dimanche par la voix du d\u00e9put\u00e9 S\u00e9bastien Chenu qu\u2019il ne changerait pas d\u2019avis et voterait contre la confiance, Fran\u00e7ois Bayrou s\u2019est dit d\u2019accord pour \u00ab\u00a0regarder\u00a0\u00bb, \u00ab\u00a0s\u2019il y a des avantages pour les immigr\u00e9s dont les Fran\u00e7ais ne profitent pas\u00a0\u00bb. Pas question en revanche de dire que l\u2019immigration est \u00ab\u00a0la cause de la situation du pays\u00a0\u00bb. Le Premier ministre doit de doute fa\u00e7on rencontrer Marine Le Pen cette semaine.<\/p>\n<p class=\"asset asset-text\">S\u2019il nie toute \u00ab\u00a0fuite en avant\u00a0\u00bb avec ce vote de confiance, Fran\u00e7ois Bayrou a \u00e9galement mis en garde contre une nouvelle dissolution, \u00ab\u00a0tant qu\u2019on n\u2019aura pas chang\u00e9 le mode de scrutin\u00a0\u00bb. \u00ab\u00a0Vous aurez beau dissoudre vous retrouverez le m\u00eame d\u00e9sordre et la m\u00eame incapacit\u00e9 d\u2019action\u00a0\u00bb. Lui ou lui donc\u00a0?<\/p>\n","protected":false},"excerpt":{"rendered":"ALAIN JOCARD \/ AFP Fran\u00e7ois Bayrou interview\u00e9 depuis Matignon par LCI, CNews, franceinfo, et BFMTV, le 31\u00a0ao\u00fbt 2025,&hellip;\n","protected":false},"author":2,"featured_media":357582,"comment_status":"","ping_status":"","sticky":false,"template":"","format":"standard","meta":{"footnotes":""},"categories":[2],"tags":[11,6327,1011,27,431,418,12,4484,316,25],"class_list":{"0":"post-357581","1":"post","2":"type-post","3":"status-publish","4":"format-standard","5":"has-post-thumbnail","7":"category-actualites","8":"tag-actualites","9":"tag-dette","10":"tag-fr","11":"tag-france","12":"tag-francois-bayrou","13":"tag-gouvernement","14":"tag-news","15":"tag-parti-socialiste-ps","16":"tag-politique","17":"tag-republique-francaise"},"share_on_mastodon":{"url":"https:\/\/pubeurope.com\/@fr\/115126944701616951","error":""},"_links":{"self":[{"href":"https:\/\/www.europesays.com\/fr\/wp-json\/wp\/v2\/posts\/357581","targetHints":{"allow":["GET"]}}],"collection":[{"href":"https:\/\/www.europesays.com\/fr\/wp-json\/wp\/v2\/posts"}],"about":[{"href":"https:\/\/www.europesays.com\/fr\/wp-json\/wp\/v2\/types\/post"}],"author":[{"embeddable":true,"href":"https:\/\/www.europesays.com\/fr\/wp-json\/wp\/v2\/users\/2"}],"replies":[{"embeddable":true,"href":"https:\/\/www.europesays.com\/fr\/wp-json\/wp\/v2\/comments?post=357581"}],"version-history":[{"count":0,"href":"https:\/\/www.europesays.com\/fr\/wp-json\/wp\/v2\/posts\/357581\/revisions"}],"wp:featuredmedia":[{"embeddable":true,"href":"https:\/\/www.europesays.com\/fr\/wp-json\/wp\/v2\/media\/357582"}],"wp:attachment":[{"href":"https:\/\/www.europesays.com\/fr\/wp-json\/wp\/v2\/media?parent=357581"}],"wp:term":[{"taxonomy":"category","embeddable":true,"href":"https:\/\/www.europesays.com\/fr\/wp-json\/wp\/v2\/categories?post=357581"},{"taxonomy":"post_tag","embeddable":true,"href":"https:\/\/www.europesays.com\/fr\/wp-json\/wp\/v2\/tags?post=357581"}],"curies":[{"name":"wp","href":"https:\/\/api.w.org\/{rel}","templated":true}]}}