{"id":357584,"date":"2025-09-01T03:36:14","date_gmt":"2025-09-01T03:36:14","guid":{"rendered":"https:\/\/www.europesays.com\/fr\/357584\/"},"modified":"2025-09-01T03:36:14","modified_gmt":"2025-09-01T03:36:14","slug":"rieupeyroux-petanque-le-club-local-se-distingue-aux-championnats-de-france","status":"publish","type":"post","link":"https:\/\/www.europesays.com\/fr\/357584\/","title":{"rendered":"Rieupeyroux. P\u00e9tanque : le club local se distingue aux championnats de France"},"content":{"rendered":"<p>Gr\u00e9gory Mouysset, S\u00e9bastien Vialelles et Nicolas Barbosa ont port\u00e9 haut les couleurs de la JBR. En effet ces Rieupeyrousains de naissance ont r\u00e9ussi l\u2019exploit de se hisser en quart de finale du championnat de France triplettes promotion, \u00e0 Bourg Saint-Maurice.<\/p>\n<p>Apr\u00e8s une d\u00e9faite inaugurale contre La Guadeloupe, les Rieupeyrousains ont encha\u00een\u00e9 des victoires face \u00e0 Paris, La Guadeloupe, le Gard, les Pyr\u00e9n\u00e9es-Orientales et les champions de Ligue Rh\u00f4ne-Alpes pour se qualifier pour les quarts de finale.<\/p>\n<p>Si la derni\u00e8re marche a \u00e9t\u00e9 difficile contre la Seine-Maritime, le week-end restera dans les annales et l\u2019histoire de la JBR, jamais le club n\u2019avait atteint un tel niveau. Apr\u00e8s le 1\/16e de finale (en juin) en doublette mixte d\u2019Aur\u00e9lien Bessou et Laure Legrelle, cette derni\u00e8re va participer ce week-end \u00e0 Millau aux championnats de France t\u00eate \u00e0 t\u00eate.<\/p>\n<p>Rappelons \u00e9galement le succ\u00e8s du concours \u00ab\u00a0La Rieupeyrousaine \u00e0 p\u00e9tanque\u00a0\u00bb, d\u00e9but ao\u00fbt, qui a rassembl\u00e9 plus de 800 p\u00e9tanqueurs.<\/p>\n<p>L\u2019ann\u00e9e 2025 de la JBR est d\u00e9j\u00e0 un grand cru et elle pourrait devenir un grand mill\u00e9sime avec les championnats des clubs nationaux et r\u00e9gionaux, qui se d\u00e9rouleront en septembre et octobre, avec des \u00e9quipes engag\u00e9es en D2 Nationale f\u00e9minine, R\u00e9gionale 1 masculine et trois \u00e9quipes en championnat d\u00e9partemental.<\/p>\n","protected":false},"excerpt":{"rendered":"Gr\u00e9gory Mouysset, S\u00e9bastien Vialelles et Nicolas Barbosa ont port\u00e9 haut les couleurs de la JBR. En effet ces&hellip;\n","protected":false},"author":2,"featured_media":357585,"comment_status":"","ping_status":"","sticky":false,"template":"","format":"standard","meta":{"footnotes":""},"categories":[4],"tags":[11,1011,27,12,25],"class_list":{"0":"post-357584","1":"post","2":"type-post","3":"status-publish","4":"format-standard","5":"has-post-thumbnail","7":"category-france","8":"tag-actualites","9":"tag-fr","10":"tag-france","11":"tag-news","12":"tag-republique-francaise"},"share_on_mastodon":{"url":"https:\/\/pubeurope.com\/@fr\/115126952466207180","error":""},"_links":{"self":[{"href":"https:\/\/www.europesays.com\/fr\/wp-json\/wp\/v2\/posts\/357584","targetHints":{"allow":["GET"]}}],"collection":[{"href":"https:\/\/www.europesays.com\/fr\/wp-json\/wp\/v2\/posts"}],"about":[{"href":"https:\/\/www.europesays.com\/fr\/wp-json\/wp\/v2\/types\/post"}],"author":[{"embeddable":true,"href":"https:\/\/www.europesays.com\/fr\/wp-json\/wp\/v2\/users\/2"}],"replies":[{"embeddable":true,"href":"https:\/\/www.europesays.com\/fr\/wp-json\/wp\/v2\/comments?post=357584"}],"version-history":[{"count":0,"href":"https:\/\/www.europesays.com\/fr\/wp-json\/wp\/v2\/posts\/357584\/revisions"}],"wp:featuredmedia":[{"embeddable":true,"href":"https:\/\/www.europesays.com\/fr\/wp-json\/wp\/v2\/media\/357585"}],"wp:attachment":[{"href":"https:\/\/www.europesays.com\/fr\/wp-json\/wp\/v2\/media?parent=357584"}],"wp:term":[{"taxonomy":"category","embeddable":true,"href":"https:\/\/www.europesays.com\/fr\/wp-json\/wp\/v2\/categories?post=357584"},{"taxonomy":"post_tag","embeddable":true,"href":"https:\/\/www.europesays.com\/fr\/wp-json\/wp\/v2\/tags?post=357584"}],"curies":[{"name":"wp","href":"https:\/\/api.w.org\/{rel}","templated":true}]}}