{"id":357588,"date":"2025-09-01T03:40:10","date_gmt":"2025-09-01T03:40:10","guid":{"rendered":"https:\/\/www.europesays.com\/fr\/357588\/"},"modified":"2025-09-01T03:40:10","modified_gmt":"2025-09-01T03:40:10","slug":"aryna-sabalenka-en-quarts-de-finale-a-lus-open-lequipe","status":"publish","type":"post","link":"https:\/\/www.europesays.com\/fr\/357588\/","title":{"rendered":"Aryna Sabalenka en quarts de finale \u00e0 l&#039;US Open &#8211; L&#039;\u00c9quipe"},"content":{"rendered":"<ol>\n<li><a href=\"https:\/\/news.google.com\/rss\/articles\/CBMinAFBVV95cUxQR1FRQXVpU3pDUThlcnBxUC1WSzhsWFFhaHNKcjFpRE9CaV9fNU5BWEctWkMtWWxtWVVaYTRYMlE2Q1VUV3V2TVcyRDh6RXBYVU9KT3JmaXZiRUR2TFZRQkIyMkt3RjJLU2FFa1Mxd1FYZVJwb1FRTGNHRXdVN1RpTF83UldybURyakNWbkxwdnAtRTV5X0RZLXZSWTQ?oc=5\" target=\"_blank\" rel=\"nofollow noopener\">Aryna Sabalenka en quarts de finale \u00e0 l&rsquo;US Open<\/a>&nbsp;&nbsp;L&rsquo;\u00c9quipe<\/li>\n<li><a href=\"https:\/\/news.google.com\/rss\/articles\/CBMi0wFBVV95cUxNYVhXZzROVWZBRG8zTU5fWlYyNWswOTkzbzJUWUgwR25mdE9EMDUwbDlaTjJIYWhWV3ZoaVlDVUxCWmp6dzhaN2J6Rk9mdnA1R1hlWV9FRmNXdkhVQmV1dU5qZkNoUGVvazZOcGtwR3V0M0JBY2xwZXNLYmx2NzhXNU5veFJqVXdKMzZveE81MkR2SDNxNERoMG9iVFR6UEhLeHhjWUxzR2ZVVGREM0o2MURMNkJHUDZ0OUlnNW9pU3N6T25sd29IQmQyYUY4X2V5UHNZ?oc=5\" target=\"_blank\" rel=\"nofollow noopener\">Internationaux des \u00c9tats-Unis | Leylah Annie Fernandez se bute \u00e0 la meilleure au monde<\/a>&nbsp;&nbsp;La Presse<\/li>\n<li><a href=\"https:\/\/news.google.com\/rss\/articles\/CBMi2AFBVV95cUxQNVMtM1Fza1JoM2JXb25LVnpuc3V2VVJYTE1tUzNrTmt4U2RFZU5qcUM3SWJvSHd0VjQ2ZXZKNWRhX013YnNnZWRxdjJnMWVGZjdrWlZta1BJVkhTajFTVkRlR0s4ekNSYlJqY2FTa2sxWDJDeV9hX1F2TGxjS0N0VmJoN0gyM3I0V0x5QWtqVGdTS0xnYWduMkhwb2tXOWNEdS1lSGp2bVdhazRlX19iMG9vamJaOGQ1dkl5SzFtRndxWXNhbFFHQ3JOa3Q1X1NFYVM5LWZUaXI?oc=5\" target=\"_blank\" rel=\"nofollow noopener\">US Open &#8211; Sabalenka : \u00ab\u00a0J&rsquo;essayais juste de ne pas sourire pendant la demande en mariage\u00a0\u00bb<\/a>&nbsp;&nbsp;Orange Actualit\u00e9s | Sports<\/li>\n<li><a href=\"https:\/\/news.google.com\/rss\/articles\/CBMiowFBVV95cUxNX3NFeDhMU2QtVUJpakFnczN6STdEX1B4X3NEanJlOXVQQU1DSVp4ZmtNbll3MFVhSkpfS2tNRFJXWkJMNkM0UXpIcmFUWVJtaDFDclUta2tYZ293X1pINTI2d2FXSGxqcjIycjhQcmhydm5uclRfV1N4VWJkS0w3UHJRZ1Vwa05rdjVzU2VfeUVnSElXRUduRFRjbG1zcUhIcHEw?oc=5\" target=\"_blank\" rel=\"nofollow noopener\">US Open: Sabalenka au rendez-vous des huiti\u00e8mes<\/a>&nbsp;&nbsp;Le Figaro<\/li>\n<li><a href=\"https:\/\/news.google.com\/rss\/articles\/CBMioAFBVV95cUxPUkJsLXZHZVRSeUloYjV2d1RVeFpEVDNpZjBEamZPenFuV1pHTXNpQmFMRUNwbk5qTUpBZ0w4RC1WUC0yR3hDWWVlWkRTaDBJdHN6cWdjZW9MM1k5V3Fia0tsY2VpUE43SkxiWVVCNjR3WlZRTldaczc0VEwzdHlPUEhqcFc5bGhxd1pMR2h0dlZXY1A2bGN2LVJYTGQyRjF1?oc=5\" target=\"_blank\" rel=\"nofollow noopener\">Sabalenka qualifi\u00e9e pour les huiti\u00e8mes<\/a>&nbsp;&nbsp;MSN<\/li>\n<\/ol>\n","protected":false},"excerpt":{"rendered":"Aryna Sabalenka en quarts de finale \u00e0 l&rsquo;US Open&nbsp;&nbsp;L&rsquo;\u00c9quipe Internationaux des \u00c9tats-Unis | Leylah Annie Fernandez se bute&hellip;\n","protected":false},"author":2,"featured_media":357589,"comment_status":"","ping_status":"","sticky":false,"template":"","format":"standard","meta":{"footnotes":""},"categories":[1415],"tags":[1011,27,60,1467],"class_list":{"0":"post-357588","1":"post","2":"type-post","3":"status-publish","4":"format-standard","5":"has-post-thumbnail","7":"category-tennis","8":"tag-fr","9":"tag-france","10":"tag-sports","11":"tag-tennis"},"share_on_mastodon":{"url":"https:\/\/pubeurope.com\/@fr\/115126968135096486","error":""},"_links":{"self":[{"href":"https:\/\/www.europesays.com\/fr\/wp-json\/wp\/v2\/posts\/357588","targetHints":{"allow":["GET"]}}],"collection":[{"href":"https:\/\/www.europesays.com\/fr\/wp-json\/wp\/v2\/posts"}],"about":[{"href":"https:\/\/www.europesays.com\/fr\/wp-json\/wp\/v2\/types\/post"}],"author":[{"embeddable":true,"href":"https:\/\/www.europesays.com\/fr\/wp-json\/wp\/v2\/users\/2"}],"replies":[{"embeddable":true,"href":"https:\/\/www.europesays.com\/fr\/wp-json\/wp\/v2\/comments?post=357588"}],"version-history":[{"count":0,"href":"https:\/\/www.europesays.com\/fr\/wp-json\/wp\/v2\/posts\/357588\/revisions"}],"wp:featuredmedia":[{"embeddable":true,"href":"https:\/\/www.europesays.com\/fr\/wp-json\/wp\/v2\/media\/357589"}],"wp:attachment":[{"href":"https:\/\/www.europesays.com\/fr\/wp-json\/wp\/v2\/media?parent=357588"}],"wp:term":[{"taxonomy":"category","embeddable":true,"href":"https:\/\/www.europesays.com\/fr\/wp-json\/wp\/v2\/categories?post=357588"},{"taxonomy":"post_tag","embeddable":true,"href":"https:\/\/www.europesays.com\/fr\/wp-json\/wp\/v2\/tags?post=357588"}],"curies":[{"name":"wp","href":"https:\/\/api.w.org\/{rel}","templated":true}]}}