{"id":357592,"date":"2025-09-01T03:43:15","date_gmt":"2025-09-01T03:43:15","guid":{"rendered":"https:\/\/www.europesays.com\/fr\/357592\/"},"modified":"2025-09-01T03:43:15","modified_gmt":"2025-09-01T03:43:15","slug":"hamilton-sera-penalise-de-cinq-places-sur-la-grille-a-monza","status":"publish","type":"post","link":"https:\/\/www.europesays.com\/fr\/357592\/","title":{"rendered":"Hamilton sera p\u00e9nalis\u00e9 de cinq places sur la grille \u00e0 Monza"},"content":{"rendered":"<p>Lewis Hamilton a \u00e9t\u00e9 sanctionn\u00e9 par les commissaires de courses apr\u00e8s le Grand Prix des Pays-Bas \u00e0 cause d\u2019une vitesse excessive sous drapeau jaune. Le Britannique sera p\u00e9nalis\u00e9 \u00e0 Monza.<\/p>\n<p class=\"fig-paragraph\">Le Britannique<a href=\"http:\/\/www.lefigaro.fr\/sports\/formule-1\/formule-1-il-n-a-pas-la-bonne-attitude-guenther-steiner-s-en-prend-a-hamilton-20250827\" data-fig-type=\"NewsFlash\" data-gtm-custom-categorie=\"navigation\" data-gtm-custom-action=\"crossclick\" data-gtm-custom-label=\"Contextuel\" data-gtm-event=\"customEventSPE\" data-fig-domain=\"LEFIGARO\" target=\"_blank\" rel=\"noopener\">\u00a0Lewis Hamilton<\/a>\u00a0sera p\u00e9nalis\u00e9 de cinq places sur la grille de d\u00e9part du Grand Prix d&rsquo;Italie la semaine prochaine apr\u00e8s avoir enfreint le r\u00e8glement sur la vitesse dimanche lors du\u00a0<a href=\"http:\/\/www.lefigaro.fr\/sports\/formule-1\/formule-1-le-francais-hadjar-s-offre-son-premier-podium-piastri-fait-mal-a-norris-aux-pays-bas-20250831\" data-fig-type=\"NewsFlash\" data-gtm-custom-categorie=\"navigation\" data-gtm-custom-action=\"crossclick\" data-gtm-custom-label=\"Contextuel\" data-gtm-event=\"customEventSPE\" data-fig-domain=\"LEFIGARO\" target=\"_blank\" rel=\"noopener\">Grand Prix des Pays-Bas<\/a>, ont annonc\u00e9 les commissaires de course. Le pilote Ferrari est pass\u00e9 \u00e0 une vitesse trop \u00e9lev\u00e9e sur un secteur du circuit avant l&rsquo;entr\u00e9e aux stands, puis n&rsquo;a pas assez ralenti en entrant dans les stands, ont indiqu\u00e9 les commissaires dans un communiqu\u00e9.<\/p>\n<p class=\"fig-paragraph\">\u00abLes donn\u00e9es ont montr\u00e9 que le pilote est entr\u00e9 (sur le secteur avant les stands) \u00e0 environ 20 km\/h de moins que pendant les essais\u00bb, ont-ils expliqu\u00e9, estimant que cette r\u00e9duction de vitesse n&rsquo;\u00e9tait \u00abpas significative\u00bb et que le pilote n&rsquo;avait pas \u00abfortement frein\u00e9\u00bb en entrant dans les stands comme l&rsquo;oblige le r\u00e8glement de la F1.<\/p>\n<p>                                    <a class=\"fig-a11y-skip a11y-hidden\" href=\"#fig-a11y-skip-main-inarticle\"><br \/>\n        Passer la publicit\u00e9<br \/>\n    <\/a><\/p>\n<p>Une sanction all\u00e9g\u00e9e<\/p>\n<p class=\"fig-paragraph\">La sanction pour ce genre d&rsquo;infraction est de dix places de p\u00e9nalit\u00e9 sur la grille du Grand Prix suivant, mais elle a \u00e9t\u00e9 r\u00e9duite de moiti\u00e9 car le septuple champion du monde \u00aba tent\u00e9 de r\u00e9duire sa vitesse et de freiner un peu plus t\u00f4t\u00bb sur le circuit, ont affirm\u00e9 les commissaires.<\/p>\n<p class=\"fig-paragraph\">Hamilton, qui a la possibilit\u00e9 de faire appel de sa sanction, a \u00e9galement \u00e9t\u00e9 p\u00e9nalis\u00e9 de deux points au classement du championnat du monde. \u00c0 Monza, en Italie, chez Ferrari le week-end prochain, \u00abSir Lewis\u00bb est attendu en grande pompe pour sa premi\u00e8re en rouge dans le \u00abtemple de la vitesse\u00bb.<\/p>\n","protected":false},"excerpt":{"rendered":"Lewis Hamilton a \u00e9t\u00e9 sanctionn\u00e9 par les commissaires de courses apr\u00e8s le Grand Prix des Pays-Bas \u00e0 cause&hellip;\n","protected":false},"author":2,"featured_media":357593,"comment_status":"","ping_status":"","sticky":false,"template":"","format":"standard","meta":{"footnotes":""},"categories":[1412],"tags":[1451,2251,1452,1453,1454,1455,1011,27,1975,60],"class_list":{"0":"post-357592","1":"post","2":"type-post","3":"status-publish","4":"format-standard","5":"has-post-thumbnail","7":"category-f1","8":"tag-f1","9":"tag-ferrari","10":"tag-formula-1","11":"tag-formula1","12":"tag-formule-1","13":"tag-formule1","14":"tag-fr","15":"tag-france","16":"tag-lewis-hamilton","17":"tag-sports"},"share_on_mastodon":{"url":"https:\/\/pubeurope.com\/@fr\/115126980008852014","error":""},"_links":{"self":[{"href":"https:\/\/www.europesays.com\/fr\/wp-json\/wp\/v2\/posts\/357592","targetHints":{"allow":["GET"]}}],"collection":[{"href":"https:\/\/www.europesays.com\/fr\/wp-json\/wp\/v2\/posts"}],"about":[{"href":"https:\/\/www.europesays.com\/fr\/wp-json\/wp\/v2\/types\/post"}],"author":[{"embeddable":true,"href":"https:\/\/www.europesays.com\/fr\/wp-json\/wp\/v2\/users\/2"}],"replies":[{"embeddable":true,"href":"https:\/\/www.europesays.com\/fr\/wp-json\/wp\/v2\/comments?post=357592"}],"version-history":[{"count":0,"href":"https:\/\/www.europesays.com\/fr\/wp-json\/wp\/v2\/posts\/357592\/revisions"}],"wp:featuredmedia":[{"embeddable":true,"href":"https:\/\/www.europesays.com\/fr\/wp-json\/wp\/v2\/media\/357593"}],"wp:attachment":[{"href":"https:\/\/www.europesays.com\/fr\/wp-json\/wp\/v2\/media?parent=357592"}],"wp:term":[{"taxonomy":"category","embeddable":true,"href":"https:\/\/www.europesays.com\/fr\/wp-json\/wp\/v2\/categories?post=357592"},{"taxonomy":"post_tag","embeddable":true,"href":"https:\/\/www.europesays.com\/fr\/wp-json\/wp\/v2\/tags?post=357592"}],"curies":[{"name":"wp","href":"https:\/\/api.w.org\/{rel}","templated":true}]}}