{"id":357594,"date":"2025-09-01T03:44:10","date_gmt":"2025-09-01T03:44:10","guid":{"rendered":"https:\/\/www.europesays.com\/fr\/357594\/"},"modified":"2025-09-01T03:44:10","modified_gmt":"2025-09-01T03:44:10","slug":"vuelta-tour-despagne-tom-pidcock-almeida-ma-dit-de-me-faire-pousser-des-couilles","status":"publish","type":"post","link":"https:\/\/www.europesays.com\/fr\/357594\/","title":{"rendered":"Vuelta. Tour d&rsquo;Espagne &#8211; Tom Pidcock : \u00abAlmeida m&rsquo;a dit de me faire pousser des couilles\u00bb"},"content":{"rendered":"<p><strong>Tom Pidcock <\/strong>(Q36.5) a livr\u00e9 sa meilleure performance en montagne depuis le d\u00e9part de <a href=\"https:\/\/www.cyclismactu.net\/..\/news-vuelta-route-tour-d-espagne-jonas-vingegaard-remporte-9e-etape-torstein-traeen-s-accroche-89898.html\" target=\"_blank\" rel=\"nofollow noopener\"><strong>La Vuelta<\/strong><\/a> en prenant la 2e place de la 9e \u00e9tape, derri\u00e8re <strong>Jonas Vingegaard<\/strong>\u00a0(Visma | Lease a Bike). Ce r\u00e9sultat lui permet de remonter au 4e rang du classement g\u00e9n\u00e9ral, \u00e0 1\u201935\u2019\u2019 du maillot rouge <strong>Torstein Traeen <\/strong>(Bahrain Victorious). Le moment le plus m\u00e9morable de l\u2019\u00e9tape est survenu apr\u00e8s l\u2019arriv\u00e9e. Interrog\u00e9 sur ce que lui criait <strong>Joao Almeida <\/strong>(UAE Team Emirates XRG) dans la poursuite de <strong>Vingegaard<\/strong>, <strong>Pidcock <\/strong>a souri : \u00ab\u00a0Il m\u2019a dit de me faire pousser des couilles. Mais s\u2019il roulait un peu moins vite, je pourrais lui donner plus de relais\u2026\u00a0\u00bb<\/p>\n<p>Vid\u00e9o &#8211; La r\u00e9action de Tom Pidcock \u00e0 l&rsquo;arriv\u00e9e de cette 9e \u00e9tape Lire la suite de l&rsquo;article&#13;<\/p>\n<p>\u00a0<\/p>\n<p>&#13;<br \/>\n\u00ab\u00a0Jonas est Jonas&#8230;\u00a0\u00bb&#13;<\/p>\n<p>Malgr\u00e9 les \u00e9changes muscl\u00e9s, le Britannique a su rester concentr\u00e9 et a devanc\u00e9 <strong>Almeida <\/strong>au sprint pour la 2e place, \u00e0 24 secondes de <strong>Vingegaard<\/strong>. \u00ab\u00a0Jonas est Jonas : il ne faut jamais lui laisser d\u2019espace\u00a0\u00bb, a-t-il expliqu\u00e9. \u00ab\u00a0Je pensais qu\u2019Almeida \u00e9tait une roue parfaite \u00e0 suivre, peut-\u00eatre qu\u2019on pourrait revenir. Mais chapeau \u00e0 lui, je n\u2019ai pas pu lui donner de relais. Il est comme un tracteur, surtout sur les sections roulantes. Et dans le dernier kilom\u00e8tre, quand il a relanc\u00e9, c\u2019\u00e9tait impressionnant. J\u2019ai \u00e0 peine r\u00e9ussi \u00e0 le passer au sprint.\u00a0\u00bb<\/p>\n<p>&#13;<\/p>\n<p>Le Britannique, qui d\u00e9couvre encore pleinement son potentiel en classement g\u00e9n\u00e9ral, se montre confiant pour les prochaines \u00e9tapes. \u00ab\u00a0Je ne sais pas encore vraiment quelles sont mes capacit\u00e9s. Parfois je suis un peu prudent, mais cette \u00e9tape me donne confiance pour les passages les plus durs \u00e0 venir. Je suis heureux, honn\u00eatement.\u00a0\u00bb\u00a0<strong>Pidcock<\/strong>, tout en restant r\u00e9aliste, s\u2019affirme de plus en plus comme un outsider \u00e0 surveiller sur cette <strong>Vuelta<\/strong>. \u00ab\u00a0Ces gars faisaient des sprints en pleine mont\u00e9e, et je me disais qu\u2019un jour \u00e7a allait se retourner contre eux. Mais il reste encore beaucoup d\u2019\u00e9tapes, je ne tire pas de conclusions trop h\u00e2tives.\u00a0\u00bb<\/p>\n<p>Tour d&rsquo;Espagne &#8211; Classement de la 9\u00e8 \u00e9tape Tour d&rsquo;Espagne &#8211; Classement g\u00e9n\u00e9ral provisoire apr\u00e8s la 9\u00e8 \u00e9tape<\/p>\n","protected":false},"excerpt":{"rendered":"Tom Pidcock (Q36.5) a livr\u00e9 sa meilleure performance en montagne depuis le d\u00e9part de La Vuelta en prenant&hellip;\n","protected":false},"author":2,"featured_media":357595,"comment_status":"","ping_status":"","sticky":false,"template":"","format":"standard","meta":{"footnotes":""},"categories":[1411],"tags":[1154,207,1011,27,209,60,3318,208],"class_list":{"0":"post-357594","1":"post","2":"type-post","3":"status-publish","4":"format-standard","5":"has-post-thumbnail","7":"category-cyclisme","8":"tag-cycling","9":"tag-cyclisme","10":"tag-fr","11":"tag-france","12":"tag-route","13":"tag-sports","14":"tag-tour-d","15":"tag-velo"},"share_on_mastodon":{"url":"https:\/\/pubeurope.com\/@fr\/115126983910644853","error":""},"_links":{"self":[{"href":"https:\/\/www.europesays.com\/fr\/wp-json\/wp\/v2\/posts\/357594","targetHints":{"allow":["GET"]}}],"collection":[{"href":"https:\/\/www.europesays.com\/fr\/wp-json\/wp\/v2\/posts"}],"about":[{"href":"https:\/\/www.europesays.com\/fr\/wp-json\/wp\/v2\/types\/post"}],"author":[{"embeddable":true,"href":"https:\/\/www.europesays.com\/fr\/wp-json\/wp\/v2\/users\/2"}],"replies":[{"embeddable":true,"href":"https:\/\/www.europesays.com\/fr\/wp-json\/wp\/v2\/comments?post=357594"}],"version-history":[{"count":0,"href":"https:\/\/www.europesays.com\/fr\/wp-json\/wp\/v2\/posts\/357594\/revisions"}],"wp:featuredmedia":[{"embeddable":true,"href":"https:\/\/www.europesays.com\/fr\/wp-json\/wp\/v2\/media\/357595"}],"wp:attachment":[{"href":"https:\/\/www.europesays.com\/fr\/wp-json\/wp\/v2\/media?parent=357594"}],"wp:term":[{"taxonomy":"category","embeddable":true,"href":"https:\/\/www.europesays.com\/fr\/wp-json\/wp\/v2\/categories?post=357594"},{"taxonomy":"post_tag","embeddable":true,"href":"https:\/\/www.europesays.com\/fr\/wp-json\/wp\/v2\/tags?post=357594"}],"curies":[{"name":"wp","href":"https:\/\/api.w.org\/{rel}","templated":true}]}}