{"id":357596,"date":"2025-09-01T03:45:11","date_gmt":"2025-09-01T03:45:11","guid":{"rendered":"https:\/\/www.europesays.com\/fr\/357596\/"},"modified":"2025-09-01T03:45:11","modified_gmt":"2025-09-01T03:45:11","slug":"une-star-signe-au-psg-lenorme-rebondissement","status":"publish","type":"post","link":"https:\/\/www.europesays.com\/fr\/357596\/","title":{"rendered":"Une star signe au PSG, l\u2019\u00e9norme rebondissement !"},"content":{"rendered":"<p>                    Guillaume de Saint Sauveur<br \/>\n                        &#8211;<\/p>\n<p>Journaliste<\/p>\n<p>Dipl\u00f4m\u00e9 d\u2019Ecole de Journalisme \u00e0 Paris. Sp\u00e9cialis\u00e9 football, et plus particuli\u00e8rement sur le mercato. Fan du PSG et du Stade Fran\u00e7ais.<\/p>\n<p class=\"heading\">Lors du mercato estival 2011, juste apr\u00e8s le rachat du PSG par le Qatar, J\u00e9r\u00e9my M\u00e9nez \u00e9tait l&rsquo;une des premi\u00e8res stars \u00e0 d\u00e9barquer dans ce projet. L&rsquo;attaquant fran\u00e7ais devait pourtant initialement s&rsquo;engager avec la Juventus Turin, mais apr\u00e8s la coup de fil de Leonardo, il a tout annul\u00e9 \u00e0 la derni\u00e8re minute afin de privil\u00e9gier le PSG. <\/p>\n<p>La trajectoire de <strong>J\u00e9r\u00e9my<\/strong> <strong>M\u00e9nez<\/strong> aurait d\u00fb \u00eatre assez diff\u00e9rente \u00e0 partir de l&rsquo;\u00e9t\u00e9 2011 ! L&rsquo;international fran\u00e7ais, qui \u00e9tait alors \u00e2g\u00e9 de 24 ans, avait initialement donn\u00e9 son accord \u00e0 la <strong>Juventus<\/strong> <strong>Turin<\/strong> avant que le <strong>PSG<\/strong> ne fasse irruption et ne relance compl\u00e8tement le dossier. En effet, interrog\u00e9 en f\u00e9vrier dans le podcast Kampo, <strong>M\u00e9nez<\/strong> livre les coulisses de sa signature au <a href=\"https:\/\/le10sport.com\/football\/ligue1\/psg\/\" rel=\"nofollow noopener\" target=\"_blank\">PSG<\/a> et l&rsquo;\u00e9norme rebondissement de derni\u00e8re minute avec ce transfert. <\/p>\n<p>                                            Le coup de fil de Leonardo a tout chang\u00e9<\/p>\n<p>\u00ab J\u2019arrive au PSG, je crois que j\u2019ai 24 ans. A cette \u00e9poque, je devais signer \u00e0 la Juve. Antonio Conte m\u2019appelait pour que je signe \u00e0 la Juve. J\u2019\u00e9tais \u00e0 l\u2019Ile Maurice en vacances, je re\u00e7ois un appel de Leonardo qui me parle du projet QSI, qu\u2019ils vont prendre untel \u00bb, r\u00e9v\u00e8le <strong>J\u00e9r\u00e9my<\/strong> <strong>M\u00e9nez<\/strong>, qui a donc sans aucune h\u00e9sitation privil\u00e9gi\u00e9 le <strong>PSG<\/strong>. <\/p>\n<p>                                            \u00ab Mon r\u00eave allait commencer \u00bb<\/p>\n<p>\u00ab J\u2019avais la Juve, mais \u00ab\u00a0Allo c\u2019est Leonardo\u00a0\u00bb, PSG, club de coeur, j\u2019habitais \u00e0 15 minutes du Parc des Princes, j\u2019ai dit que je vais r\u00e9fl\u00e9chir et je rappelle. Mais je n\u2019avais pas besoin de r\u00e9fl\u00e9chir. Ma d\u00e9cision \u00e9tait d\u00e9j\u00e0 prise. Comme c\u2019est mon club de coeur, QSI, je ne me suis pas pos\u00e9 de questions et mon r\u00eave allait commencer \u00bb, pr\u00e9cise <strong>M\u00e9nez<\/strong>. <\/p>\n","protected":false},"excerpt":{"rendered":"Guillaume de Saint Sauveur &#8211; Journaliste Dipl\u00f4m\u00e9 d\u2019Ecole de Journalisme \u00e0 Paris. Sp\u00e9cialis\u00e9 football, et plus particuli\u00e8rement sur&hellip;\n","protected":false},"author":2,"featured_media":53108,"comment_status":"","ping_status":"","sticky":false,"template":"","format":"standard","meta":{"footnotes":""},"categories":[1410],"tags":[63,1011,27,60],"class_list":{"0":"post-357596","1":"post","2":"type-post","3":"status-publish","4":"format-standard","5":"has-post-thumbnail","7":"category-football","8":"tag-football","9":"tag-fr","10":"tag-france","11":"tag-sports"},"share_on_mastodon":{"url":"https:\/\/pubeurope.com\/@fr\/115126988003029179","error":""},"_links":{"self":[{"href":"https:\/\/www.europesays.com\/fr\/wp-json\/wp\/v2\/posts\/357596","targetHints":{"allow":["GET"]}}],"collection":[{"href":"https:\/\/www.europesays.com\/fr\/wp-json\/wp\/v2\/posts"}],"about":[{"href":"https:\/\/www.europesays.com\/fr\/wp-json\/wp\/v2\/types\/post"}],"author":[{"embeddable":true,"href":"https:\/\/www.europesays.com\/fr\/wp-json\/wp\/v2\/users\/2"}],"replies":[{"embeddable":true,"href":"https:\/\/www.europesays.com\/fr\/wp-json\/wp\/v2\/comments?post=357596"}],"version-history":[{"count":0,"href":"https:\/\/www.europesays.com\/fr\/wp-json\/wp\/v2\/posts\/357596\/revisions"}],"wp:featuredmedia":[{"embeddable":true,"href":"https:\/\/www.europesays.com\/fr\/wp-json\/wp\/v2\/media\/53108"}],"wp:attachment":[{"href":"https:\/\/www.europesays.com\/fr\/wp-json\/wp\/v2\/media?parent=357596"}],"wp:term":[{"taxonomy":"category","embeddable":true,"href":"https:\/\/www.europesays.com\/fr\/wp-json\/wp\/v2\/categories?post=357596"},{"taxonomy":"post_tag","embeddable":true,"href":"https:\/\/www.europesays.com\/fr\/wp-json\/wp\/v2\/tags?post=357596"}],"curies":[{"name":"wp","href":"https:\/\/api.w.org\/{rel}","templated":true}]}}