{"id":357601,"date":"2025-09-01T03:48:10","date_gmt":"2025-09-01T03:48:10","guid":{"rendered":"https:\/\/www.europesays.com\/fr\/357601\/"},"modified":"2025-09-01T03:48:10","modified_gmt":"2025-09-01T03:48:10","slug":"jegun-la-foire-aux-livres-toujours-bien-vivace","status":"publish","type":"post","link":"https:\/\/www.europesays.com\/fr\/357601\/","title":{"rendered":"Jegun. La foire aux livres toujours bien vivace"},"content":{"rendered":"<p>La foire aux livres de J\u00e9gun, sixi\u00e8me du nom, s\u2019est d\u00e9roul\u00e9e sans encombre, accueillant un public fid\u00e8le venu en nombre.<\/p>\n<p>Ce genre de manifestation devient de plus en plus rare : les nombreuses foires qui animaient autrefois le Grand Sud-Ouest ont peu \u00e0 peu disparu, pour diverses raisons. Dans le Gers, seules subsistent aujourd\u2019hui celles de Fourc\u00e8s, en juillet, et de J\u00e9gun, en ao\u00fbt.<\/p>\n<p>\u00ab\u00a0On r\u00e9siste\u00a0\u00bb<\/p>\n<p>\u00ab\u00a0M\u00eame si la concurrence d\u2019Internet et l\u2019\u00e9volution des pratiques culturelles ont profond\u00e9ment modifi\u00e9 les habitudes depuis une bonne dizaine d\u2019ann\u00e9es, la foire de J\u00e9gun r\u00e9siste et continue de ravir les visiteurs, qu\u2019ils soient habitu\u00e9s ou de passage\u00a0\u00bb, indiquent Yannick Collier et Laurent Amouroux, les deux promoteurs de cette foire, pour l\u2019association \u00ab\u00a0le livre des champs\u00a0\u00bb. Qu\u2019ils soient simples lecteurs ou collectionneurs avertis, les visiteurs ont \u00e9t\u00e9 s\u00e9duits par la douzaine de marchands venus de tout le Grand Sud-Ouest, chacun avec sa sp\u00e9cialit\u00e9 : livres anciens et reli\u00e9s, litt\u00e9rature, r\u00e9gionalisme, livres pour enfants, bandes dessin\u00e9es, disques\u2026<\/p>\n<p>Rendez-vous est d\u00e9j\u00e0 pris pour la 7e \u00e9dition, qui se tiendra le dimanche 23 ao\u00fbt.<\/p>\n","protected":false},"excerpt":{"rendered":"La foire aux livres de J\u00e9gun, sixi\u00e8me du nom, s\u2019est d\u00e9roul\u00e9e sans encombre, accueillant un public fid\u00e8le venu&hellip;\n","protected":false},"author":2,"featured_media":357602,"comment_status":"","ping_status":"","sticky":false,"template":"","format":"standard","meta":{"footnotes":""},"categories":[1357],"tags":[1379,58,59,1011,27,1380],"class_list":{"0":"post-357601","1":"post","2":"type-post","3":"status-publish","4":"format-standard","5":"has-post-thumbnail","7":"category-livres","8":"tag-books","9":"tag-divertissement","10":"tag-entertainment","11":"tag-fr","12":"tag-france","13":"tag-livres"},"share_on_mastodon":{"url":"https:\/\/pubeurope.com\/@fr\/115126999652644207","error":""},"_links":{"self":[{"href":"https:\/\/www.europesays.com\/fr\/wp-json\/wp\/v2\/posts\/357601","targetHints":{"allow":["GET"]}}],"collection":[{"href":"https:\/\/www.europesays.com\/fr\/wp-json\/wp\/v2\/posts"}],"about":[{"href":"https:\/\/www.europesays.com\/fr\/wp-json\/wp\/v2\/types\/post"}],"author":[{"embeddable":true,"href":"https:\/\/www.europesays.com\/fr\/wp-json\/wp\/v2\/users\/2"}],"replies":[{"embeddable":true,"href":"https:\/\/www.europesays.com\/fr\/wp-json\/wp\/v2\/comments?post=357601"}],"version-history":[{"count":0,"href":"https:\/\/www.europesays.com\/fr\/wp-json\/wp\/v2\/posts\/357601\/revisions"}],"wp:featuredmedia":[{"embeddable":true,"href":"https:\/\/www.europesays.com\/fr\/wp-json\/wp\/v2\/media\/357602"}],"wp:attachment":[{"href":"https:\/\/www.europesays.com\/fr\/wp-json\/wp\/v2\/media?parent=357601"}],"wp:term":[{"taxonomy":"category","embeddable":true,"href":"https:\/\/www.europesays.com\/fr\/wp-json\/wp\/v2\/categories?post=357601"},{"taxonomy":"post_tag","embeddable":true,"href":"https:\/\/www.europesays.com\/fr\/wp-json\/wp\/v2\/tags?post=357601"}],"curies":[{"name":"wp","href":"https:\/\/api.w.org\/{rel}","templated":true}]}}