{"id":357603,"date":"2025-09-01T03:49:15","date_gmt":"2025-09-01T03:49:15","guid":{"rendered":"https:\/\/www.europesays.com\/fr\/357603\/"},"modified":"2025-09-01T03:49:15","modified_gmt":"2025-09-01T03:49:15","slug":"salame-hanouna-novo19-une-rentree-avec-de-nouveaux-eleves-sur-les-chaines-tele-actualites","status":"publish","type":"post","link":"https:\/\/www.europesays.com\/fr\/357603\/","title":{"rendered":"Salam\u00e9, Hanouna, NOVO19: une rentr\u00e9e avec de nouveaux \u00e9l\u00e8ves sur les cha\u00eenes t\u00e9l\u00e9 : Actualit\u00e9s"},"content":{"rendered":"<p class=\"lead \">L\u00e9a Salam\u00e9 sur le tr\u00f4ne du JT de France 2, Cyril Hanouna \u00ab\u00a0Tout beau tout 9\u00a0\u00bb sur W9 et la nouvelle cha\u00eene NOVO19 sur les rails: la rentr\u00e9e des cha\u00eenes de t\u00e9l\u00e9vision lundi promet surprises et coups d&rsquo;\u00e9clat, avec de forts enjeux \u00e0 la cl\u00e9.<\/p>\n<p class=\"lead \">. Cyril Hanouna remonte sur le ring<\/p>\n<p class=\"lead \">A 18H45 chaque jour, et d\u00e8s 18H25 exceptionnellement lundi, l&rsquo;animateur donne rendez-vous \u00e0 ses \u00ab\u00a0fanzouzes\u00a0\u00bb pour \u00ab\u00a0Tout beau tout 9\u00a0\u00bb sur W9, apr\u00e8s plusieurs mois de di\u00e8te t\u00e9l\u00e9vis\u00e9e.<\/p>\n<p class=\"lead \">S&rsquo;agira-t-il d&rsquo;un remake de TPMP qu&rsquo;il animait sur C8? Non, car le groupe M6 auquel appartient W9 a demand\u00e9 au roi du clash d&rsquo;\u00e9viter les sujets politiques et pol\u00e9miques, au profit du divertissement. Si n\u00e9cessaire, \u00ab\u00a0TBT9\u00a0\u00bb pourrait \u00eatre diffus\u00e9e avec un l\u00e9ger diff\u00e9r\u00e9.<\/p>\n<p class=\"lead \">Grim\u00e9 en Rambo pour promouvoir sa nouvelle \u00e9mission, Cyril Hanouna doit d\u00e9marrer le show lundi par une s\u00e9quence ext\u00e9rieure au plateau. <\/p>\n<p class=\"lead \">L&rsquo;ex-star de la galaxie Bollor\u00e9 a renouvel\u00e9 la moiti\u00e9 de sa bande, reprenant d&rsquo;anciens chroniqueurs de C8 (Val\u00e9rie Bena\u00efm, Raymond Aabou, G\u00e9raldine Maillet&#8230;) et recrutant de nouvelles t\u00eates sur lesquelles il entretient le myst\u00e8re. L&rsquo;ex-ministre Marl\u00e8ne Schiappa et le journaliste sportif Nelson Monfort sont cependant apparus dans une vid\u00e9o des r\u00e9p\u00e9titions. Un \u00ab\u00a0chroniqueur ChatGPT\u00a0\u00bb est annonc\u00e9 pour une \u00ab\u00a0\u00e9mission 3.0\u00a0\u00bb. <\/p>\n<p class=\"lead \">Le patron de M6, David Larramendy, qui a frapp\u00e9 fort avec ce recrutement, compte gonfler les audiences, alors que TPMP rassemblait en son temps quelque 2 millions de t\u00e9l\u00e9spectateurs.    <\/p>\n<p class=\"lead \">D\u00e8s mardi, le trublion du PAF aura un autre pied dans le groupe, avec \u00ab\u00a0Tout beau tout fun\u00a0\u00bb, sur Fun Radio de 15h00 \u00e0 18h00. Cela fait un total de plus de six heures quotidiennes, dans des studios voisins.<\/p>\n<p class=\"lead \">. L\u00e9a Salam\u00e9 au 20H00<\/p>\n<p class=\"lead \">Ex-pilier de la matinale de France Inter, la journaliste vedette succ\u00e8de \u00e0 Anne-Sophie Lapix aux commandes du JT de France 2, avec l&rsquo;envie de \u00ab\u00a0raconter peut-\u00eatre l&rsquo;actualit\u00e9 diff\u00e9remment\u00a0\u00bb. <\/p>\n<p class=\"lead \">Le journal sera fortement incarn\u00e9, chaleureux, mais pas question de \u00ab\u00a0renverser la table\u00a0\u00bb, pr\u00e9vient Alexandre Kara, directrice de l&rsquo;information de France T\u00e9l\u00e9visions. \u00ab\u00a0Il y aura plus d&rsquo;intervenants qu&rsquo;avant, on veut un plateau vivant, mais l&rsquo;objectif n&rsquo;est pas de proposer un talk-show\u00a0\u00bb, a-t-il expos\u00e9 dans La Tribune Dimanche.<\/p>\n<p class=\"lead \">La cha\u00eene du service public doit combler l&rsquo;\u00e9cart d&rsquo;audience qui s&rsquo;est creus\u00e9 avec le JT de TF1 pr\u00e9sent\u00e9 par Gilles Bouleau.<\/p>\n<p class=\"lead \">L\u00e9a Salam\u00e9 a une autre probl\u00e9matique dans les mois \u00e0 venir: compagne d&rsquo;un des leaders de la gauche, Rapha\u00ebl Glucksmann, elle a promis de se retirer de l&rsquo;antenne s&rsquo;il se lance dans la course \u00e0 l&rsquo;Elys\u00e9e. <\/p>\n<p class=\"lead \">. Premiers pas de NOVO19<\/p>\n<p class=\"lead \">C&rsquo;est \u00e0 18H00 que sera donn\u00e9 le top d\u00e9part de NOVO19, sur le canal 19 de la TNT. Au programme: un JT \u00e0 18H10 tourn\u00e9 \u00e0 Rennes, suivi du talk-show quotidien anim\u00e9 depuis Paris par Claire Arnoux et une bande de chroniqueurs, dont Claude Askolovitch.<\/p>\n<p class=\"lead \">Lanc\u00e9e par le groupe Ouest-France, la nouvelle cha\u00eene g\u00e9n\u00e9raliste se veut \u00ab\u00a0ancr\u00e9e dans les territoires\u00a0\u00bb et promeut une \u00ab\u00a0proximit\u00e9 joyeuse\u00a0\u00bb. Elle esp\u00e8re prendre sa part des audiences, avec un objectif de 2% des 25-49 ans.   <\/p>\n<p class=\"lead \">La naissance de NOVO19, comme celle de la cha\u00eene T18 en juin, d\u00e9coule de l&rsquo;arr\u00eat d\u00e9but 2025 de C8 et NRJ 12, non reconduites par l&rsquo;Arcom, r\u00e9gulateur de l&rsquo;audiovisuel. <\/p>\n<p class=\"lead \">Une autre cha\u00eene voit le jour lundi, hors TNT mais sur les box et bient\u00f4t sur france.tv: \u00ab\u00a0Mieux\u00a0\u00bb, d\u00e9di\u00e9e \u00e0 la sant\u00e9. Le m\u00e9decin cathodique Michel Cymes en est \u00e0 l&rsquo;initiative, entour\u00e9 de journalistes tels Wendy Bouchard et Laurent Bignolas, ainsi que de l&rsquo;ancien ministre Olivier V\u00e9ran. <\/p>\n<p class=\"lead \">Les radios ont pour leur part fait leur rentr\u00e9e lundi dernier. Chez Radio France, la gr\u00e8ve entam\u00e9e il y a une semaine pourrait se poursuivre, en particulier au sein du r\u00e9seau Ici r\u00e9organis\u00e9 (ex-France Bleu). Des n\u00e9gociations sont en cours.<\/p>\n<p class=\"small font-weight-bold text-gray3 \"> publi\u00e9 le 1 septembre \u00e0 04h03, AFP<\/p>\n<p>                             Partager<\/p>\n","protected":false},"excerpt":{"rendered":"L\u00e9a Salam\u00e9 sur le tr\u00f4ne du JT de France 2, Cyril Hanouna \u00ab\u00a0Tout beau tout 9\u00a0\u00bb sur W9&hellip;\n","protected":false},"author":2,"featured_media":357604,"comment_status":"","ping_status":"","sticky":false,"template":"","format":"standard","meta":{"footnotes":""},"categories":[1356],"tags":[1971,58,59,1011,27,310,9555,1825,9556,252,1364],"class_list":{"0":"post-357603","1":"post","2":"type-post","3":"status-publish","4":"format-standard","5":"has-post-thumbnail","7":"category-television","8":"tag-clbrits","9":"tag-divertissement","10":"tag-entertainment","11":"tag-fr","12":"tag-france","13":"tag-internet","14":"tag-mdias","15":"tag-radio","16":"tag-tlvision","17":"tag-television","18":"tag-tv"},"share_on_mastodon":{"url":"https:\/\/pubeurope.com\/@fr\/115127003651047352","error":""},"_links":{"self":[{"href":"https:\/\/www.europesays.com\/fr\/wp-json\/wp\/v2\/posts\/357603","targetHints":{"allow":["GET"]}}],"collection":[{"href":"https:\/\/www.europesays.com\/fr\/wp-json\/wp\/v2\/posts"}],"about":[{"href":"https:\/\/www.europesays.com\/fr\/wp-json\/wp\/v2\/types\/post"}],"author":[{"embeddable":true,"href":"https:\/\/www.europesays.com\/fr\/wp-json\/wp\/v2\/users\/2"}],"replies":[{"embeddable":true,"href":"https:\/\/www.europesays.com\/fr\/wp-json\/wp\/v2\/comments?post=357603"}],"version-history":[{"count":0,"href":"https:\/\/www.europesays.com\/fr\/wp-json\/wp\/v2\/posts\/357603\/revisions"}],"wp:featuredmedia":[{"embeddable":true,"href":"https:\/\/www.europesays.com\/fr\/wp-json\/wp\/v2\/media\/357604"}],"wp:attachment":[{"href":"https:\/\/www.europesays.com\/fr\/wp-json\/wp\/v2\/media?parent=357603"}],"wp:term":[{"taxonomy":"category","embeddable":true,"href":"https:\/\/www.europesays.com\/fr\/wp-json\/wp\/v2\/categories?post=357603"},{"taxonomy":"post_tag","embeddable":true,"href":"https:\/\/www.europesays.com\/fr\/wp-json\/wp\/v2\/tags?post=357603"}],"curies":[{"name":"wp","href":"https:\/\/api.w.org\/{rel}","templated":true}]}}