{"id":357608,"date":"2025-09-01T03:52:12","date_gmt":"2025-09-01T03:52:12","guid":{"rendered":"https:\/\/www.europesays.com\/fr\/357608\/"},"modified":"2025-09-01T03:52:12","modified_gmt":"2025-09-01T03:52:12","slug":"eczema-du-nourrisson-avancee-de-chercheurs-toulousains","status":"publish","type":"post","link":"https:\/\/www.europesays.com\/fr\/357608\/","title":{"rendered":"Ecz\u00e9ma du nourrisson\u00a0: avanc\u00e9e de chercheurs toulousains"},"content":{"rendered":"<p>\n                                                                    l&rsquo;essentiel<br \/>\n                                                                Une \u00e9tude publi\u00e9e dans Nature par une \u00e9quipe toulousaine r\u00e9v\u00e8le que le stress maternel pendant la grossesse pourrait d\u00e9r\u00e9gler le syst\u00e8me immunitaire du f\u0153tus et pr\u00e9parer le terrain \u00e0 l\u2019ecz\u00e9ma.\n                            <\/p>\n<p>Rougeurs, d\u00e9mangeaisons, sommeil perturb\u00e9\u00a0: l\u2019ecz\u00e9ma du nourrisson, ou dermatite atopique, constitue aujourd\u2019hui la maladie cutan\u00e9e la plus fr\u00e9quente chez l\u2019enfant. En France, il touche environ 15 \u00e0 20\u00a0% des enfants de moins de deux ans, soit un nouveau-n\u00e9 sur cinq. Au total, plus de 2,5\u00a0millions de personnes vivent avec cette affection dans l\u2019Hexagone, et son incidence a doubl\u00e9, voire tripl\u00e9, chez l\u2019enfant au cours des trente derni\u00e8res ann\u00e9es.<\/p>\n<p>Stress maternel<\/p>\n<p>Si la g\u00e9n\u00e9tique et la fragilit\u00e9 de la barri\u00e8re cutan\u00e9e sont des facteurs connus, une \u00e9tude publi\u00e9e le 27\u00a0ao\u00fbt dans Nature sugg\u00e8re que l\u2019origine de la maladie pourrait remonter bien avant la naissance. Des chercheurs de l\u2019Inserm, du CNRS et de l\u2019Universit\u00e9 de Toulouse d\u00e9montrent qu\u2019un stress maternel au cours du deuxi\u00e8me trimestre de grossesse, entra\u00eenant une \u00e9l\u00e9vation du taux de cortisol, pourrait d\u00e9r\u00e9gler le syst\u00e8me immunitaire du f\u0153tus et pr\u00e9disposer sa peau \u00e0 l\u2019ecz\u00e9ma.<\/p>\n<p>Le mod\u00e8le murin a permis de pr\u00e9ciser ce lien\u00a0: des souris gestantes soumises \u00e0 un stress lumineux ont vu leur descendance d\u00e9velopper une perte accrue d\u2019eau trans\u00e9pidermique et, apr\u00e8s stimulation, des l\u00e9sions cutan\u00e9es caract\u00e9ristiques de l\u2019ecz\u00e9ma. Les analyses ont montr\u00e9 une hypersensibilit\u00e9 nerveuse et une activation anormale des mastocytes, cellules immunitaires \u00e0 l\u2019origine des d\u00e9mangeaisons. \u00ab\u00a0Les mastocytes sont d\u00e9j\u00e0 activ\u00e9s au repos, dans un environnement neutre, ce qui veut dire que la peau est pr\u00e9dispos\u00e9e \u00e0 d\u00e9velopper l\u2019inflammation\u00a0\u00bb, r\u00e9sume Nicolas Gaudenzio, chercheur Inserm et dernier auteur de l\u2019\u00e9tude.<\/p>\n<p>Une cohorte de 58 femmes enceintes suivies \u00e0 Singapour renforce l\u2019hypoth\u00e8se\u00a0: celles qui souffraient elles-m\u00eames d\u2019ecz\u00e9ma pr\u00e9sentaient des taux plus \u00e9lev\u00e9s de cortisol au deuxi\u00e8me trimestre, p\u00e9riode cl\u00e9 de la mise en place des syst\u00e8mes nerveux et immunitaire cutan\u00e9s.<\/p>\n<p>Ces r\u00e9sultats apportent un \u00e9clairage in\u00e9dit sur une maladie qui, dans le monde, touche 10 \u00e0 20\u00a0% des enfants dans les pays industrialis\u00e9s, avec une tendance \u00e0 la hausse. En Europe, la pr\u00e9valence se situe autour de 10 \u00e0 15\u00a0% chez l\u2019enfant et environ 4\u00a0% chez l\u2019adulte. En France, pr\u00e8s de 50\u00a0% des nourrissons atteints d\u00e9velopperont plus tard de l\u2019asthme, et 30\u00a0% une rhinite allergique, confirmant l\u2019existence d\u2019un \u00ab\u00a0terrain atopique\u00a0\u00bb qui \u00e9volue au fil de la vie.<\/p>\n<p>Tendances environnementales<\/p>\n<p>L\u2019\u00e9tude toulousaine souligne aussi les tendances environnementales\u00a0: l\u2019augmentation globale de la pr\u00e9valence serait li\u00e9e \u00e0 des facteurs comme la pollution ou la th\u00e9orie hygi\u00e9niste, qui sugg\u00e8re que la moindre exposition aux microbes dans la petite enfance favorise les maladies allergiques.<\/p>\n<p>\u00ab\u00a0C\u2019est la premi\u00e8re fois que l\u2019ecz\u00e9ma du nourrisson est reli\u00e9 \u00e0 une cause ant\u00e9rieure \u00e0 la naissance\u00a0\u00bb, insiste Nicolas Gaudenzio. Une avanc\u00e9e qui rappelle combien la sant\u00e9 future de l\u2019enfant est intimement li\u00e9e aux conditions de vie de la m\u00e8re et qui ouvre la voie \u00e0 de nouvelles strat\u00e9gies de pr\u00e9vention et de prise en charge.<\/p>\n","protected":false},"excerpt":{"rendered":"l&rsquo;essentiel Une \u00e9tude publi\u00e9e dans Nature par une \u00e9quipe toulousaine r\u00e9v\u00e8le que le stress maternel pendant la grossesse&hellip;\n","protected":false},"author":2,"featured_media":357609,"comment_status":"","ping_status":"","sticky":false,"template":"","format":"standard","meta":{"footnotes":""},"categories":[10],"tags":[1011,27,72,71],"class_list":{"0":"post-357608","1":"post","2":"type-post","3":"status-publish","4":"format-standard","5":"has-post-thumbnail","7":"category-sante","8":"tag-fr","9":"tag-france","10":"tag-health","11":"tag-sante"},"share_on_mastodon":{"url":"https:\/\/pubeurope.com\/@fr\/115127015360251414","error":""},"_links":{"self":[{"href":"https:\/\/www.europesays.com\/fr\/wp-json\/wp\/v2\/posts\/357608","targetHints":{"allow":["GET"]}}],"collection":[{"href":"https:\/\/www.europesays.com\/fr\/wp-json\/wp\/v2\/posts"}],"about":[{"href":"https:\/\/www.europesays.com\/fr\/wp-json\/wp\/v2\/types\/post"}],"author":[{"embeddable":true,"href":"https:\/\/www.europesays.com\/fr\/wp-json\/wp\/v2\/users\/2"}],"replies":[{"embeddable":true,"href":"https:\/\/www.europesays.com\/fr\/wp-json\/wp\/v2\/comments?post=357608"}],"version-history":[{"count":0,"href":"https:\/\/www.europesays.com\/fr\/wp-json\/wp\/v2\/posts\/357608\/revisions"}],"wp:featuredmedia":[{"embeddable":true,"href":"https:\/\/www.europesays.com\/fr\/wp-json\/wp\/v2\/media\/357609"}],"wp:attachment":[{"href":"https:\/\/www.europesays.com\/fr\/wp-json\/wp\/v2\/media?parent=357608"}],"wp:term":[{"taxonomy":"category","embeddable":true,"href":"https:\/\/www.europesays.com\/fr\/wp-json\/wp\/v2\/categories?post=357608"},{"taxonomy":"post_tag","embeddable":true,"href":"https:\/\/www.europesays.com\/fr\/wp-json\/wp\/v2\/tags?post=357608"}],"curies":[{"name":"wp","href":"https:\/\/api.w.org\/{rel}","templated":true}]}}