{"id":357616,"date":"2025-09-01T03:56:10","date_gmt":"2025-09-01T03:56:10","guid":{"rendered":"https:\/\/www.europesays.com\/fr\/357616\/"},"modified":"2025-09-01T03:56:10","modified_gmt":"2025-09-01T03:56:10","slug":"voici-les-journees-de-septembre-dediees-au-recrutement-de-personnel-de-cabine","status":"publish","type":"post","link":"https:\/\/www.europesays.com\/fr\/357616\/","title":{"rendered":"voici les journ\u00e9es de septembre d\u00e9di\u00e9es au recrutement de personnel de cabine"},"content":{"rendered":"\n<p>Emirates annonce en septembre une nouvelle s\u00e9rie de s\u00e9lections en France pour renforcer ses \u00e9quipages de cabine. Des sessions en pr\u00e9sentiel sont pr\u00e9vues, assorties de <strong>journ\u00e9es portes ouvertes<\/strong> destin\u00e9es \u00e0 rep\u00e9rer les candidatures les plus convaincantes.<\/p>\n<p>Entre exigences de s\u00e9curit\u00e9, aisance client et mobilit\u00e9 internationale, la barre reste haute. Ceux qui visent le <strong>recrutement de personnel de cabine<\/strong> y verront des <strong>opportunit\u00e9s d\u2019emploi dans l\u2019a\u00e9rien<\/strong> au sein d\u2019une compagnie long-courrier, avec parcours de formation d\u00e9di\u00e9.<\/p>\n<p>    Dates et lieux des journ\u00e9es portes ouvertes en France    <\/p>\n<p>Emirates annonce un nouveau cycle de rencontres en septembre pour recruter des h\u00f4tesses et stewards bas\u00e9s \u00e0 Duba\u00ef. Les sessions en France comprennent des passages \u00e0 Paris et en r\u00e9gions, avec accueil d\u00e8s le matin et contr\u00f4le des pi\u00e8ces d\u2019identit\u00e9, du CV et des photos. Sur la page carri\u00e8res, vous trouverez le <strong>calendrier septembre Emirates<\/strong> ainsi que les consignes d\u2019acc\u00e8s. \u00c0 Paris, la compagnie pr\u00e9cise l\u2019organisation des files et l\u2019ordre d\u2019appel, car une <strong>s\u00e9lection de candidats en pr\u00e9sentiel<\/strong> structure l\u2019ensemble du processus tout au long de la journ\u00e9e.<\/p>\n<p>Chaque convocation mentionne le nom de l\u2019h\u00f4tel, la salle et les horaires pour \u00e9viter toute confusion avant l\u2019entretien collectif. Avant de vous d\u00e9placer, v\u00e9rifiez les <strong>adresses des lieux de recrutement<\/strong> mises \u00e0 jour par Emirates, puis pr\u00e9parez une tenue formelle. Des cr\u00e9neaux additionnels peuvent \u00eatre ouverts, notamment pour les <strong>portes ouvertes \u00e0 Paris<\/strong>, si l\u2019affluence d\u00e9passe les capacit\u00e9s indiqu\u00e9es sur la plateforme officielle de la compagnie.<\/p>\n<tr>\n<td>Date<\/td>\n<td>Ville<\/td>\n<td>Lieu<\/td>\n<td>Adresse<\/td>\n<td>Heure de d\u00e9but<\/td>\n<\/tr>\n<tr>\n<td>2 septembre<\/td>\n<td>Paris<\/td>\n<td>M Social Hotel Paris<\/td>\n<td>12 Boulevard Haussmann, 75009 Paris<\/td>\n<td>09:00<\/td>\n<\/tr>\n<tr>\n<td>4 septembre<\/td>\n<td>Cannes<\/td>\n<td>Mercure Cannes Mandelieu<\/td>\n<td>6 All\u00e9e des Cormorans, 06150 Cannes La Bocca<\/td>\n<td>09:00<\/td>\n<\/tr>\n<tr>\n<td>20 septembre<\/td>\n<td>Nantes<\/td>\n<td>Mercure Nantes Centre Grand H\u00f4tel<\/td>\n<td>4 rue du Cou\u00ebdic, 44000 Nantes<\/td>\n<td>09:00<\/td>\n<\/tr>\n<tr>\n<td>22 septembre<\/td>\n<td>Toulouse<\/td>\n<td>Plaza Hotel Toulouse Capitole<\/td>\n<td>7 place du Capitole, 31000 Toulouse<\/td>\n<td>09:00<\/td>\n<\/tr>\n<p>    Candidature, profil recherch\u00e9 et formation au centre Emirates \u00e0 Duba\u00ef    <\/p>\n<p>Pour participer, Emirates vous invite \u00e0 cr\u00e9er un dossier complet sur son site carri\u00e8res avant la venue aux entretiens. Le <strong>d\u00e9p\u00f4t de candidature en ligne<\/strong> fluidifie l\u2019accueil et acc\u00e9l\u00e8re l\u2019examen du profil, CV en anglais et photo professionnelle \u00e0 l\u2019appui. Les recruteurs examinent la pr\u00e9sentation, la ma\u00eetrise de l\u2019anglais et la disponibilit\u00e9 pour s\u2019installer aux \u00c9mirats. Une exp\u00e9rience service client est appr\u00e9ci\u00e9e, tout comme l\u2019aisance en public.<\/p>\n<p>Les crit\u00e8res incluent l\u2019aptitude \u00e0 appliquer des proc\u00e9dures rigoureuses et la capacit\u00e9 \u00e0 rassurer en situation d\u2019urgence, car un <strong>profil ax\u00e9 sur la s\u00e9curit\u00e9 \u00e0 bord<\/strong> reste prioritaire pour le poste. Apr\u00e8s s\u00e9lection, les stagiaires rejoignent la <strong>formation cabine \u00e0 Duba\u00ef<\/strong> au centre Emirates : modules de s\u00fbret\u00e9, premiers secours, service \u00e0 bord, \u00e9vacuations et CRM, avec \u00e9valuations continues avant l\u2019affectation sur le r\u00e9seau.<\/p>\n<p><strong>Source : emiratesgroupcareers.com<\/strong><\/p>\n","protected":false},"excerpt":{"rendered":"Emirates annonce en septembre une nouvelle s\u00e9rie de s\u00e9lections en France pour renforcer ses \u00e9quipages de cabine. Des&hellip;\n","protected":false},"author":2,"featured_media":357617,"comment_status":"","ping_status":"","sticky":false,"template":"","format":"standard","meta":{"footnotes":""},"categories":[6],"tags":[35,33,34,1011,27],"class_list":{"0":"post-357616","1":"post","2":"type-post","3":"status-publish","4":"format-standard","5":"has-post-thumbnail","7":"category-economie","8":"tag-business","9":"tag-economie","10":"tag-economy","11":"tag-fr","12":"tag-france"},"share_on_mastodon":{"url":"https:\/\/pubeurope.com\/@fr\/115127031168278714","error":""},"_links":{"self":[{"href":"https:\/\/www.europesays.com\/fr\/wp-json\/wp\/v2\/posts\/357616","targetHints":{"allow":["GET"]}}],"collection":[{"href":"https:\/\/www.europesays.com\/fr\/wp-json\/wp\/v2\/posts"}],"about":[{"href":"https:\/\/www.europesays.com\/fr\/wp-json\/wp\/v2\/types\/post"}],"author":[{"embeddable":true,"href":"https:\/\/www.europesays.com\/fr\/wp-json\/wp\/v2\/users\/2"}],"replies":[{"embeddable":true,"href":"https:\/\/www.europesays.com\/fr\/wp-json\/wp\/v2\/comments?post=357616"}],"version-history":[{"count":0,"href":"https:\/\/www.europesays.com\/fr\/wp-json\/wp\/v2\/posts\/357616\/revisions"}],"wp:featuredmedia":[{"embeddable":true,"href":"https:\/\/www.europesays.com\/fr\/wp-json\/wp\/v2\/media\/357617"}],"wp:attachment":[{"href":"https:\/\/www.europesays.com\/fr\/wp-json\/wp\/v2\/media?parent=357616"}],"wp:term":[{"taxonomy":"category","embeddable":true,"href":"https:\/\/www.europesays.com\/fr\/wp-json\/wp\/v2\/categories?post=357616"},{"taxonomy":"post_tag","embeddable":true,"href":"https:\/\/www.europesays.com\/fr\/wp-json\/wp\/v2\/tags?post=357616"}],"curies":[{"name":"wp","href":"https:\/\/api.w.org\/{rel}","templated":true}]}}