{"id":357620,"date":"2025-09-01T03:58:11","date_gmt":"2025-09-01T03:58:11","guid":{"rendered":"https:\/\/www.europesays.com\/fr\/357620\/"},"modified":"2025-09-01T03:58:11","modified_gmt":"2025-09-01T03:58:11","slug":"lecole-publique-le-haut-du-tableau-liberation","status":"publish","type":"post","link":"https:\/\/www.europesays.com\/fr\/357620\/","title":{"rendered":"l\u2019\u00e9cole publique, le haut du tableau \u2013 Lib\u00e9ration"},"content":{"rendered":"<p class=\"sc-ksZaOG ehjQrN text-element\">Pr\u00e8s de 12 millions d\u2019\u00e9coliers, coll\u00e9giens et lyc\u00e9ens <a href=\"connexion.liberation.fr\/autorefresh?referer=https%3a%2f%2fwww.liberation.fr%2fsociete%2feducation%2fportables-education-sexuelle-sante-mentale-formation-ce-qui-change-a-lecole-pour-la-rentree-2025-20250827_7UUGM2PPWRGM7AMGG5JIUY5ECU%2f\" target=\"_blank\" rel=\"\" title=\"connexion.liberation.fr\/autorefresh?referer=https%3a%2f%2fwww.liberation.fr%2fsociete%2feducation%2fportables-education-sexuelle-sante-mentale-formation-ce-qui-change-a-lecole-pour-la-rentree-2025-20250827_7UUGM2PPWRGM7AMGG5JIUY5ECU%2f\">font leur rentr\u00e9e ce lundi 1er septembre<\/a>, encadr\u00e9s par plus de 850 000 professeurs. Mais l\u2019\u00e9cole publique, qui scolarise 80 % des \u00e9l\u00e8ves, avance en ordre dispers\u00e9 : sous contrainte budg\u00e9taire, avec l\u2019ombre d\u2019un <a href=\"https:\/\/www.liberation.fr\/politique\/en-direct-vote-de-confiance-a-bayrou-le-ministre-de-leconomie-assure-que-lisf-est-completement-ecarte-20250828_AKTX4NQ4OBCPXBDCWLS3HXKOSU\/\" target=\"_blank\" rel=\"noopener\" title=\"https:\/\/www.liberation.fr\/politique\/en-direct-vote-de-confiance-a-bayrou-le-ministre-de-leconomie-assure-que-lisf-est-completement-ecarte-20250828_AKTX4NQ4OBCPXBDCWLS3HXKOSU\/\">nouveau remaniement<\/a> qui pourrait offrir un sixi\u00e8me ministre de l\u2019Education nationale en deux ans. Mercredi 27 ao\u00fbt, <a href=\"https:\/\/www.liberation.fr\/societe\/education\/ce-quelle-dit-aujourdhui-ne-sera-certainement-plus-valable-demain-une-rentree-en-sursis-pour-elisabeth-borne-20250827_EDOTJI3UERHJLN6UNIWWVEJTYY\/\" target=\"\" rel=\"noopener\"><\/p>\n","protected":false},"excerpt":{"rendered":"Pr\u00e8s de 12 millions d\u2019\u00e9coliers, coll\u00e9giens et lyc\u00e9ens font leur rentr\u00e9e ce lundi 1er septembre, encadr\u00e9s par plus&hellip;\n","protected":false},"author":2,"featured_media":357621,"comment_status":"","ping_status":"","sticky":false,"template":"","format":"standard","meta":{"footnotes":""},"categories":[4],"tags":[11,1122,1011,27,12,25,36187],"class_list":{"0":"post-357620","1":"post","2":"type-post","3":"status-publish","4":"format-standard","5":"has-post-thumbnail","7":"category-france","8":"tag-actualites","9":"tag-ecole","10":"tag-fr","11":"tag-france","12":"tag-news","13":"tag-republique-francaise","14":"tag-services-publics"},"share_on_mastodon":{"url":"https:\/\/pubeurope.com\/@fr\/115127039324957373","error":""},"_links":{"self":[{"href":"https:\/\/www.europesays.com\/fr\/wp-json\/wp\/v2\/posts\/357620","targetHints":{"allow":["GET"]}}],"collection":[{"href":"https:\/\/www.europesays.com\/fr\/wp-json\/wp\/v2\/posts"}],"about":[{"href":"https:\/\/www.europesays.com\/fr\/wp-json\/wp\/v2\/types\/post"}],"author":[{"embeddable":true,"href":"https:\/\/www.europesays.com\/fr\/wp-json\/wp\/v2\/users\/2"}],"replies":[{"embeddable":true,"href":"https:\/\/www.europesays.com\/fr\/wp-json\/wp\/v2\/comments?post=357620"}],"version-history":[{"count":0,"href":"https:\/\/www.europesays.com\/fr\/wp-json\/wp\/v2\/posts\/357620\/revisions"}],"wp:featuredmedia":[{"embeddable":true,"href":"https:\/\/www.europesays.com\/fr\/wp-json\/wp\/v2\/media\/357621"}],"wp:attachment":[{"href":"https:\/\/www.europesays.com\/fr\/wp-json\/wp\/v2\/media?parent=357620"}],"wp:term":[{"taxonomy":"category","embeddable":true,"href":"https:\/\/www.europesays.com\/fr\/wp-json\/wp\/v2\/categories?post=357620"},{"taxonomy":"post_tag","embeddable":true,"href":"https:\/\/www.europesays.com\/fr\/wp-json\/wp\/v2\/tags?post=357620"}],"curies":[{"name":"wp","href":"https:\/\/api.w.org\/{rel}","templated":true}]}}