{"id":357636,"date":"2025-09-01T04:11:10","date_gmt":"2025-09-01T04:11:10","guid":{"rendered":"https:\/\/www.europesays.com\/fr\/357636\/"},"modified":"2025-09-01T04:11:10","modified_gmt":"2025-09-01T04:11:10","slug":"controles-prix-des-autres-abonnements-tout-savoir-sur-la-gratuite-des-transports-pour-les-mineurs-dans-la-metropole","status":"publish","type":"post","link":"https:\/\/www.europesays.com\/fr\/357636\/","title":{"rendered":"Contr\u00f4les, prix des autres abonnements\u00a0: tout savoir sur la gratuit\u00e9 des transports pour les mineurs dans la M\u00e9tropole"},"content":{"rendered":"<p>La gratuit\u00e9 des transports en commun du r\u00e9seau Astuce dans la M\u00e9tropole de Rouen pour les mineurs rentre en vigueur ce lundi 1er septembre 2025. Il faut tout de m\u00eame penser \u00e0 valider son abonnement ou son ticket et les prix des autres abonnements n&rsquo;ont pas augment\u00e9.<\/p>\n<p>\u00c0 partir de ce lundi 1er septembre 2025,\u00a0<a class=\"IciLink ici-link IciArticleLink g-ici-body-regular-1 underline brand svelte-lu7k6w\" href=\"https:\/\/www.francebleu.fr\/infos\/economie-social\/les-transports-en-commun-gratuits-pour-les-mineurs-a-rouen-financee-par-une-renegociation-du-contrat-avec-transdev-8257100\" rel=\"nofollow noopener\" target=\"_blank\">tous les transports en commun du r\u00e9seau Astuce<\/a>\u00a0de la M\u00e9tropole de Rouen sont gratuits pour les usagers de moins de 18 ans.\u00a0Ce public repr\u00e9sente 25.000 abonn\u00e9s sur le r\u00e9seau, c&rsquo;est \u00e0 dire <strong>22% des personnes qui prennent les transports en commun rouennais.<\/strong> Dans toute la M\u00e9tropole, 80.000 jeunes entre 4 et 18 ans sont concern\u00e9s.<\/p>\n<p>Tous les mineurs, m\u00eame ceux qui ne vivent pas dans la M\u00e9tropole, n&rsquo;ont donc plus besoin de payer pour prendre\u00a0<strong>les m\u00e9tros, les bus, les TEOR, les FAST, les navettes fluviales et les Filo&rsquo;r<\/strong>, ces transports \u00e0 la demande qui desservent 37 communes de l&rsquo;agglom\u00e9ration rouennaise.<\/p>\n<p>Valider son abonnement ou son ticket<\/p>\n<p>Si vous avez d\u00e9j\u00e0 un abonnement, faites bien attention car il faut quand m\u00eame <strong>penser \u00e0 le valider \u00e0 la borne en montant dans le transport<\/strong>, et m\u00eame chose avec un ticket physique ou num\u00e9rique. \u00ab\u00a0Cela sert \u00e0 savoir pr\u00e9cis\u00e9ment combien de personnes prennent le bus ou le m\u00e9tro, pour mobiliser du renfort en cas de trafic satur\u00e9\u00a0\u00bb, pr\u00e9cise Cyrille Moreau, vice-pr\u00e9sident de la M\u00e9tropole en charge des transports, des mobilit\u00e9s d\u2019avenir et des modes actifs de d\u00e9placement.<\/p>\n<p>Si vous aviez d\u00e9j\u00e0 un abonnement Astuce pour votre ou vos enfants mineurs, il n&rsquo;y a <strong>pas besoin de le r\u00e9silier<\/strong>, car le pr\u00e9l\u00e8vement financier s&rsquo;arr\u00eate automatiquement en cette rentr\u00e9e. \u00ab\u00a0S&rsquo;il y a des probl\u00e8mes informatiques, les contr\u00f4leurs sont pr\u00e9venus et seront tol\u00e9rants le premier mois, si \u00e7a ne fonctionne pas\u00a0\u00bb, pr\u00e9cise Cyrille Moreau.<\/p>\n<p>Pas d&rsquo;augmentation des autres tarifs<\/p>\n<p>Cette nouvelle gratuit\u00e9 n&rsquo;a aucune incidence sur les autres mesures du r\u00e9seau Astuce. Tous les transports en commun <strong>restent gratuits pour tous le samedi<\/strong>, lors d&rsquo;\u00e9v\u00e9nements exceptionnels sportifs ou festifs, ou encore lors des pics de pollution. \u00c0 noter que <strong>la gratuit\u00e9 pour les personnes au ch\u00f4mage<\/strong>, ainsi que les tarifs pr\u00e9f\u00e9rentiels pour les jeunes de moins de 26 ans et les seniors restent en vigueur.<\/p>\n<p>Plus g\u00e9n\u00e9ralement, les prix des abonnements et des tickets n&rsquo;ont pas augment\u00e9 cette ann\u00e9e par rapport \u00e0 l&rsquo;an dernier, \u00ab\u00a0malgr\u00e9 l&rsquo;inflation\u00a0\u00bb, ajoute Cyrille Moreau.<\/p>\n<p>\u00c0 \u00e9couter aussi   <img decoding=\"async\" src=\"https:\/\/www.europesays.com\/fr\/wp-content\/uploads\/2025\/09\/560x315\" alt=\"Nicolas Mayer-Rossignol, maire de Rouen et pr\u00e9sident de la m\u00e9tropole\" style=\"--_image-preview:url('data:image\/jpeg;base64,\/9j\/2wBDACgcHiMeGSgjISMtKygwPGRBPDc3PHtYXUlkkYCZlo+AjIqgtObDoKrarYqMyP\/L2u71\/\/\/\/m8H\/\/\/\/6\/+b9\/\/j\/2wBDASstLTw1PHZBQXb4pYyl+Pj4+Pj4+Pj4+Pj4+Pj4+Pj4+Pj4+Pj4+Pj4+Pj4+Pj4+Pj4+Pj4+Pj4+Pj4+Pj4+Pj\/wAARCAAXACoDASIAAhEBAxEB\/8QAGAABAAMBAAAAAAAAAAAAAAAAAAECAwT\/xAAYEAEBAQEBAAAAAAAAAAAAAAAAEgECEf\/EABcBAQEBAQAAAAAAAAAAAAAAAAECAwD\/xAAXEQEBAQEAAAAAAAAAAAAAAAAAARES\/9oADAMBAAIRAxEAPwDoophac7ODXRnSaYZ0tRkFrakUypFHlPTkpbOgdTF81b0DE09PQaM6\/9k=');\" loading=\"lazy\" fetchpriority=\"low\" aria-hidden=\"true\" class=\"svelte-1pnmlwx rounded\" onload=\"this.__e=event\" onerror=\"this.__e=event\"\/><\/p>\n","protected":false},"excerpt":{"rendered":"La gratuit\u00e9 des transports en commun du r\u00e9seau Astuce dans la M\u00e9tropole de Rouen pour les mineurs rentre&hellip;\n","protected":false},"author":2,"featured_media":357637,"comment_status":"","ping_status":"","sticky":false,"template":"","format":"standard","meta":{"footnotes":""},"categories":[9587],"tags":[1111,11,1777,674,1011,27,12,5161,25,9590],"class_list":{"0":"post-357636","1":"post","2":"type-post","3":"status-publish","4":"format-standard","5":"has-post-thumbnail","7":"category-rouen","8":"tag-actu","9":"tag-actualites","10":"tag-eu","11":"tag-europe","12":"tag-fr","13":"tag-france","14":"tag-news","15":"tag-normandie","16":"tag-republique-francaise","17":"tag-rouen"},"share_on_mastodon":{"url":"https:\/\/pubeurope.com\/@fr\/115127090086998685","error":""},"_links":{"self":[{"href":"https:\/\/www.europesays.com\/fr\/wp-json\/wp\/v2\/posts\/357636","targetHints":{"allow":["GET"]}}],"collection":[{"href":"https:\/\/www.europesays.com\/fr\/wp-json\/wp\/v2\/posts"}],"about":[{"href":"https:\/\/www.europesays.com\/fr\/wp-json\/wp\/v2\/types\/post"}],"author":[{"embeddable":true,"href":"https:\/\/www.europesays.com\/fr\/wp-json\/wp\/v2\/users\/2"}],"replies":[{"embeddable":true,"href":"https:\/\/www.europesays.com\/fr\/wp-json\/wp\/v2\/comments?post=357636"}],"version-history":[{"count":0,"href":"https:\/\/www.europesays.com\/fr\/wp-json\/wp\/v2\/posts\/357636\/revisions"}],"wp:featuredmedia":[{"embeddable":true,"href":"https:\/\/www.europesays.com\/fr\/wp-json\/wp\/v2\/media\/357637"}],"wp:attachment":[{"href":"https:\/\/www.europesays.com\/fr\/wp-json\/wp\/v2\/media?parent=357636"}],"wp:term":[{"taxonomy":"category","embeddable":true,"href":"https:\/\/www.europesays.com\/fr\/wp-json\/wp\/v2\/categories?post=357636"},{"taxonomy":"post_tag","embeddable":true,"href":"https:\/\/www.europesays.com\/fr\/wp-json\/wp\/v2\/tags?post=357636"}],"curies":[{"name":"wp","href":"https:\/\/api.w.org\/{rel}","templated":true}]}}