{"id":357647,"date":"2025-09-01T04:19:11","date_gmt":"2025-09-01T04:19:11","guid":{"rendered":"https:\/\/www.europesays.com\/fr\/357647\/"},"modified":"2025-09-01T04:19:11","modified_gmt":"2025-09-01T04:19:11","slug":"elle-aura-la-hauteur-dun-immeuble-de-5-a-6-etages-ce-havre-de-paix-derange-par-une-antenne-relais-a-saint-laurent-du-var","status":"publish","type":"post","link":"https:\/\/www.europesays.com\/fr\/357647\/","title":{"rendered":"\u00ab\u00a0Elle aura la hauteur d&rsquo;un immeuble de 5 \u00e0 6 \u00e9tages\u00a0\u00bb: ce havre de paix d\u00e9rang\u00e9 par une antenne-relais \u00e0 Saint-Laurent-du-Var"},"content":{"rendered":"<p>\u00ab\u00a0Nous sommes d\u00e9termin\u00e9s \u00e0 nous battre juridiquement contre ce projet.\u00a0\u00bb Ce mouvement est lanc\u00e9 par le collectif Montaleigne. Trois ensembles r\u00e9sidentiels d\u2019environ 80 habitants sur les hauteurs de Saint-Laurent-du-Var vont voir l\u2019implantation d\u2019une antenne-relais Free (1) de 16m de haut.<\/p>\n<p>\u00ab\u00a0Ce sera une immense balafre dans le cadre que nous avons choisi d\u2019avoir, insiste \u00c9lodie Barelli, membre du collectif Montaleigne. Nous sommes entour\u00e9s d\u2019oliviers, de mimosas, de cypr\u00e8s, de pins et de figuiers, ce sont de petits arbres. Dans ce cadre enchanteur o\u00f9 on a une vue du cap d\u2019Antibes au cap de Nice, on entend les \u00e9tourneaux, les perruches \u00e0 bec vert, les moineaux, les merles, les martinets et les hirondelles. (\u2026) L\u2019antenne-relais va surplomber nos maisons puisqu\u2019elle aura la hauteur d\u2019un immeuble de 5 \u00e0 6 \u00e9tages. Et il y aura du bruit \u00e0 cause de l\u2019installation \u00e9lectrique et du groupe de refroidissement qui tournera en continu.\u00a0\u00bb<\/p>\n<p><strong>\u00ab\u00a0La chambre de mon fils de 5 ans est \u00e0 28m du projet\u00a0\u00bb<\/strong><\/p>\n<p>Les habitants, furieux, ont d\u00e9couvert le projet par hasard le 23 janvier 2025, date \u00e0 laquelle le permis a \u00e9t\u00e9 affich\u00e9. Un projet situ\u00e9 sur un terrain priv\u00e9, chemin du Collet-Rouge. \u00ab\u00a0Ma maison, o\u00f9 plus exactement la chambre de mon fils de 5 ans, est \u00e0 28m du projet\u00a0\u00bb, clame \u00c9lodie Barelli. \u00ab\u00a0Ma maison est \u00e0 70m de la future antenne\u00a0\u00bb, ajoute Serge Ferrara, \u00e9galement membre du collectif Montaleigne.<\/p>\n<p>De concert, les habitants consid\u00e8rent que \u00ab\u00a0cette proximit\u00e9 cr\u00e9e des pr\u00e9judices. On a un pr\u00e9judice d\u2019anxi\u00e9t\u00e9, car on ne conna\u00eet pas les risques qu\u2019on encoure, l\u2019impact sur notre sant\u00e9, sur le d\u00e9veloppement de nos enfants. On aura un pr\u00e9judice de vue, une vue que l\u2019on a pay\u00e9e au prix fort. On aura \u00e9galement un pr\u00e9judice de perte de valeur. Nos biens perdront entre de 20 \u00e0 30% sur le march\u00e9.\u00a0\u00bb<\/p>\n<p>\u00ab\u00a0Car ce qu\u2019on n\u2019arrive pas \u00e0 comprendre c\u2019est pourquoi n\u2019y a-t-il pas de mutualisation d\u2019antenne avec d\u2019autres op\u00e9rateurs? Bouygues a d\u00e9j\u00e0 construit, sans qu\u2019on ait fait attention au permis, une antenne \u00e0 100m de l\u00e0 et SFR a dispos\u00e9 des relais sur la r\u00e9serve d\u2019eau \u00e0 150m\u00a0\u00bb, soulignent les membres du collectif.<\/p>\n<p>\u00ab\u00a0Ces sites ne permettaient pas de r\u00e9pondre compl\u00e8tement \u00e0 notre cahier de charges pour couvrir la zone que nous cherchions \u00e0 couvrir. C\u2019est la raison pour laquelle nous n\u2019avons pas pu envisager une mutualisation\u00a0\u00bb, invoque Free.<\/p>\n<p><strong>\u00ab\u00a0La Ville a d\u00e9cid\u00e9 de se pourvoir en cassation\u00a0\u00bb<\/strong><\/p>\n<p>D\u00e9but f\u00e9vrier, les habitants ont donc mont\u00e9 un collectif. Et fait un recours gracieux aupr\u00e8s de la mairie de Saint-Laurent-du-Var. La Ville rappelle \u00ab\u00a0avoir d\u00e9cid\u00e9, par arr\u00eat\u00e9 du 3 avril, de retirer ce permis de construire, au regard des insuffisances et inexactitudes du dossier, en particulier sur les \u00e9l\u00e9ments d\u2019insertion paysag\u00e8re, la pr\u00e9cision des acc\u00e8s et l\u2019int\u00e9gration du projet dans l\u2019environnement imm\u00e9diat.\u00a0\u00bb<\/p>\n<p>La soci\u00e9t\u00e9 Free a contest\u00e9 ce retrait devant le tribunal administratif de Nice. Le 27 juin une ordonnance a suspendu l\u2019ex\u00e9cution de l\u2019arr\u00eat\u00e9 de retrait.<\/p>\n<p>\u00ab\u00a0La Ville a imm\u00e9diatement d\u00e9cid\u00e9 de se pourvoir en cassation devant le Conseil d\u2019\u00c9tat contre cette ordonnance, afin de d\u00e9fendre la l\u00e9galit\u00e9 de sa d\u00e9cision et faire valoir les manquements du p\u00e9titionnaire dans la constitution de son dossier\u00a0\u00bb, affirme la mairie de Saint-Laurent-du-Var. Un jugement qui pourrait intervenir au printemps 2026.<\/p>\n<p>En parall\u00e8le, d\u2019autres recours ont \u00e9t\u00e9 lanc\u00e9s. \u00ab\u00a0Cette ordonnance de suspension du retrait du permis a fait rena\u00eetre le permis, indique Pierre Karbowiak, avocat de membres du collectif. J\u2019ai donc fait une requ\u00eate en annulation du permis de construire. Elle a \u00e9t\u00e9 introduite le 4 ao\u00fbt aupr\u00e8s du tribunal administratif de Nice. C\u2019est une instruction qui peut prendre deux ans et demi. Par ailleurs, une fois que le pyl\u00f4ne sera construit, nous allons assigner Free en d\u00e9molition pour trouble anormal de voisinage, une proc\u00e9dure qui sera men\u00e9e devant le tribunal judiciaire.\u00a0\u00bb<\/p>\n<p>1. Xavier Niel, patron de Free, est \u00e9galement propri\u00e9taire du groupe Nice-Matin via sa holding NJJ.<\/p>\n","protected":false},"excerpt":{"rendered":"\u00ab\u00a0Nous sommes d\u00e9termin\u00e9s \u00e0 nous battre juridiquement contre ce projet.\u00a0\u00bb Ce mouvement est lanc\u00e9 par le collectif Montaleigne.&hellip;\n","protected":false},"author":2,"featured_media":357648,"comment_status":"","ping_status":"","sticky":false,"template":"","format":"standard","meta":{"footnotes":""},"categories":[2819],"tags":[1111,11,1777,674,1011,27,303,12,2401,882,25,717],"class_list":{"0":"post-357647","1":"post","2":"type-post","3":"status-publish","4":"format-standard","5":"has-post-thumbnail","7":"category-nice","8":"tag-actu","9":"tag-actualites","10":"tag-eu","11":"tag-europe","12":"tag-fr","13":"tag-france","14":"tag-justice","15":"tag-news","16":"tag-nice","17":"tag-provence-alpes-cote-dazur","18":"tag-republique-francaise","19":"tag-technologie"},"share_on_mastodon":{"url":"https:\/\/pubeurope.com\/@fr\/115127121658179490","error":""},"_links":{"self":[{"href":"https:\/\/www.europesays.com\/fr\/wp-json\/wp\/v2\/posts\/357647","targetHints":{"allow":["GET"]}}],"collection":[{"href":"https:\/\/www.europesays.com\/fr\/wp-json\/wp\/v2\/posts"}],"about":[{"href":"https:\/\/www.europesays.com\/fr\/wp-json\/wp\/v2\/types\/post"}],"author":[{"embeddable":true,"href":"https:\/\/www.europesays.com\/fr\/wp-json\/wp\/v2\/users\/2"}],"replies":[{"embeddable":true,"href":"https:\/\/www.europesays.com\/fr\/wp-json\/wp\/v2\/comments?post=357647"}],"version-history":[{"count":0,"href":"https:\/\/www.europesays.com\/fr\/wp-json\/wp\/v2\/posts\/357647\/revisions"}],"wp:featuredmedia":[{"embeddable":true,"href":"https:\/\/www.europesays.com\/fr\/wp-json\/wp\/v2\/media\/357648"}],"wp:attachment":[{"href":"https:\/\/www.europesays.com\/fr\/wp-json\/wp\/v2\/media?parent=357647"}],"wp:term":[{"taxonomy":"category","embeddable":true,"href":"https:\/\/www.europesays.com\/fr\/wp-json\/wp\/v2\/categories?post=357647"},{"taxonomy":"post_tag","embeddable":true,"href":"https:\/\/www.europesays.com\/fr\/wp-json\/wp\/v2\/tags?post=357647"}],"curies":[{"name":"wp","href":"https:\/\/api.w.org\/{rel}","templated":true}]}}