{"id":357651,"date":"2025-09-01T04:21:31","date_gmt":"2025-09-01T04:21:31","guid":{"rendered":"https:\/\/www.europesays.com\/fr\/357651\/"},"modified":"2025-09-01T04:21:31","modified_gmt":"2025-09-01T04:21:31","slug":"nantes-le-parc-naturel-de-beaulieu-se-reinvente-pour-concilier-nature-et-usages","status":"publish","type":"post","link":"https:\/\/www.europesays.com\/fr\/357651\/","title":{"rendered":"Nantes\u00a0: le parc naturel de Beaulieu se r\u00e9invente pour concilier nature et usages"},"content":{"rendered":"<p>Avec la volont\u00e9 affirm\u00e9e de faire coexister biodiversit\u00e9 et usagers, le <a href=\"https:\/\/nantes.maville.com\/actu\/actudet_-un-nouveau-visage-pour-le-parc-naturel-de-beaulieu-a-nantes-reamenage-ces-six-prochains-mois-_8-6819360_actu.Htm\" target=\"_self\" rel=\"noopener\">parc naturel de Beaulieu<\/a>, \u00e0 Nantes (Loire-Atlantique), r\u00e9affirme son identit\u00e9 plurielle \u00e0 travers un vaste r\u00e9am\u00e9nagement entam\u00e9 en mai dernier. Ce projet est le fruit de cinq mois de concertation entre la Ville et les habitants du quartier, men\u00e9s entre f\u00e9vrier et juin\u00a02024, pour un budget total de plus de 750\u00a0000\u00a0\u20ac, financ\u00e9 conjointement par la Ville et Nantes m\u00e9tropole.<\/p>\n<p>Situ\u00e9 \u00e0 la pointe est de l\u2019\u00cele de Nantes, ce parc de quatorze hectares est d\u00e9sormais structur\u00e9 en plusieurs zones aux usages diff\u00e9renci\u00e9s. \u00c0 l\u2019entr\u00e9e, les <strong>\u00ab\u00a0espaces de vie\u00a0\u00bb<\/strong> concentrent le <a href=\"https:\/\/nantes.maville.com\/actu\/actudet_-dans-dix-parcs-nantais-les-chiens-goutent-desormais-a-la-semi-liberte-_8-6943065_actu.Htm\" target=\"_self\" rel=\"noopener\">nouveau caniparc<\/a>, ainsi que les \u00e9quipements de loisirs\u00a0: un parcours d\u2019accrobranche inaugur\u00e9 en 2023, une tyrolienne, des barbecues et des tables de pique-nique. Plus en retrait, des <strong>\u00ab\u00a0zones plus calmes\u00a0\u00bb<\/strong> et volontairement <strong>\u00ab\u00a0moins entretenues\u00a0\u00bb<\/strong> offrent un cadre propice \u00e0 la tranquillit\u00e9, comme l\u2019explique C\u00e9cile Bir, l\u2019adjointe nantaise en charge des squares, parcs et jardins.<\/p>\n<p>La biodiversit\u00e9 au c\u0153ur de l\u2019am\u00e9nagement<\/p>\n<p>\u00c0 l\u2019extr\u00e9mit\u00e9 du parc, un <strong>\u00ab\u00a0espace de faune sauvage\u00a0\u00bb<\/strong> a \u00e9galement \u00e9t\u00e9 con\u00e7u pour favoriser la pr\u00e9sence d\u2019esp\u00e8ces animales. <strong>\u00ab\u00a0Il \u00e9tait essentiel pour nous de pr\u00e9server la biodiversit\u00e9 du parc\u00a0\u00bb<\/strong>, souligne C\u00e9dric Enyenge-Essombe, responsable de secteur \u00e0 la direction Nature &amp; Jardins. Dans cette zone, les v\u00e9g\u00e9taux ne seront pas \u00e9lagu\u00e9s et, id\u00e9alement, le public ne devrait pas y avoir acc\u00e8s. Il reconna\u00eet n\u00e9anmoins un manque de signal\u00e9tique, qu\u2019il reste \u00e0 corriger.<\/p>\n<p>D\u2019autres am\u00e9nagements sont encore pr\u00e9vus, notamment en ce qui concerne <strong>\u00ab\u00a0l\u2019aspect ludique\u00a0\u00bb<\/strong> du parc. Des jeux pour enfants devraient \u00eatre install\u00e9s \u00e0 l\u2019automne, afin de compl\u00e9ter l\u2019offre d\u00e9j\u00e0 en place.<\/p>\n<p>\u00c0 plus long terme, le parc de Beaulieu s\u2019int\u00e9grera \u00e9galement \u00e0 <a href=\"https:\/\/nantes.maville.com\/actu\/actudet_-l-etoile-verte-connecte-les-habitants-a-la-nature-dans-les-vingt-quatre-communes-de-nantes-metropole-_52716-6744343_actu.Htm\" target=\"_self\" rel=\"noopener\">l\u2019\u00c9toile Verte de la m\u00e9tropole<\/a> \u2013 ce r\u00e9seau de cheminements pi\u00e9tons reliant rivi\u00e8res et espaces naturels sur l\u2019ensemble du territoire. L\u2019\u00e9t\u00e9 prochain, des animations y seront organis\u00e9es pour marquer l\u2019inauguration des trois derni\u00e8res branches de ce maillage vert.<\/p>\n<p>\u00a0<\/p>\n","protected":false},"excerpt":{"rendered":"Avec la volont\u00e9 affirm\u00e9e de faire coexister biodiversit\u00e9 et usagers, le parc naturel de Beaulieu, \u00e0 Nantes (Loire-Atlantique),&hellip;\n","protected":false},"author":2,"featured_media":357652,"comment_status":"","ping_status":"","sticky":false,"template":"","format":"standard","meta":{"footnotes":""},"categories":[2818],"tags":[1111,11,17176,45542,1777,674,1011,27,766,2742,49346,12,153,2636,41775,25,3272,49347],"class_list":{"0":"post-357651","1":"post","2":"type-post","3":"status-publish","4":"format-standard","5":"has-post-thumbnail","7":"category-nantes","8":"tag-actu","9":"tag-actualites","10":"tag-beaulieu","11":"tag-concilier","12":"tag-eu","13":"tag-europe","14":"tag-fr","15":"tag-france","16":"tag-nantes","17":"tag-nature","18":"tag-naturel","19":"tag-news","20":"tag-parc","21":"tag-pays-de-la-loire","22":"tag-reinvente","23":"tag-republique-francaise","24":"tag-saint-nazaire","25":"tag-usages"},"share_on_mastodon":{"url":"https:\/\/pubeurope.com\/@fr\/115127129682140218","error":""},"_links":{"self":[{"href":"https:\/\/www.europesays.com\/fr\/wp-json\/wp\/v2\/posts\/357651","targetHints":{"allow":["GET"]}}],"collection":[{"href":"https:\/\/www.europesays.com\/fr\/wp-json\/wp\/v2\/posts"}],"about":[{"href":"https:\/\/www.europesays.com\/fr\/wp-json\/wp\/v2\/types\/post"}],"author":[{"embeddable":true,"href":"https:\/\/www.europesays.com\/fr\/wp-json\/wp\/v2\/users\/2"}],"replies":[{"embeddable":true,"href":"https:\/\/www.europesays.com\/fr\/wp-json\/wp\/v2\/comments?post=357651"}],"version-history":[{"count":0,"href":"https:\/\/www.europesays.com\/fr\/wp-json\/wp\/v2\/posts\/357651\/revisions"}],"wp:featuredmedia":[{"embeddable":true,"href":"https:\/\/www.europesays.com\/fr\/wp-json\/wp\/v2\/media\/357652"}],"wp:attachment":[{"href":"https:\/\/www.europesays.com\/fr\/wp-json\/wp\/v2\/media?parent=357651"}],"wp:term":[{"taxonomy":"category","embeddable":true,"href":"https:\/\/www.europesays.com\/fr\/wp-json\/wp\/v2\/categories?post=357651"},{"taxonomy":"post_tag","embeddable":true,"href":"https:\/\/www.europesays.com\/fr\/wp-json\/wp\/v2\/tags?post=357651"}],"curies":[{"name":"wp","href":"https:\/\/api.w.org\/{rel}","templated":true}]}}