{"id":357653,"date":"2025-09-01T04:22:35","date_gmt":"2025-09-01T04:22:35","guid":{"rendered":"https:\/\/www.europesays.com\/fr\/357653\/"},"modified":"2025-09-01T04:22:35","modified_gmt":"2025-09-01T04:22:35","slug":"plus-de-500-personnes-en-assemblee-populaire","status":"publish","type":"post","link":"https:\/\/www.europesays.com\/fr\/357653\/","title":{"rendered":"plus de 500 personnes en assembl\u00e9e populaire"},"content":{"rendered":"<p><img loading=\"lazy\" decoding=\"async\" width=\"1024\" height=\"1024\" data-attachment-id=\"95739\" data-permalink=\"https:\/\/contre-attaque.net\/2025\/08\/31\/nantes-plus-de-500-personnes-en-assemblee-populaire\/signal-2025-08-30-223156_002\/\" data-orig-file=\"https:\/\/contre-attaque.net\/wp-content\/uploads\/2025\/08\/signal-2025-08-30-223156_002.jpeg\" data-orig-size=\"1080,1080\" data-comments-opened=\"0\" data-image-meta=\"{&quot;aperture&quot;:&quot;0&quot;,&quot;credit&quot;:&quot;&quot;,&quot;camera&quot;:&quot;&quot;,&quot;caption&quot;:&quot;&quot;,&quot;created_timestamp&quot;:&quot;0&quot;,&quot;copyright&quot;:&quot;&quot;,&quot;focal_length&quot;:&quot;0&quot;,&quot;iso&quot;:&quot;0&quot;,&quot;shutter_speed&quot;:&quot;0&quot;,&quot;title&quot;:&quot;&quot;,&quot;orientation&quot;:&quot;0&quot;}\" data-image-title=\"signal-2025-08-30-223156_002\" data-image-description=\"\" data-image-caption=\"\" data-medium-file=\"https:\/\/contre-attaque.net\/wp-content\/uploads\/2025\/08\/signal-2025-08-30-223156_002-300x300.jpeg\" data-large-file=\"https:\/\/www.europesays.com\/fr\/wp-content\/uploads\/2025\/09\/signal-2025-08-30-223156_002-1024x1024.jpeg\" src=\"https:\/\/www.europesays.com\/fr\/wp-content\/uploads\/2025\/09\/signal-2025-08-30-223156_002-1024x1024.jpeg\" alt=\"Plus de 500 personnes en assembl\u00e9e populaire \u00e0 la fin de l'\u00e9t\u00e9, sous les Nefs de l'\u00eele de Nantes : une affluence exceptionnelle.\" class=\"wp-image-95739\"  \/><\/p>\n<p>Spontan\u00e9ment, apr\u00e8s l\u2019annonce du plan d\u2019aust\u00e9rit\u00e9 de Bayrou au d\u00e9but de l\u2019\u00e9t\u00e9, <a href=\"https:\/\/contre-attaque.net\/2025\/07\/24\/face-au-mur-de-lausterite-un-raz-de-maree-a-la-rentree\/\" rel=\"nofollow noopener\" target=\"_blank\">des dizaines de personnes se sont retrouv\u00e9es pour organiser la riposte<\/a>, \u00e0 Nantes comme partout en France. Le gouvernement pensait profiter de la pause estivale pour provoquer l\u2019apathie, c\u2019est l\u2019inverse qui a eu lieu.<\/p>\n<p>Ces derni\u00e8res semaines, partout dans l\u2019agglom\u00e9ration nantaise, des milliers de tracts, des centaines d\u2019affiches, des banderoles et publications en ligne ont appel\u00e9 \u00e0 <a href=\"https:\/\/contre-attaque.net\/2025\/08\/28\/samedi-30-aout-grande-assemblee-populaire-a-nantes\/\" rel=\"nofollow noopener\" target=\"_blank\">une grande Assembl\u00e9e populaire le 30 ao\u00fbt<\/a>, sous le mot d\u2019ordre \u00ab\u00a0Bloquons tout\u00a0\u00bb.<\/p>\n<p>Il y avait ainsi ce samedi plus de 500 personnes sur l\u2019\u00eele de Nantes, sous les Nefs, pour ce rendez-vous de pr\u00e9-rentr\u00e9e sociale. Une affluence tout simplement in\u00e9dite pour une fin d\u2019\u00e9t\u00e9 \u00e0 la m\u00e9t\u00e9o maussade, ce qui t\u00e9moigne de la lame de fond en cours.<\/p>\n<p>Il s\u2019agissait d\u2019un rassemblement totalement auto-organis\u00e9, parti de la base, pour tracer la voie du mouvement. Avec une efficacit\u00e9 remarquable, en un peu plus de deux heures, l\u2019assembl\u00e9e a r\u00e9ussi \u00e0 acter le principe d\u2019un vaste blocage du p\u00e9riph\u00e9rique de Nantes le 10 septembre, et d\u2019une grande assembl\u00e9e dans le centre-ville le soir pour d\u00e9cider de la suite du mouvement.<\/p>\n<p>Lors des \u00e9changes, des habitant-es d\u2019Ancenis et de Saint-Nazaire ont aussi pris la parole pour rappeler que des blocages auront lieu en dehors de Nantes. Un lyc\u00e9en a aussi affirm\u00e9 que des \u00e9tablissements scolaires seraient en mouvement. Il y avait l\u00e0 des personnes de tous \u00e2ges et horizons partageant le m\u00eame objectif\u00a0: paralyser le d\u00e9partement. Si tout le monde joue son r\u00f4le, c\u2019est le pays qui sera mis \u00e0 l\u2019arr\u00eat, ce qui lancera le coup d\u2019envoi d\u2019une r\u00e9volte de grande ampleur contre le gouvernement des riches.<\/p>\n<p>Les informations pr\u00e9cises seront diffus\u00e9es prochainement, r\u00e9servez votre journ\u00e9e du 10 septembre, c\u2019est une date historique.<\/p>\n<p>Cette assembl\u00e9e nantaise a \u00e9t\u00e9 dynamique, enthousiasmante, et mieux\u00a0: elle a lieu la m\u00eame semaine que de nombreuses autres \u00e0 Paris, Caen, Lyon, Grenoble, Guingamp ou Rennes, o\u00f9 des milliers de personnes \u00e9changent, se concertent et s\u2019organisent pour lutter. Macron peut trembler. \u00c0 suivre !<\/p>\n","protected":false},"excerpt":{"rendered":"Spontan\u00e9ment, apr\u00e8s l\u2019annonce du plan d\u2019aust\u00e9rit\u00e9 de Bayrou au d\u00e9but de l\u2019\u00e9t\u00e9, des dizaines de personnes se sont&hellip;\n","protected":false},"author":2,"featured_media":357654,"comment_status":"","ping_status":"","sticky":false,"template":"","format":"standard","meta":{"footnotes":""},"categories":[2818],"tags":[48300,1111,11,49052,1777,674,1011,27,766,12,2636,25],"class_list":{"0":"post-357653","1":"post","2":"type-post","3":"status-publish","4":"format-standard","5":"has-post-thumbnail","7":"category-nantes","8":"tag-10-septembre","9":"tag-actu","10":"tag-actualites","11":"tag-assemblee-generale","12":"tag-eu","13":"tag-europe","14":"tag-fr","15":"tag-france","16":"tag-nantes","17":"tag-news","18":"tag-pays-de-la-loire","19":"tag-republique-francaise"},"share_on_mastodon":{"url":"https:\/\/pubeurope.com\/@fr\/115127133894276487","error":""},"_links":{"self":[{"href":"https:\/\/www.europesays.com\/fr\/wp-json\/wp\/v2\/posts\/357653","targetHints":{"allow":["GET"]}}],"collection":[{"href":"https:\/\/www.europesays.com\/fr\/wp-json\/wp\/v2\/posts"}],"about":[{"href":"https:\/\/www.europesays.com\/fr\/wp-json\/wp\/v2\/types\/post"}],"author":[{"embeddable":true,"href":"https:\/\/www.europesays.com\/fr\/wp-json\/wp\/v2\/users\/2"}],"replies":[{"embeddable":true,"href":"https:\/\/www.europesays.com\/fr\/wp-json\/wp\/v2\/comments?post=357653"}],"version-history":[{"count":0,"href":"https:\/\/www.europesays.com\/fr\/wp-json\/wp\/v2\/posts\/357653\/revisions"}],"wp:featuredmedia":[{"embeddable":true,"href":"https:\/\/www.europesays.com\/fr\/wp-json\/wp\/v2\/media\/357654"}],"wp:attachment":[{"href":"https:\/\/www.europesays.com\/fr\/wp-json\/wp\/v2\/media?parent=357653"}],"wp:term":[{"taxonomy":"category","embeddable":true,"href":"https:\/\/www.europesays.com\/fr\/wp-json\/wp\/v2\/categories?post=357653"},{"taxonomy":"post_tag","embeddable":true,"href":"https:\/\/www.europesays.com\/fr\/wp-json\/wp\/v2\/tags?post=357653"}],"curies":[{"name":"wp","href":"https:\/\/api.w.org\/{rel}","templated":true}]}}