{"id":357655,"date":"2025-09-01T04:23:18","date_gmt":"2025-09-01T04:23:18","guid":{"rendered":"https:\/\/www.europesays.com\/fr\/357655\/"},"modified":"2025-09-01T04:23:18","modified_gmt":"2025-09-01T04:23:18","slug":"une-nouvelle-ecole-de-danse-classique-ouvre-ses-portes","status":"publish","type":"post","link":"https:\/\/www.europesays.com\/fr\/357655\/","title":{"rendered":"une nouvelle \u00e9cole de danse classique ouvre ses portes"},"content":{"rendered":"<p>Rose Fontenas et Clara Forgues, professeures de danse classique, ouvrent l\u2019\u00e9cole de danse classique L\u2019Avant sc\u00e8ne studio, lundi 1er\u00a0septembre, au 135\u00a0avenue de l\u2019Yser (Pichey).<\/p>\n<p>Rose Fontenas s\u2019est form\u00e9e au Conservatoire national sup\u00e9rieur de musique et de danse de Lyon. Elle a ensuite travaill\u00e9 avec le ballet de l\u2019Op\u00e9ra national de Bordeaux, puis avec l\u2019Op\u00e9ra th\u00e9\u00e2tre de Metz. Souhaitant transmettre sa passion, elle se tourne vers l\u2019enseignement et obtient en 2022 le dipl\u00f4me d\u2019\u00e9tat de professeure de danse classique.<\/p>\n<p>Clara Forgues a fait ses premiers pas de danse classique \u00e0 Biarritz. Elle int\u00e8gre ensuite l\u2019\u00c9cole nationale sup\u00e9rieure de danse \u00e0 Marseille, puis l\u2019\u00e9cole Rudra B\u00e9jart de Lausanne, et poursuit sa carri\u00e8re de danseuse professionnelle au sein du Malandain ballet Biarritz. Anim\u00e9e par l\u2019envie de transmettre, elle obtient son dipl\u00f4me d\u2019\u00e9tat de professeure de danse classique en 2021.<\/p>\n<p>Accessible \u00e0 tous<\/p>\n<p>\u00ab\u00a0On s\u2019est rencontr\u00e9es il y a deux\u00a0ans et il y a eu un accrochage entre nous, explique Rose Fontenas. On a fait des projets en mars 2025, on a trouv\u00e9 le local \u00e0 M\u00e9rignac au mois d\u2019avril, et apr\u00e8s quelques travaux, on a ouvert l\u2019\u00e9cole la derni\u00e8re semaine de juillet. On a propos\u00e9 des stages pour les adultes, les adolescents et les enfants.\u00a0\u00bb<\/p>\n<p>L\u2019\u00e9cole a d\u00e9j\u00e0 quelques inscriptions et les deux professeures comptent sur leur participation au forum des associations de M\u00e9rignac, samedi 6\u00a0septembre, pour trouver d\u2019autres \u00e9l\u00e8ves. \u00ab\u00a0Nous proposons des cours adapt\u00e9s \u00e0 chacun, avec de l\u2019\u00e9veil \u00e0 la danse d\u00e8s 4\u00a0ans, de l\u2019initiation \u00e0 la danse classique pour tous, et de la barre \u00e0 terre pour un renforcement musculaire, poursuit Clara Forgues. Pour les \u00e9l\u00e8ves les plus investis, on propose un cursus concours d\u00e9di\u00e9, un programme qui s\u2019adresse \u00e0 ceux qui veulent se pr\u00e9senter \u00e0 des concours ou int\u00e9grer des \u00e9coles sup\u00e9rieures de danse. On a plusieurs projets en t\u00eate.\u00a0\u00bb<\/p>\n<p>L\u2019\u00e9cole est ouverte tous les jours, du lundi au samedi. Contacts\u00a0: 06\u00a046\u00a029\u00a059\u00a035\u00a0ou 06\u00a063\u00a053\u00a058\u00a088. Site\u00a0: lavantscenestudio.com<\/p>\n<p>        <img decoding=\"async\" id=\"25704375\" src=\"https:\/\/www.europesays.com\/fr\/wp-content\/uploads\/2025\/09\/bordeauxrivegauche-87c7a84300854dc7a88d3bc9d0cf8431-082246-ph1.jpg\" alt=\"Un cours de renforcement musculaire\" itemprop=\"contentURL\"\/><\/p>\n<p>    Un cours de renforcement musculaire<\/p>\n<p>Rose et Clara<\/p>\n","protected":false},"excerpt":{"rendered":"Rose Fontenas et Clara Forgues, professeures de danse classique, ouvrent l\u2019\u00e9cole de danse classique L\u2019Avant sc\u00e8ne studio, lundi&hellip;\n","protected":false},"author":2,"featured_media":357656,"comment_status":"","ping_status":"","sticky":false,"template":"","format":"standard","meta":{"footnotes":""},"categories":[2817],"tags":[1111,11,1997,1777,674,1011,27,12,2219,25],"class_list":{"0":"post-357655","1":"post","2":"type-post","3":"status-publish","4":"format-standard","5":"has-post-thumbnail","7":"category-bordeaux","8":"tag-actu","9":"tag-actualites","10":"tag-bordeaux","11":"tag-eu","12":"tag-europe","13":"tag-fr","14":"tag-france","15":"tag-news","16":"tag-nouvelle-aquitaine","17":"tag-republique-francaise"},"share_on_mastodon":{"url":"https:\/\/pubeurope.com\/@fr\/115127137356894084","error":""},"_links":{"self":[{"href":"https:\/\/www.europesays.com\/fr\/wp-json\/wp\/v2\/posts\/357655","targetHints":{"allow":["GET"]}}],"collection":[{"href":"https:\/\/www.europesays.com\/fr\/wp-json\/wp\/v2\/posts"}],"about":[{"href":"https:\/\/www.europesays.com\/fr\/wp-json\/wp\/v2\/types\/post"}],"author":[{"embeddable":true,"href":"https:\/\/www.europesays.com\/fr\/wp-json\/wp\/v2\/users\/2"}],"replies":[{"embeddable":true,"href":"https:\/\/www.europesays.com\/fr\/wp-json\/wp\/v2\/comments?post=357655"}],"version-history":[{"count":0,"href":"https:\/\/www.europesays.com\/fr\/wp-json\/wp\/v2\/posts\/357655\/revisions"}],"wp:featuredmedia":[{"embeddable":true,"href":"https:\/\/www.europesays.com\/fr\/wp-json\/wp\/v2\/media\/357656"}],"wp:attachment":[{"href":"https:\/\/www.europesays.com\/fr\/wp-json\/wp\/v2\/media?parent=357655"}],"wp:term":[{"taxonomy":"category","embeddable":true,"href":"https:\/\/www.europesays.com\/fr\/wp-json\/wp\/v2\/categories?post=357655"},{"taxonomy":"post_tag","embeddable":true,"href":"https:\/\/www.europesays.com\/fr\/wp-json\/wp\/v2\/tags?post=357655"}],"curies":[{"name":"wp","href":"https:\/\/api.w.org\/{rel}","templated":true}]}}