{"id":357662,"date":"2025-09-01T04:28:15","date_gmt":"2025-09-01T04:28:15","guid":{"rendered":"https:\/\/www.europesays.com\/fr\/357662\/"},"modified":"2025-09-01T04:28:15","modified_gmt":"2025-09-01T04:28:15","slug":"la-ligue-1-va-perdre-un-de-ses-plus-grands-artistes-france-lille","status":"publish","type":"post","link":"https:\/\/www.europesays.com\/fr\/357662\/","title":{"rendered":"La Ligue 1 va perdre un de ses plus grands artistes &#8211; France &#8211; Lille"},"content":{"rendered":"<p>Comme un go\u00fbt de g\u00e2chis.<\/p>\n<p><strong>Plus apparu sur un terrain avec le maillot lillois<\/strong> depuis le 14 d\u00e9cembre dernier avant d\u2019\u00eatre longuement bless\u00e9 \u00e0 l\u2019aine, Edon Zhegrova ne devrait tout simplement plus fouler les pelouses de Ligue 1.\u00a0<a target=\"_blank\" href=\"https:\/\/www.sofoot.com\/breves\/mercato-edon-zhegrova-aurait-trouve-un-accord-avec-lolympique-de-marseille\" rel=\"nofollow noopener\">Il \u00e9tait pourtant d\u2019accord avec l\u2019OM<\/a>, <a target=\"_blank\" href=\"https:\/\/www.sofoot.com\/breves\/mercato-la-mise-au-point-du-president-de-lille-olivier-letang-sur-laccord-dedon-zhegrova-avec-lom\" rel=\"nofollow noopener\">ce qui avait passablement \u00e9nerv\u00e9 son pr\u00e9sident<\/a>, mais <strong>Zhegrova ne devrait finalement pas signer dans la cit\u00e9 phoc\u00e9enne<\/strong>.\u00a0L\u2019attaquant kosovar va plut\u00f4t <strong>filer en direction de Turin<\/strong>, si l\u2019on en croit les informations de <a target=\"_blank\" href=\"https:\/\/x.com\/FabrizioRomano\/status\/1962204965662814400?ref_src=twsrc%5Etfw%7Ctwcamp%5Etweetembed%7Ctwterm%5E1962204965662814400%7Ctwgr%5E8712487ab0aa6bc0c2eebd3abdc0ed941b2dd45d%7Ctwcon%5Es1_&amp;ref_url=https%3A%2F%2Frmcsport.bfmtv.com%2Ffootball%2Ftransferts%2Fdirect-mercato-toutes-les-infos-et-rumeurs-de-transfert-du-30-aout-2025_LN-202508300088.html\" rel=\"nofollow\">Fabrizio Romano<\/a>, <a target=\"_blank\" href=\"https:\/\/www.lequipe.fr\/Football\/Actualites\/Transferts-edon-zhegrova-va-quitter-lille-pour-la-juventus-turin\/1589358\" rel=\"nofollow noopener\">L\u2019\u00c9quipe<\/a> ou de <a target=\"_blank\" href=\"https:\/\/rmcsport.bfmtv.com\/football\/transferts\/direct-mercato-toutes-les-infos-et-rumeurs-de-transfert-du-30-aout-2025_LN-202508300088.html\" rel=\"nofollow noopener\">RMC Sport<\/a>, qui annoncent que le dribbleur va s\u2019engager avec le Juventus, o\u00f9 il retrouvera son ancien co\u00e9quipier dans le Nord, Jonathan David.<\/p>\n<blockquote class=\"twitter-tweet\">\n<p lang=\"en\" dir=\"ltr\">\ud83d\udea8\u26aa\ufe0f\u26ab\ufe0f Edon Zhegrova to Juventus, here we go! Deal done and exclusive story confirmed.<br \/>\nLille accept package in excess of \u20ac20m as Zhegrova wanted Juventus move with personal terms agreed.<br \/>\nNew winger for Igor Tudor. \ud83c\uddfd\ud83c\uddf0 <a target=\"_blank\" href=\"https:\/\/t.co\/KbQXGuLVOd\" rel=\"nofollow\">pic.twitter.com\/KbQXGuLVOd<\/a><\/p>\n<p>\u2014 Fabrizio Romano (@FabrizioRomano) <a target=\"_blank\" href=\"https:\/\/twitter.com\/FabrizioRomano\/status\/1962204965662814400?ref_src=twsrc%5Etfw\" rel=\"nofollow noopener\">August 31, 2025<\/a><\/p><\/blockquote>\n<p><strong>Les nouvelles font \u00e9cho d\u2019un transfert \u00e0 hauteur de 20 millions d\u2019euros<\/strong>, un montant cons\u00e9quent pour un joueur \u00e0 qui il restait moins d\u2019un an de contrat et dont il n\u2019existe aucune certitude qu\u2019il retrouve son meilleur niveau apr\u00e8s une si longue absence et une convalescence compliqu\u00e9e. Tout de m\u00eame <strong>auteur de 26 buts et 18 passes d\u00e9cisives du c\u00f4t\u00e9 de Pierre Mauroy<\/strong>, il laissera le souvenir d\u2019un joueur <strong>incroyablement dou\u00e9<\/strong>, qui semblait marcher sur l\u2019eau l\u2019an dernier avant sa blessure.\u00a0Dans le m\u00eame temps, <strong>les Pi\u00e9montais se sont d\u00e9j\u00e0 charg\u00e9s de lui faire de la place<\/strong>, puisque Nico Gonz\u00e1lez devrait s\u2019envoler vers l\u2019Atl\u00e9tico de Madrid en pr\u00eat.<\/p>\n<p><a target=\"_blank\" href=\"https:\/\/www.sofoot.com\/articles\/lille-met-une-raclee-a-lorient-en-bretagne\" rel=\"nofollow noopener\">En attendant, Lille s\u2019\u00e9clate sans lui<\/a>.<\/p>\n<p>\t\t\t\t\t\t\t\t\t\t<a class=\"lien-connexe\" href=\"https:\/\/www.sofoot.com\/articles\/ligue-des-champions-les-notes-de-lille-juventus\" rel=\"nofollow noopener\" target=\"_blank\">Les notes de Lille-Juventus<\/a>\t\t\t\t\t<script async src=\"https:\/\/platform.twitter.com\/widgets.js\" charset=\"utf-8\"><\/script><\/p>\n","protected":false},"excerpt":{"rendered":"Comme un go\u00fbt de g\u00e2chis. Plus apparu sur un terrain avec le maillot lillois depuis le 14 d\u00e9cembre&hellip;\n","protected":false},"author":2,"featured_media":357663,"comment_status":"","ping_status":"","sticky":false,"template":"","format":"standard","meta":{"footnotes":""},"categories":[2815],"tags":[1111,47,11,61,69,65,64,1777,674,63,1011,27,811,68,66,1307,12,62,70,25,67],"class_list":{"0":"post-357662","1":"post","2":"type-post","3":"status-publish","4":"format-standard","5":"has-post-thumbnail","7":"category-lille","8":"tag-actu","9":"tag-actualite","10":"tag-actualites","11":"tag-actus-football","12":"tag-bundesliga","13":"tag-championnats-europeens","14":"tag-equipe-de-france","15":"tag-eu","16":"tag-europe","17":"tag-football","18":"tag-fr","19":"tag-france","20":"tag-hauts-de-france","21":"tag-ligua","22":"tag-ligue-1","23":"tag-lille","24":"tag-news","25":"tag-news-foot","26":"tag-premier-league","27":"tag-republique-francaise","28":"tag-serie-a"},"share_on_mastodon":{"url":"https:\/\/pubeurope.com\/@fr\/115127156925774792","error":""},"_links":{"self":[{"href":"https:\/\/www.europesays.com\/fr\/wp-json\/wp\/v2\/posts\/357662","targetHints":{"allow":["GET"]}}],"collection":[{"href":"https:\/\/www.europesays.com\/fr\/wp-json\/wp\/v2\/posts"}],"about":[{"href":"https:\/\/www.europesays.com\/fr\/wp-json\/wp\/v2\/types\/post"}],"author":[{"embeddable":true,"href":"https:\/\/www.europesays.com\/fr\/wp-json\/wp\/v2\/users\/2"}],"replies":[{"embeddable":true,"href":"https:\/\/www.europesays.com\/fr\/wp-json\/wp\/v2\/comments?post=357662"}],"version-history":[{"count":0,"href":"https:\/\/www.europesays.com\/fr\/wp-json\/wp\/v2\/posts\/357662\/revisions"}],"wp:featuredmedia":[{"embeddable":true,"href":"https:\/\/www.europesays.com\/fr\/wp-json\/wp\/v2\/media\/357663"}],"wp:attachment":[{"href":"https:\/\/www.europesays.com\/fr\/wp-json\/wp\/v2\/media?parent=357662"}],"wp:term":[{"taxonomy":"category","embeddable":true,"href":"https:\/\/www.europesays.com\/fr\/wp-json\/wp\/v2\/categories?post=357662"},{"taxonomy":"post_tag","embeddable":true,"href":"https:\/\/www.europesays.com\/fr\/wp-json\/wp\/v2\/tags?post=357662"}],"curies":[{"name":"wp","href":"https:\/\/api.w.org\/{rel}","templated":true}]}}