{"id":357667,"date":"2025-09-01T04:31:15","date_gmt":"2025-09-01T04:31:15","guid":{"rendered":"https:\/\/www.europesays.com\/fr\/357667\/"},"modified":"2025-09-01T04:31:15","modified_gmt":"2025-09-01T04:31:15","slug":"trois-etudiants-lyonnais-en-voyage-humanitaire-au-senegal","status":"publish","type":"post","link":"https:\/\/www.europesays.com\/fr\/357667\/","title":{"rendered":"trois \u00e9tudiants lyonnais en voyage humanitaire au S\u00e9n\u00e9gal"},"content":{"rendered":"<p>\u00ab\u00a0\u00c7a nous tenait \u00e0 c\u0153ur d\u2019aller l\u00e0-bas pour apporter notre aide\u00a0\u00bb. Reyhane Ounali, Mohamed Karim Al Khabib et Khadim Rassoul Diouf sont trois \u00e9tudiants en m\u00e9decine \u00e0 la facult\u00e9 de Lyon Sud.<\/p>\n<p>A l\u2019entame de leur deuxi\u00e8me ann\u00e9e, les 3 amis veulent lancer un projet d\u2019aide dans un territoire d\u00e9favoris\u00e9. \u00c9paul\u00e9s par l\u2019association de l\u2019universit\u00e9 ACTES (Association de Coop\u00e9ration entre les Territoires du monde pour l\u2019\u00c9ducation et la Sant\u00e9), ils d\u00e9cident de se rendre au S\u00e9n\u00e9gal, plus particuli\u00e8rement dans la ville de K\u00e9dougou \u00e0 la fronti\u00e8re malienne. L\u00e0-bas se trouvent un h\u00f4pital et un orphelinat, la pouponni\u00e8re Gall\u00e9 Bobo, dans une situation plus que pr\u00e9caire.<\/p>\n<p>Mais avant de partir, ils doivent r\u00e9colter des fonds. Les trois \u00e9tudiants organisent des collectes, tiennent des buvettes \u00e0 des \u00e9v\u00e8nements de la fac, vendent des brioches\u2026 Finalement, entre l\u2019argent r\u00e9colt\u00e9 et les dons, ils parviennent \u00e0 rassembler 5\u00a0200\u00a0euros.<\/p>\n<p>  Une organisation m\u00e9ticuleuse sur place<\/p>\n<p>Les trois amis arrivent au S\u00e9n\u00e9gal au d\u00e9but du mois de juillet. 3\u00a0600\u00a0euros sont allou\u00e9s \u00e0 l\u2019orphelinat Gall\u00e9 Bobo. En outre les v\u00eatements, briques de lait, couches pour b\u00e9b\u00e9, riz et sucre, les fonds servent \u00e9galement \u00e0 la construction d\u2019un poulailler.<\/p>\n<p>Le reste de la somme est vers\u00e9 \u00e0 l\u2019h\u00f4pital de la ville. \u00ab\u00a0Notre camarade (Khadim Rassoul Diouf) est s\u00e9n\u00e9galais, ce qui nous a permis de nous impliquer plus facilement\u00a0\u00bb, explique Reyhane Ounali. Aujourd\u2019hui, les trois amis esp\u00e8rent passer le flambeau de cette coop\u00e9ration.<\/p>\n","protected":false},"excerpt":{"rendered":"\u00ab\u00a0\u00c7a nous tenait \u00e0 c\u0153ur d\u2019aller l\u00e0-bas pour apporter notre aide\u00a0\u00bb. Reyhane Ounali, Mohamed Karim Al Khabib et&hellip;\n","protected":false},"author":2,"featured_media":357668,"comment_status":"","ping_status":"","sticky":false,"template":"","format":"standard","meta":{"footnotes":""},"categories":[1889],"tags":[1111,11,2430,2757,1057,4854,436,1777,674,1011,27,9588,2428,2756,12,25,2429,801],"class_list":{"0":"post-357667","1":"post","2":"type-post","3":"status-publish","4":"format-standard","5":"has-post-thumbnail","7":"category-lyon","8":"tag-actu","9":"tag-actualites","10":"tag-auvergne-rhone-alpes","11":"tag-edition-lyon-villeurbanne","12":"tag-education","13":"tag-enseignement-superieur","14":"tag-environnement","15":"tag-eu","16":"tag-europe","17":"tag-fr","18":"tag-france","19":"tag-ici-on-agit","20":"tag-lyon","21":"tag-lyon-bassin","22":"tag-news","23":"tag-republique-francaise","24":"tag-rhone","25":"tag-social"},"share_on_mastodon":{"url":"https:\/\/pubeurope.com\/@fr\/115127168743084711","error":""},"_links":{"self":[{"href":"https:\/\/www.europesays.com\/fr\/wp-json\/wp\/v2\/posts\/357667","targetHints":{"allow":["GET"]}}],"collection":[{"href":"https:\/\/www.europesays.com\/fr\/wp-json\/wp\/v2\/posts"}],"about":[{"href":"https:\/\/www.europesays.com\/fr\/wp-json\/wp\/v2\/types\/post"}],"author":[{"embeddable":true,"href":"https:\/\/www.europesays.com\/fr\/wp-json\/wp\/v2\/users\/2"}],"replies":[{"embeddable":true,"href":"https:\/\/www.europesays.com\/fr\/wp-json\/wp\/v2\/comments?post=357667"}],"version-history":[{"count":0,"href":"https:\/\/www.europesays.com\/fr\/wp-json\/wp\/v2\/posts\/357667\/revisions"}],"wp:featuredmedia":[{"embeddable":true,"href":"https:\/\/www.europesays.com\/fr\/wp-json\/wp\/v2\/media\/357668"}],"wp:attachment":[{"href":"https:\/\/www.europesays.com\/fr\/wp-json\/wp\/v2\/media?parent=357667"}],"wp:term":[{"taxonomy":"category","embeddable":true,"href":"https:\/\/www.europesays.com\/fr\/wp-json\/wp\/v2\/categories?post=357667"},{"taxonomy":"post_tag","embeddable":true,"href":"https:\/\/www.europesays.com\/fr\/wp-json\/wp\/v2\/tags?post=357667"}],"curies":[{"name":"wp","href":"https:\/\/api.w.org\/{rel}","templated":true}]}}