{"id":357669,"date":"2025-09-01T04:32:20","date_gmt":"2025-09-01T04:32:20","guid":{"rendered":"https:\/\/www.europesays.com\/fr\/357669\/"},"modified":"2025-09-01T04:32:20","modified_gmt":"2025-09-01T04:32:20","slug":"une-nouvelle-defaite-qui-marque-mal-pour-les-olympiens","status":"publish","type":"post","link":"https:\/\/www.europesays.com\/fr\/357669\/","title":{"rendered":"une nouvelle d\u00e9faite qui marque mal pour les olympiens"},"content":{"rendered":"<p>L\u2019OM en est donc l\u00e0\u2026 Apr\u00e8s plus d\u2019un an \u00e0 suivre les cours de professeur De Zerbi. Apr\u00e8s trois mois d\u2019un ambitieux mercato (para\u00eet-il) concoct\u00e9 par les chefs Longoria et Benatia. Un \u00e9t\u00e9 durant lequel, il fallait b\u00e2tir une \u00e9quipe capable d\u2019honorer l\u2019histoire du club en C1 (enfin) et de squatter le podium en L1. A minima, meilleure que la pr\u00e9c\u00e9dente. Mais une fois que les beaux discours sont balay\u00e9s par le terrain, la r\u00e9alit\u00e9, crue, \u00e9clate aux visages des supporters marseillais.<\/p>\n<p>Cet OM, dop\u00e9 au deuxi\u00e8me budget de l\u2019\u00e9lite (eh oui\u2026 \u00e7a ne se voit pas), a souffert le martyre, emp\u00eatr\u00e9 dans ses propres n\u0153uds (son style de jeu), tourn\u00e9 au ridicule par Lyon. Mais pas n\u2019importe quel OL, <a href=\"https:\/\/www.laprovence.com\/article\/sports\/1746261711007914\/football-comment-lyon-sest-sauve-dune-relegation-administrative-en-ligue-2\" target=\"_blank\" rel=\"noopener\">celui surendett\u00e9 qui a failli dispara\u00eetre cet \u00e9t\u00e9,<\/a> celui qui a d\u00fb vendre son attaquant vedette (Georges Mikautadze) \u00e0 la veille du choc pour assurer sa survie, celui dont on ne conna\u00eet plus le nom des vedettes (on exag\u00e8re \u00e0 peine)\u2026<\/p>\n<p>Et pourtant, alors que tout avait \u00e9t\u00e9 \u00e9crit pour que <a href=\"https:\/\/www.laprovence.com\/article\/om\/78526772548226\/om-je-me-sens-marseillais-linterview-de-leonardo-balerdi\" target=\"_blank\" rel=\"noopener\">Leonardo Balerdi et sa bande<\/a> se frisent les moustaches au Groupama Stadium, c\u2019est bien Jean-Michel Aulas, extatique en loges, aux c\u00f4t\u00e9s de sa successeure Michelle Kang, qui a dans\u00e9 sur le ventre des Olympiens. En ramenant un maigre &#8230;<\/p>\n","protected":false},"excerpt":{"rendered":"L\u2019OM en est donc l\u00e0\u2026 Apr\u00e8s plus d\u2019un an \u00e0 suivre les cours de professeur De Zerbi. Apr\u00e8s&hellip;\n","protected":false},"author":2,"featured_media":357670,"comment_status":"","ping_status":"","sticky":false,"template":"","format":"standard","meta":{"footnotes":""},"categories":[1889],"tags":[49349,17,1111,11,2430,8484,1777,674,1011,27,2428,49348,12141,12,2043,149,3583,25,96],"class_list":{"0":"post-357669","1":"post","2":"type-post","3":"status-publish","4":"format-standard","5":"has-post-thumbnail","7":"category-lyon","8":"tag-1-0","9":"tag-17","10":"tag-actu","11":"tag-actualites","12":"tag-auvergne-rhone-alpes","13":"tag-defaite","14":"tag-eu","15":"tag-europe","16":"tag-fr","17":"tag-france","18":"tag-lyon","19":"tag-lyon-om","20":"tag-marque","21":"tag-news","22":"tag-nouvelle","23":"tag-om","24":"tag-qui","25":"tag-republique-francaise","26":"tag-une"},"share_on_mastodon":{"url":"https:\/\/pubeurope.com\/@fr\/115127172611419348","error":""},"_links":{"self":[{"href":"https:\/\/www.europesays.com\/fr\/wp-json\/wp\/v2\/posts\/357669","targetHints":{"allow":["GET"]}}],"collection":[{"href":"https:\/\/www.europesays.com\/fr\/wp-json\/wp\/v2\/posts"}],"about":[{"href":"https:\/\/www.europesays.com\/fr\/wp-json\/wp\/v2\/types\/post"}],"author":[{"embeddable":true,"href":"https:\/\/www.europesays.com\/fr\/wp-json\/wp\/v2\/users\/2"}],"replies":[{"embeddable":true,"href":"https:\/\/www.europesays.com\/fr\/wp-json\/wp\/v2\/comments?post=357669"}],"version-history":[{"count":0,"href":"https:\/\/www.europesays.com\/fr\/wp-json\/wp\/v2\/posts\/357669\/revisions"}],"wp:featuredmedia":[{"embeddable":true,"href":"https:\/\/www.europesays.com\/fr\/wp-json\/wp\/v2\/media\/357670"}],"wp:attachment":[{"href":"https:\/\/www.europesays.com\/fr\/wp-json\/wp\/v2\/media?parent=357669"}],"wp:term":[{"taxonomy":"category","embeddable":true,"href":"https:\/\/www.europesays.com\/fr\/wp-json\/wp\/v2\/categories?post=357669"},{"taxonomy":"post_tag","embeddable":true,"href":"https:\/\/www.europesays.com\/fr\/wp-json\/wp\/v2\/tags?post=357669"}],"curies":[{"name":"wp","href":"https:\/\/api.w.org\/{rel}","templated":true}]}}