{"id":357677,"date":"2025-09-01T04:43:20","date_gmt":"2025-09-01T04:43:20","guid":{"rendered":"https:\/\/www.europesays.com\/fr\/357677\/"},"modified":"2025-09-01T04:43:20","modified_gmt":"2025-09-01T04:43:20","slug":"les-valeurs-a-suivre-a-paris-et-en-europe-01-09-2025-a-0634","status":"publish","type":"post","link":"https:\/\/www.europesays.com\/fr\/357677\/","title":{"rendered":"Les valeurs \u00e0 suivre \u00e0 Paris et en Europe &#8211; 01\/09\/2025 \u00e0 06:34"},"content":{"rendered":"<p>\n *\n<\/p>\n<p>\n Variation des futures sur indice CAC 40  0#FCE:\n<\/p>\n<p>\n *\n<\/p>\n<p>\n Variation des futures sur indice Stoxx 600  0#FXXP:\n<\/p>\n<p>\n *\n<\/p>\n<p>\n Valeurs qui se traitent ex-dividende  .EX.PA\n<\/p>\n<p>\n *\n<\/p>\n<p>\n Le point sur les march\u00e9s europ\u00e9ens  .EUFR\n<\/p>\n<p>\n Les valeurs \u00e0 suivre<br \/>\nlundi \u00e0 la Bourse de Paris et en Europe :\n<\/p>\n<p>\n * SECTEUR AUTOMOBILE &#8211; Les immatriculations de voitures<br \/>\nneuves en France ont augment\u00e9 en ao\u00fbt de 2,18% en rythme annuel,<br \/>\nselon les donn\u00e9es communiqu\u00e9es lundi par la Plateforme<br \/>\nautomobile (PFA).\n<\/p>\n<p>\n * ROLLS-ROYCE HOLDINGS<br \/>\n <a href=\"https:\/\/www.boursorama.com\/cours\/1uRR.L\/\" rel=\"nofollow noopener\" target=\"_blank\"><br \/>\n  RR.L<br \/>\n <\/a><br \/>\n a d\u00e9menti samedi une<br \/>\ninformation selon laquelle elle envisageait une introduction en<br \/>\nbourse pour sa division de petits r\u00e9acteurs nucl\u00e9aires.\n<\/p>\n<p>\n L&rsquo;AGENDA FRANCE &amp; INTERNATIONAL \u00c0 7 JOURS:  L8N3UK0CT\n<\/p>\n<p>\n (R\u00e9dig\u00e9 par Bertrand De Meyer, \u00e9dit\u00e9 par Augustin Turpin)<\/p>\n","protected":false},"excerpt":{"rendered":"* Variation des futures sur indice CAC 40 0#FCE: * Variation des futures sur indice Stoxx 600 0#FXXP:&hellip;\n","protected":false},"author":2,"featured_media":64038,"comment_status":"","ping_status":"","sticky":false,"template":"","format":"standard","meta":{"footnotes":""},"categories":[1888],"tags":[400,11,398,408,405,1777,674,1011,27,403,402,399,404,12,626,25,401,406,407],"class_list":{"0":"post-357677","1":"post","2":"type-post","3":"status-publish","4":"format-standard","5":"has-post-thumbnail","7":"category-paris","8":"tag-action-cac-40","9":"tag-actualites","10":"tag-bourse-de-paris","11":"tag-boursorama","12":"tag-cotations","13":"tag-eu","14":"tag-europe","15":"tag-fr","16":"tag-france","17":"tag-indices-devises","18":"tag-investir","19":"tag-investissement","20":"tag-marche-boursier","21":"tag-news","22":"tag-paris","23":"tag-republique-francaise","24":"tag-sicav","25":"tag-trackers","26":"tag-warrants"},"share_on_mastodon":{"url":"https:\/\/pubeurope.com\/@fr\/115127216728504674","error":""},"_links":{"self":[{"href":"https:\/\/www.europesays.com\/fr\/wp-json\/wp\/v2\/posts\/357677","targetHints":{"allow":["GET"]}}],"collection":[{"href":"https:\/\/www.europesays.com\/fr\/wp-json\/wp\/v2\/posts"}],"about":[{"href":"https:\/\/www.europesays.com\/fr\/wp-json\/wp\/v2\/types\/post"}],"author":[{"embeddable":true,"href":"https:\/\/www.europesays.com\/fr\/wp-json\/wp\/v2\/users\/2"}],"replies":[{"embeddable":true,"href":"https:\/\/www.europesays.com\/fr\/wp-json\/wp\/v2\/comments?post=357677"}],"version-history":[{"count":0,"href":"https:\/\/www.europesays.com\/fr\/wp-json\/wp\/v2\/posts\/357677\/revisions"}],"wp:featuredmedia":[{"embeddable":true,"href":"https:\/\/www.europesays.com\/fr\/wp-json\/wp\/v2\/media\/64038"}],"wp:attachment":[{"href":"https:\/\/www.europesays.com\/fr\/wp-json\/wp\/v2\/media?parent=357677"}],"wp:term":[{"taxonomy":"category","embeddable":true,"href":"https:\/\/www.europesays.com\/fr\/wp-json\/wp\/v2\/categories?post=357677"},{"taxonomy":"post_tag","embeddable":true,"href":"https:\/\/www.europesays.com\/fr\/wp-json\/wp\/v2\/tags?post=357677"}],"curies":[{"name":"wp","href":"https:\/\/api.w.org\/{rel}","templated":true}]}}