{"id":357687,"date":"2025-09-01T04:49:40","date_gmt":"2025-09-01T04:49:40","guid":{"rendered":"https:\/\/www.europesays.com\/fr\/357687\/"},"modified":"2025-09-01T04:49:40","modified_gmt":"2025-09-01T04:49:40","slug":"les-valeurs-a-suivre-a-paris-et-en-europe-3","status":"publish","type":"post","link":"https:\/\/www.europesays.com\/fr\/357687\/","title":{"rendered":"Les valeurs \u00e0 suivre \u00e0 Paris et en Europe"},"content":{"rendered":"<td class=\"is__realtime px-5\">\n<tr wp_automatic_readability=\"2\">\n<td colspan=\"3\" class=\"is__realtime-quality js-next-event-quotes\" data-next-event=\"2025-09-01T09:00:00+02:00\">\n<p>                                            March\u00e9 Ferm\u00e9 &#8211;<\/p>\n<p>                                            Euronext Paris<\/p>\n<p>18:05:02 29\/08\/2025<\/p>\n<\/td>\n<td class=\"txt-align-center is__realtime-quality c-none cm-table\">\n                            Varia. 5j.\n                        <\/td>\n<td class=\"txt-align-center is__realtime-quality\">\n                            Varia. 1 janv.\n                        <\/td>\n<\/tr>\n<tr>\n<td class=\"txt-s7 is__realtime-last txt-align-left\">\n<p>7\u202f703,90                        PTS\n                                    <\/td>\n<td class=\"txt-s7 is__realtime-var txt-align-left\">\n                                             -0,76%\n                                    <\/td>\n<td class=\"table-child--middle c-none cs-table table-child--no-pad\">\n                                                <img loading=\"lazy\" decoding=\"async\" style=\"vertical-align: middle\" width=\"120\" height=\"45\" alt=\"Graphique intraday de CAC 40\" src=\"https:\/\/www.zonebourse.com\/zbcache\/charts\/ObjectChart.aspx?Name=4941&amp;Type=Intraday&amp;Width=120&amp;Height=45&amp;ShowAxis=0&amp;DTstart=2025-08-29&amp;Render=Line&amp;BottomMargin=3&amp;TopMargin=5&amp;Prev=7762.6&amp;TIMEZONE=Europe\/Paris\" onerror=\"this.style.display='none'\"\/>                    <\/td>\n<td class=\"txt-s4 txt-align-center c-none cm-table\">\n                             -3,34%\n                        <\/td>\n<td class=\"txt-s4 txt-align-center\">\n                             +4,38%\n                        <\/td>\n<\/tr>\n<p class=\"m-0 txt-s1\">Publi\u00e9 le 01\/09\/2025<br \/>\n            \u00e0 06:35<\/p>\n<p>\n                                            Reuters\n                                                        <\/p>\n<p><img decoding=\"async\" src=\"https:\/\/www.europesays.com\/fr\/wp-content\/uploads\/2025\/09\/2017-01-12T173851Z_1_LYNXMPED0B1AW_RTROPTP_2_FRANCE-FINANCE.JPG\" alt=\"Les valeurs \u00e0 suivre \u00e0 Paris et en Europe\" class=\"w-100 media--169 \" data-zoomable=\"true\" data-zoomable-url=\"\/images\/reuters\/2017-01-12T173851Z_1_LYNXMPED0B1AW_RTROPTP_2_FRANCE-FINANCE.JPG\"\/>]]]]>]]><\/p>\n<p>D\u00e9bloquer l&rsquo;article : INSCRIVEZ-VOUS !<\/p>\n<p><img decoding=\"async\" src=\"https:\/\/www.europesays.com\/fr\/wp-content\/uploads\/2025\/04\/reuters.jpg\" alt=\"Reuters logo\" class=\"c-block ml-auto\"\/><br \/>\n                    \u00a9 Reuters &#8211; 2025<\/p>\n<tr class=\"\" wp_automatic_readability=\"0.34615384615385\">\n<td class=\"w-100\"><a href=\"https:\/\/ch.zonebourse.com\/actualite-bourse\/les-valeurs-a-suivre-a-paris-et-en-europe-ce7c50d2da8af726\" class=\"txt-- txt-overflow-2 link link--no-underline my-5 my-m-0 txt-m-inline\" rel=\"nofollow noopener\" target=\"_blank\"><\/p>\n<p>Les valeurs \u00e0 suivre \u00e0 Paris et en Europe<\/p>\n<p>                        <\/a><\/td>\n<td class=\"table-child--right  table-child--nowrap table-child--w100 txt-s1\">\n    06:35<\/td>\n<td class=\"table-child--right table-child--w40 c-none cm-table\">\n                                    RE\n                        <\/td>\n<\/tr>\n<tr class=\"\" wp_automatic_readability=\"0.32142857142857\">\n<td class=\"w-100\"><a href=\"https:\/\/ch.zonebourse.com\/actualite-bourse\/faute-de-nouvelles-positives-les-marches-mondiaux-terminent-dans-le-rouge-ce7c50dddc8cfe27\" class=\"txt-- txt-overflow-2 link link--no-underline my-5 my-m-0 txt-m-inline\" rel=\"nofollow noopener\" target=\"_blank\"><\/p>\n<p>Faute de nouvelles positives, les march\u00e9s mondiaux terminent dans le rouge<\/p>\n<p>                        <\/a><\/td>\n<td class=\"table-child--right  table-child--nowrap table-child--w100 txt-s1\">\n    29\/08<\/td>\n<td class=\"table-child--right table-child--w40 c-none cm-table\">\n                                    AW\n                        <\/td>\n<\/tr>\n<tr class=\"\" wp_automatic_readability=\"0.20689655172414\">\n<td class=\"w-100\"><a href=\"https:\/\/ch.zonebourse.com\/actualite-bourse\/les-bourses-mondiales-en-baisse-apres-une-inflation-americaine-sans-surprise-ce7c50dddd8df525\" class=\"txt-- txt-overflow-2 link link--no-underline my-5 my-m-0 txt-m-inline\" rel=\"nofollow noopener\" target=\"_blank\"><\/p>\n<p>Les Bourses mondiales en baisse apr\u00e8s une inflation am\u00e9ricaine sans surprise<\/p>\n<p>                        <\/a><\/td>\n<td class=\"table-child--right  table-child--nowrap table-child--w100 txt-s1\">\n    29\/08<\/td>\n<td class=\"table-child--right table-child--w40 c-none cm-table\">\n                                    AW\n                        <\/td>\n<\/tr>\n<tr class=\"\" wp_automatic_readability=\"0.41379310344828\">\n<td class=\"w-100\"><a href=\"https:\/\/ch.zonebourse.com\/actualite-bourse\/air-liquide-delta-plus-group-guerbet-les-valeurs-a-suivre-lundi-a-paris-ce7c50dddd8df620\" class=\"txt-- txt-overflow-2 link link--no-underline my-5 my-m-0 txt-m-inline\" rel=\"nofollow noopener\" target=\"_blank\"><\/p>\n<p>Air Liquide, Delta Plus Group, Guerbet&#8230; Les valeurs \u00e0 suivre lundi \u00e0 Paris<\/p>\n<p>                        <\/a><\/td>\n<td class=\"table-child--right  table-child--nowrap table-child--w100 txt-s1\">\n    29\/08<\/td>\n<td class=\"table-child--right table-child--w40 c-none cm-table\">\n                                    AO\n                        <\/td>\n<\/tr>\n<tr class=\"\" wp_automatic_readability=\"0.30681818181818\">\n<td class=\"w-100\"><a href=\"https:\/\/ch.zonebourse.com\/actualite-bourse\/paris-conclut-une-semaine-de-pertes-marquee-par-le-retour-du-risque-politique-ce7c50dddd8bfe21\" class=\"txt-- txt-overflow-2 link link--no-underline my-5 my-m-0 txt-m-inline\" rel=\"nofollow noopener\" target=\"_blank\"><\/p>\n<p>Paris conclut une semaine de pertes, marqu\u00e9e par le retour du risque politique<\/p>\n<p>                        <\/a><\/td>\n<td class=\"table-child--right  table-child--nowrap table-child--w100 txt-s1\">\n    29\/08<\/td>\n<td class=\"table-child--right table-child--w40 c-none cm-table\">\n                                    AW\n                        <\/td>\n<\/tr>\n<tr class=\"\" wp_automatic_readability=\"0.32\">\n<td class=\"w-100\"><a href=\"https:\/\/ch.zonebourse.com\/actualite-bourse\/paris-en-baisse-dans-le-sillage-de-wall-street-repli-hebdo-de-3-3-ce7c50dddd8bf621\" class=\"txt-- txt-overflow-2 link link--no-underline my-5 my-m-0 txt-m-inline\" rel=\"nofollow noopener\" target=\"_blank\"><\/p>\n<p>Paris : en baisse dans le sillage de Wall Street, repli hebdo de 3,3%<\/p>\n<p>                        <\/a><\/td>\n<td class=\"table-child--right  table-child--nowrap table-child--w100 txt-s1\">\n    29\/08<\/td>\n<td class=\"table-child--right table-child--w40 c-none cm-table\"><img loading=\"lazy\" decoding=\"async\" src=\"https:\/\/www.europesays.com\/fr\/wp-content\/uploads\/2025\/05\/logo_at.gif\" width=\"14\" height=\"8\" alt=\"Zonebourse\"\/><\/td>\n<\/tr>\n<tr class=\"\" wp_automatic_readability=\"0.19047619047619\">\n<td class=\"w-100\"><a href=\"https:\/\/ch.zonebourse.com\/actualite-bourse\/cac40-plombe-par-le-repli-de-wall-street-et-les-semi-ce7c50dddd88f122\" class=\"txt-- txt-overflow-2 link link--no-underline my-5 my-m-0 txt-m-inline\" rel=\"nofollow noopener\" target=\"_blank\"><\/p>\n<p>CAC40 : plomb\u00e9 par le repli de Wall Street et les &lsquo;semi&rsquo;<\/p>\n<p>                        <\/a><\/td>\n<td class=\"table-child--right  table-child--nowrap table-child--w100 txt-s1\">\n    29\/08<\/td>\n<td class=\"table-child--right table-child--w40 c-none cm-table\"><img loading=\"lazy\" decoding=\"async\" src=\"https:\/\/www.europesays.com\/fr\/wp-content\/uploads\/2025\/05\/logo_at.gif\" width=\"14\" height=\"8\" alt=\"Zonebourse\"\/><\/td>\n<\/tr>\n<tr class=\"\" wp_automatic_readability=\"0.2\">\n<td class=\"w-100\"><a href=\"https:\/\/ch.zonebourse.com\/actualite-bourse\/cac40-plombe-par-le-repli-de-w-street-et-les-semi-ce7c50ddda8ef726\" class=\"txt-- txt-overflow-2 link link--no-underline my-5 my-m-0 txt-m-inline\" rel=\"nofollow noopener\" target=\"_blank\"><\/p>\n<p>CAC40 : plomb\u00e9 par le repli de W-Street et les &lsquo;semi&rsquo;<\/p>\n<p>                        <\/a><\/td>\n<td class=\"table-child--right  table-child--nowrap table-child--w100 txt-s1\">\n    29\/08<\/td>\n<td class=\"table-child--right table-child--w40 c-none cm-table\"><img loading=\"lazy\" decoding=\"async\" src=\"https:\/\/www.europesays.com\/fr\/wp-content\/uploads\/2025\/05\/logo_at.gif\" width=\"14\" height=\"8\" alt=\"Zonebourse\"\/><\/td>\n<\/tr>\n<tr class=\"\" wp_automatic_readability=\"0.14814814814815\">\n<td class=\"w-100\"><a href=\"https:\/\/ch.zonebourse.com\/actualite-bourse\/cac40-w-street-en-repli-malgre-une-inflation-pce-conforme-aux-attentes-ce7c50ddda88fe23\" class=\"txt-- txt-overflow-2 link link--no-underline my-5 my-m-0 txt-m-inline\" rel=\"nofollow noopener\" target=\"_blank\"><\/p>\n<p>CAC40 : W-Street en repli malgr\u00e9 une inflation &lsquo;PCE&rsquo; conforme aux attentes<\/p>\n<p>                        <\/a><\/td>\n<td class=\"table-child--right  table-child--nowrap table-child--w100 txt-s1\">\n    29\/08<\/td>\n<td class=\"table-child--right table-child--w40 c-none cm-table\"><img loading=\"lazy\" decoding=\"async\" src=\"https:\/\/www.europesays.com\/fr\/wp-content\/uploads\/2025\/05\/logo_at.gif\" width=\"14\" height=\"8\" alt=\"Zonebourse\"\/><\/td>\n<\/tr>\n<tr class=\"\" wp_automatic_readability=\"0.20454545454545\">\n<td class=\"w-100\"><a href=\"https:\/\/ch.zonebourse.com\/actualite-bourse\/bourses-mondiales-atones-apres-une-inflation-americaine-conforme-aux-attentes-ce7c50ddda88fe26\" class=\"txt-- txt-overflow-2 link link--no-underline my-5 my-m-0 txt-m-inline\" rel=\"nofollow noopener\" target=\"_blank\"><\/p>\n<p>Bourses mondiales atones apr\u00e8s une inflation am\u00e9ricaine conforme aux attentes<\/p>\n<p>                        <\/a><\/td>\n<td class=\"table-child--right  table-child--nowrap table-child--w100 txt-s1\">\n    29\/08<\/td>\n<td class=\"table-child--right table-child--w40 c-none cm-table\">\n                                    AW\n                        <\/td>\n<\/tr>\n<tr class=\"\" wp_automatic_readability=\"0.23684210526316\">\n<td class=\"w-100\"><a href=\"https:\/\/ch.zonebourse.com\/actualite-bourse\/les-bourses-mondiales-en-leger-repli-avant-l-inflation-americaine-ce7c50ddd98ef120\" class=\"txt-- txt-overflow-2 link link--no-underline my-5 my-m-0 txt-m-inline\" rel=\"nofollow noopener\" target=\"_blank\"><\/p>\n<p>Les Bourses mondiales en l\u00e9ger repli avant l&rsquo;inflation am\u00e9ricaine<\/p>\n<p>                        <\/a><\/td>\n<td class=\"table-child--right  table-child--nowrap table-child--w100 txt-s1\">\n    29\/08<\/td>\n<td class=\"table-child--right table-child--w40 c-none cm-table\">\n                                    AW\n                        <\/td>\n<\/tr>\n<tr class=\"\" wp_automatic_readability=\"0.47058823529412\">\n<td class=\"w-100\"><a href=\"https:\/\/ch.zonebourse.com\/actualite-bourse\/paris-en-repli-vers-7710pts-3-2-en-hebdo-ce7c50dcd08dff23\" class=\"txt-- txt-overflow-2 link link--no-underline my-5 my-m-0 txt-m-inline\" rel=\"nofollow noopener\" target=\"_blank\"><\/p>\n<p>Paris : en repli vers 7710Pts, -3,2% en hebdo<\/p>\n<p>                        <\/a><\/td>\n<td class=\"table-child--right  table-child--nowrap table-child--w100 txt-s1\">\n    29\/08<\/td>\n<td class=\"table-child--right table-child--w40 c-none cm-table\"><img loading=\"lazy\" decoding=\"async\" src=\"https:\/\/www.europesays.com\/fr\/wp-content\/uploads\/2025\/05\/logo_at.gif\" width=\"14\" height=\"8\" alt=\"Zonebourse\"\/><\/td>\n<\/tr>\n<tr class=\"\" wp_automatic_readability=\"0.20689655172414\">\n<td class=\"w-100\"><a href=\"https:\/\/ch.zonebourse.com\/actualite-bourse\/cac40-dans-le-rouge-apres-une-semaine-compliquee-ce7c50dcd08df123\" class=\"txt-- txt-overflow-2 link link--no-underline my-5 my-m-0 txt-m-inline\" rel=\"nofollow noopener\" target=\"_blank\"><\/p>\n<p>CAC40 : dans le rouge apr\u00e8s une semaine compliqu\u00e9e<\/p>\n<p>                        <\/a><\/td>\n<td class=\"table-child--right  table-child--nowrap table-child--w100 txt-s1\">\n    29\/08<\/td>\n<td class=\"table-child--right table-child--w40 c-none cm-table\"><img loading=\"lazy\" decoding=\"async\" src=\"https:\/\/www.europesays.com\/fr\/wp-content\/uploads\/2025\/05\/logo_at.gif\" width=\"14\" height=\"8\" alt=\"Zonebourse\"\/><\/td>\n<\/tr>\n<tr class=\"\" wp_automatic_readability=\"0.39705882352941\">\n<td class=\"w-100\"><a href=\"https:\/\/ch.zonebourse.com\/actualite-bourse\/paris-en-leger-repli-en-attendant-l-inflation-americaine-ce7c50dcd18cf124\" class=\"txt-- txt-overflow-2 link link--no-underline my-5 my-m-0 txt-m-inline\" rel=\"nofollow noopener\" target=\"_blank\"><\/p>\n<p>Paris en l\u00e9ger repli, en attendant l&rsquo;inflation am\u00e9ricaine<\/p>\n<p>                        <\/a><\/td>\n<td class=\"table-child--right  table-child--nowrap table-child--w100 txt-s1\">\n    29\/08<\/td>\n<td class=\"table-child--right table-child--w40 c-none cm-table\">\n                                    AW\n                        <\/td>\n<\/tr>\n<tr class=\"\" wp_automatic_readability=\"0.30508474576271\">\n<td class=\"w-100\"><a href=\"https:\/\/ch.zonebourse.com\/actualite-bourse\/les-bourses-europeennes-sans-elan-a-l-ouverture-ce7c50dcd18bf527\" class=\"txt-- txt-overflow-2 link link--no-underline my-5 my-m-0 txt-m-inline\" rel=\"nofollow noopener\" target=\"_blank\"><\/p>\n<p>Les Bourses europ\u00e9ennes sans \u00e9lan \u00e0 l&rsquo;ouverture<\/p>\n<p>                        <\/a><\/td>\n<td class=\"table-child--right  table-child--nowrap table-child--w100 txt-s1\">\n    29\/08<\/td>\n<td class=\"table-child--right table-child--w40 c-none cm-table\">\n                                    AW\n                        <\/td>\n<\/tr>\n<tr class=\"\" wp_automatic_readability=\"0.27692307692308\">\n<td class=\"w-100\"><a href=\"https:\/\/ch.zonebourse.com\/actualite-bourse\/les-valeurs-a-suivre-a-paris-et-en-europe-ce7c50dcdc88f72d\" class=\"txt-- txt-overflow-2 link link--no-underline my-5 my-m-0 txt-m-inline\" rel=\"nofollow noopener\" target=\"_blank\"><\/p>\n<p>Les valeurs \u00e0 suivre \u00e0 Paris et en Europe (actualis\u00e9)<\/p>\n<p>                        <\/a><\/td>\n<td class=\"table-child--right  table-child--nowrap table-child--w100 txt-s1\">\n    29\/08<\/td>\n<td class=\"table-child--right table-child--w40 c-none cm-table\">\n                                    RE\n                        <\/td>\n<\/tr>\n<tr class=\"\" wp_automatic_readability=\"0.15384615384615\">\n<td class=\"w-100\"><a href=\"https:\/\/ch.zonebourse.com\/actualite-bourse\/marche-la-tendance-se-stabilise-apres-un-debut-de-semaine-difficile-ce7c50dcde81f22d\" class=\"txt-- txt-overflow-2 link link--no-underline my-5 my-m-0 txt-m-inline\" rel=\"nofollow noopener\" target=\"_blank\"><\/p>\n<p>March\u00e9 : la tendance se stabilise apr\u00e8s un d\u00e9but de semaine difficile<\/p>\n<p>                        <\/a><\/td>\n<td class=\"table-child--right  table-child--nowrap table-child--w100 txt-s1\">\n    29\/08<\/td>\n<td class=\"table-child--right table-child--w40 c-none cm-table\"><img loading=\"lazy\" decoding=\"async\" src=\"https:\/\/www.europesays.com\/fr\/wp-content\/uploads\/2025\/05\/logo_at.gif\" width=\"14\" height=\"8\" alt=\"Zonebourse\"\/><\/td>\n<\/tr>\n<tr class=\"\" wp_automatic_readability=\"0.14457831325301\">\n<td class=\"w-100\"><a href=\"https:\/\/ch.zonebourse.com\/actualite-bourse\/cac-40-vers-une-ouverture-dans-le-calme-au-sortir-d-une-semaine-compliquee-ce7c50dcde8ef72c\" class=\"txt-- txt-overflow-2 link link--no-underline my-5 my-m-0 txt-m-inline\" rel=\"nofollow noopener\" target=\"_blank\"><\/p>\n<p>CAC 40 : vers une ouverture dans le calme au sortir d&rsquo;une semaine compliqu\u00e9e<\/p>\n<p>                        <\/a><\/td>\n<td class=\"table-child--right  table-child--nowrap table-child--w100 txt-s1\">\n    29\/08<\/td>\n<td class=\"table-child--right table-child--w40 c-none cm-table\"><img loading=\"lazy\" decoding=\"async\" src=\"https:\/\/www.europesays.com\/fr\/wp-content\/uploads\/2025\/05\/logo_at.gif\" width=\"14\" height=\"8\" alt=\"Zonebourse\"\/><\/td>\n<\/tr>\n<tr class=\"\" wp_automatic_readability=\"0.18947368421053\">\n<td class=\"w-100\"><a href=\"https:\/\/ch.zonebourse.com\/actualite-bourse\/cac-40-etf-la-bourse-de-paris-devrait-ouvrir-en-legere-baisse-avant-l-indice-pce-ce7c50dcde8ff227\" class=\"txt-- txt-overflow-2 link link--no-underline my-5 my-m-0 txt-m-inline\" rel=\"nofollow noopener\" target=\"_blank\"><\/p>\n<p>CAC 40 \/ ETF : La Bourse de Paris devrait ouvrir en l\u00e9g\u00e8re baisse avant l&rsquo;indice PCE<\/p>\n<p>                        <\/a><\/td>\n<td class=\"table-child--right  table-child--nowrap table-child--w100 txt-s1\">\n    29\/08<\/td>\n<td class=\"table-child--right table-child--w40 c-none cm-table\">\n                                    DJ\n                        <\/td>\n<\/tr>\n<tr class=\"\" wp_automatic_readability=\"0.26470588235294\">\n<td class=\"w-100\"><a href=\"https:\/\/ch.zonebourse.com\/actualite-bourse\/actions-francaises-et-benelux-les-facteurs-a-surveiller-ce7c50dcdc88f521\" class=\"txt-- txt-overflow-2 link link--no-underline my-5 my-m-0 txt-m-inline\" rel=\"nofollow noopener\" target=\"_blank\"><\/p>\n<p>Actions fran\u00e7aises et Benelux : Les facteurs \u00e0 surveiller<\/p>\n<p>                        <\/a><\/td>\n<td class=\"table-child--right  table-child--nowrap table-child--w100 txt-s1\">\n    29\/08<\/td>\n<td class=\"table-child--right table-child--w40 c-none cm-table\">\n                                    RE\n                        <\/td>\n<\/tr>\n<tr class=\"\" wp_automatic_readability=\"0.31395348837209\">\n<td class=\"w-100\"><a href=\"https:\/\/ch.zonebourse.com\/actualite-bourse\/marches-mondiaux-nouveaux-records-a-wall-street-l-europe-sans-grand-elan-ce7c50dcda88f521\" class=\"txt-- txt-overflow-2 link link--no-underline my-5 my-m-0 txt-m-inline\" rel=\"nofollow noopener\" target=\"_blank\"><\/p>\n<p>March\u00e9s mondiaux: nouveaux records \u00e0 Wall Street, l&rsquo;Europe sans grand \u00e9lan<\/p>\n<p>                        <\/a><\/td>\n<td class=\"table-child--right  table-child--nowrap table-child--w100 txt-s1\">\n    28\/08<\/td>\n<td class=\"table-child--right table-child--w40 c-none cm-table\">\n                                    AW\n                        <\/td>\n<\/tr>\n<tr class=\"\" wp_automatic_readability=\"0.67924528301887\">\n<td class=\"w-100\"><a href=\"https:\/\/ch.zonebourse.com\/actualite-bourse\/paris-prudente-cloture-en-legere-hausse-ce7c50dcd88cf224\" class=\"txt-- txt-overflow-2 link link--no-underline my-5 my-m-0 txt-m-inline\" rel=\"nofollow noopener\" target=\"_blank\"><\/p>\n<p>Paris, prudente, cl\u00f4ture en l\u00e9g\u00e8re hausse<\/p>\n<p>                        <\/a><\/td>\n<td class=\"table-child--right  table-child--nowrap table-child--w100 txt-s1\">\n    28\/08<\/td>\n<td class=\"table-child--right table-child--w40 c-none cm-table\">\n                                    AW\n                        <\/td>\n<\/tr>\n<tr class=\"\" wp_automatic_readability=\"0.31395348837209\">\n<td class=\"w-100\"><a href=\"https:\/\/ch.zonebourse.com\/actualite-bourse\/les-bourses-mondiales-sans-elan-entre-resultats-de-nvidia-et-croissance-us-ce7c50dcd88cf524\" class=\"txt-- txt-overflow-2 link link--no-underline my-5 my-m-0 txt-m-inline\" rel=\"nofollow noopener\" target=\"_blank\"><\/p>\n<p>Les Bourses mondiales sans \u00e9lan, entre r\u00e9sultats de Nvidia et croissance US<\/p>\n<p>                        <\/a><\/td>\n<td class=\"table-child--right  table-child--nowrap table-child--w100 txt-s1\">\n    28\/08<\/td>\n<td class=\"table-child--right table-child--w40 c-none cm-table\">\n                                    AW\n                        <\/td>\n<\/tr>\n<tr class=\"\" wp_automatic_readability=\"0.18556701030928\">\n<td class=\"w-100\"><a href=\"https:\/\/ch.zonebourse.com\/actualite-bourse\/paris-surperforme-encore-grace-au-luxe-nasdaq-en-territoire-record-apres-nvidia-et-pib-ce7c50dcd88bfe21\" class=\"txt-- txt-overflow-2 link link--no-underline my-5 my-m-0 txt-m-inline\" rel=\"nofollow noopener\" target=\"_blank\"><\/p>\n<p>Paris : surperforme encore gr\u00e2ce au luxe, Nasdaq en territoire record apr\u00e8s Nvidia et PIB<\/p>\n<p>                        <\/a><\/td>\n<td class=\"table-child--right  table-child--nowrap table-child--w100 txt-s1\">\n    28\/08<\/td>\n<td class=\"table-child--right table-child--w40 c-none cm-table\"><img loading=\"lazy\" decoding=\"async\" src=\"https:\/\/www.europesays.com\/fr\/wp-content\/uploads\/2025\/05\/logo_at.gif\" width=\"14\" height=\"8\" alt=\"Zonebourse\"\/><\/td>\n<\/tr>\n<tr class=\"\" wp_automatic_readability=\"0.25\">\n<td class=\"w-100\"><a href=\"https:\/\/ch.zonebourse.com\/actualite-bourse\/cac40-surperforme-grace-au-luxe-le-nasdaq-en-territoire-record-ce7c50dcd88bf227\" class=\"txt-- txt-overflow-2 link link--no-underline my-5 my-m-0 txt-m-inline\" rel=\"nofollow noopener\" target=\"_blank\"><\/p>\n<p>CAC40 : surperforme gr\u00e2ce au luxe, le Nasdaq en territoire record<\/p>\n<p>                        <\/a><\/td>\n<td class=\"table-child--right  table-child--nowrap table-child--w100 txt-s1\">\n    28\/08<\/td>\n<td class=\"table-child--right table-child--w40 c-none cm-table\"><img loading=\"lazy\" decoding=\"async\" src=\"https:\/\/www.europesays.com\/fr\/wp-content\/uploads\/2025\/05\/logo_at.gif\" width=\"14\" height=\"8\" alt=\"Zonebourse\"\/><\/td>\n<\/tr>\n<p>Couleur : Varia.Varia. 5j.Variation 1 moisVariation 3 moisVariation 6 moisVaria. 1anVaria. 3ansVaria. 5ansVaria. 10ansVaria. 1 janv.<\/p>\n<p>Pond\u00e9ration : CapitalisationPond\u00e9rations Equipond\u00e9r\u00e9esPoids<\/p>\n<p>Regroupement : IndustrieSuper SecteursSuper Secteurs et SecteursIndustrie et ActionsSuper Secteurs et ActionsSecteurs et ActionsActions<\/p>\n<p><a class=\"c-block mt-10 link link__more\" href=\"https:\/\/ch.zonebourse.com\/cours\/indice\/CAC-40-4941\/heatmap\/\" rel=\"nofollow noopener\" target=\"_blank\"><br \/>\n                    Heatmap d\u00e9taill\u00e9e<br \/>\n                <\/a><br \/>\n    <img decoding=\"async\" src=\"https:\/\/www.europesays.com\/fr\/wp-content\/uploads\/2025\/04\/img_footer_appstore.png\" alt=\"Download from Apple Store\" loading=\"lazy\"\/><\/p>\n<p class=\"m-0\">NOS EXPERTS \u00c0 VOTRE \u00c9COUTE<\/p>\n<p class=\"m-0 txt-bold\">Lundi &#8211; Vendredi 9h-12h \/ 14h-18h<\/p>\n<p><img decoding=\"async\" src=\"https:\/\/www.europesays.com\/fr\/wp-content\/uploads\/2025\/04\/footer_logo_zb.png\" width=\"181\" height=\"24\" alt=\"Zonebourse, bourse en direct\" loading=\"lazy\"\/><br \/>\n                    Mentions l\u00e9gales<br \/>\n                |<br \/>\n                Param\u00e9trer les cookies<br \/>\n            |<br \/>\n                    Blog Zonebourse<br \/>\n                |<a href=\"https:\/\/ch.zonebourse.com\/qui-sommes-nous\" class=\"link txt-footer\" rel=\"nofollow noopener\" target=\"_blank\"><br \/>\n                Qui sommes-nous ?<br \/>\n            <\/a>|<br \/>\n                Copyright \u00a9 2025 Surperformance SAS. Tous droits r\u00e9serv\u00e9s.<\/p>\n<p>\n            Les cotations sont fournies par Factset, Morningstar et S&amp;P Capital IQ\n        <\/p>\n<p class=\"pl-10 txt-bold m-0\">S\u00e9lectionnez votre \u00e9dition<\/p>\n<p class=\"txt-s1 txt-muted m-0 pl-10\">Toutes les informations financi\u00e8res adapt\u00e9es au niveau national<\/p>\n<\/td>\n","protected":false},"excerpt":{"rendered":"March\u00e9 Ferm\u00e9 &#8211; Euronext Paris 18:05:02 29\/08\/2025 Varia. 5j. Varia. 1 janv. 7\u202f703,90 PTS -0,76% -3,34% +4,38% Publi\u00e9&hellip;\n","protected":false},"author":2,"featured_media":357688,"comment_status":"","ping_status":"","sticky":false,"template":"","format":"standard","meta":{"footnotes":""},"categories":[1586],"tags":[11,340,1777,674,1011,27,12,25],"class_list":{"0":"post-357687","1":"post","2":"type-post","3":"status-publish","4":"format-standard","5":"has-post-thumbnail","7":"category-europe","8":"tag-actualites","9":"tag-bourse","10":"tag-eu","11":"tag-europe","12":"tag-fr","13":"tag-france","14":"tag-news","15":"tag-republique-francaise"},"share_on_mastodon":{"url":"https:\/\/pubeurope.com\/@fr\/115127239976775624","error":""},"_links":{"self":[{"href":"https:\/\/www.europesays.com\/fr\/wp-json\/wp\/v2\/posts\/357687","targetHints":{"allow":["GET"]}}],"collection":[{"href":"https:\/\/www.europesays.com\/fr\/wp-json\/wp\/v2\/posts"}],"about":[{"href":"https:\/\/www.europesays.com\/fr\/wp-json\/wp\/v2\/types\/post"}],"author":[{"embeddable":true,"href":"https:\/\/www.europesays.com\/fr\/wp-json\/wp\/v2\/users\/2"}],"replies":[{"embeddable":true,"href":"https:\/\/www.europesays.com\/fr\/wp-json\/wp\/v2\/comments?post=357687"}],"version-history":[{"count":0,"href":"https:\/\/www.europesays.com\/fr\/wp-json\/wp\/v2\/posts\/357687\/revisions"}],"wp:featuredmedia":[{"embeddable":true,"href":"https:\/\/www.europesays.com\/fr\/wp-json\/wp\/v2\/media\/357688"}],"wp:attachment":[{"href":"https:\/\/www.europesays.com\/fr\/wp-json\/wp\/v2\/media?parent=357687"}],"wp:term":[{"taxonomy":"category","embeddable":true,"href":"https:\/\/www.europesays.com\/fr\/wp-json\/wp\/v2\/categories?post=357687"},{"taxonomy":"post_tag","embeddable":true,"href":"https:\/\/www.europesays.com\/fr\/wp-json\/wp\/v2\/tags?post=357687"}],"curies":[{"name":"wp","href":"https:\/\/api.w.org\/{rel}","templated":true}]}}