{"id":357694,"date":"2025-09-01T04:53:09","date_gmt":"2025-09-01T04:53:09","guid":{"rendered":"https:\/\/www.europesays.com\/fr\/357694\/"},"modified":"2025-09-01T04:53:09","modified_gmt":"2025-09-01T04:53:09","slug":"le-christianisme-dans-lethiopie-medievale-avec-martina-ambu","status":"publish","type":"post","link":"https:\/\/www.europesays.com\/fr\/357694\/","title":{"rendered":"Le christianisme dans l&rsquo;Ethiopie m\u00e9di\u00e9vale, avec Martina Ambu"},"content":{"rendered":"<p class=\"PopSlotParagraph qg-tx2 qg-xtra-lh svelte-1r0pyek\"><a href=\"https:\/\/labexhastec.ephe.psl.eu\/wp-content\/uploads\/hastec-cv-martina-ambu-2022.pdf\" target=\"_blank\" rel=\"noopener noreferrer nofollow\" class=\"\" data-testid=\"link\"><strong>Martina Ambu<\/strong><\/a>\u00a0a pr\u00e9sent\u00e9 sa th\u00e8se sous la direction de <a href=\"https:\/\/www.orient-mediterranee.com\/member\/marie-laure-derat\/\" target=\"_blank\" rel=\"noopener noreferrer nofollow\" class=\"\" data-testid=\"link\">Marie-Laure Derat<\/a>\u00a0: Du texte \u00e0 la communaut\u00e9\u00a0: relations et \u00e9changes entre l\u2019\u00c9gypte copte et les r\u00e9seaux monastiques \u00e9thiopiens (XIIIe-XVIe\u00a0si\u00e8cle). Elle l&rsquo;a soutenue en 2022,\u00a0\u00e0 Paris 1, dans le cadre de \u00c9cole doctorale d\u2019Histoire de l\u2019Universit\u00e9 Paris 1 Panth\u00e9on-Sorbonne, en partenariat avec Orient et M\u00e9diterran\u00e9e, \u00e9quipe Mondes s\u00e9mitiques.<\/p>\n<p class=\"PopSlotParagraph qg-tx2 qg-xtra-lh svelte-1r0pyek\">Son travail, passionnant, a pour objet l\u2019arriv\u00e9e du christianisme en Abyssinie \u2013 autre nom de l\u2019\u00c9thiopie \u2013 au temps de l\u2019ancien royaume d\u2019Aksoum, puis de ces liens \u00e9tonnants avec la M\u00e9diterran\u00e9e, le long du Nil ou de la mer Rouge, vers J\u00e9rusalem.<\/p>\n","protected":false},"excerpt":{"rendered":"Martina Ambu\u00a0a pr\u00e9sent\u00e9 sa th\u00e8se sous la direction de Marie-Laure Derat\u00a0: Du texte \u00e0 la communaut\u00e9\u00a0: relations et&hellip;\n","protected":false},"author":2,"featured_media":357695,"comment_status":"","ping_status":"","sticky":false,"template":"","format":"standard","meta":{"footnotes":""},"categories":[4],"tags":[11,1011,27,12,25],"class_list":{"0":"post-357694","1":"post","2":"type-post","3":"status-publish","4":"format-standard","5":"has-post-thumbnail","7":"category-france","8":"tag-actualites","9":"tag-fr","10":"tag-france","11":"tag-news","12":"tag-republique-francaise"},"share_on_mastodon":{"url":"https:\/\/pubeurope.com\/@fr\/115127255175288853","error":""},"_links":{"self":[{"href":"https:\/\/www.europesays.com\/fr\/wp-json\/wp\/v2\/posts\/357694","targetHints":{"allow":["GET"]}}],"collection":[{"href":"https:\/\/www.europesays.com\/fr\/wp-json\/wp\/v2\/posts"}],"about":[{"href":"https:\/\/www.europesays.com\/fr\/wp-json\/wp\/v2\/types\/post"}],"author":[{"embeddable":true,"href":"https:\/\/www.europesays.com\/fr\/wp-json\/wp\/v2\/users\/2"}],"replies":[{"embeddable":true,"href":"https:\/\/www.europesays.com\/fr\/wp-json\/wp\/v2\/comments?post=357694"}],"version-history":[{"count":0,"href":"https:\/\/www.europesays.com\/fr\/wp-json\/wp\/v2\/posts\/357694\/revisions"}],"wp:featuredmedia":[{"embeddable":true,"href":"https:\/\/www.europesays.com\/fr\/wp-json\/wp\/v2\/media\/357695"}],"wp:attachment":[{"href":"https:\/\/www.europesays.com\/fr\/wp-json\/wp\/v2\/media?parent=357694"}],"wp:term":[{"taxonomy":"category","embeddable":true,"href":"https:\/\/www.europesays.com\/fr\/wp-json\/wp\/v2\/categories?post=357694"},{"taxonomy":"post_tag","embeddable":true,"href":"https:\/\/www.europesays.com\/fr\/wp-json\/wp\/v2\/tags?post=357694"}],"curies":[{"name":"wp","href":"https:\/\/api.w.org\/{rel}","templated":true}]}}