{"id":357700,"date":"2025-09-01T04:59:11","date_gmt":"2025-09-01T04:59:11","guid":{"rendered":"https:\/\/www.europesays.com\/fr\/357700\/"},"modified":"2025-09-01T04:59:11","modified_gmt":"2025-09-01T04:59:11","slug":"morbidelli-relance-la-polemique-rossi-marquez-et-attaque-2015","status":"publish","type":"post","link":"https:\/\/www.europesays.com\/fr\/357700\/","title":{"rendered":"Morbidelli relance la pol\u00e9mique Rossi\/M\u00e1rquez et attaque 2015"},"content":{"rendered":"<p>  <img loading=\"lazy\" decoding=\"async\" src=\"https:\/\/www.europesays.com\/fr\/wp-content\/uploads\/2025\/09\/1200-L-motogp-morbidelli-balance-sans-piti-au-sujet-de-la-rivalit-mrquez-rossi-et-se-montre-piquant..jpeg\" alt=\"Franco Morbidelli affirme la sup\u00e9riorit\u00e9 de Rossi et remet en cause l\u2019attitude de M\u00e1rquez.\" width=\"1200\" height=\"640\" class=\"\"\/>  <\/p>\n<p>Franco Morbidelli affirme la sup\u00e9riorit\u00e9 de Rossi et remet en cause l\u2019attitude de M\u00e1rquez.Credit Photo &#8211; Icon Sport<\/p>\n<p class=\"chapeau\">Franco Morbidelli a raviv\u00e9 une des plus grandes pol\u00e9miques du MotoGP en s\u2019exprimant sur la rivalit\u00e9 entre Valentino Rossi et Marc M\u00e1rquez. Le pilote Ducati du team VR46 n\u2019a pas h\u00e9sit\u00e9 \u00e0 prendre position, r\u00e9affirmant la place de Rossi au sommet et relan\u00e7ant le d\u00e9bat sur la saison 2015.<\/p>\n","protected":false},"excerpt":{"rendered":"Franco Morbidelli affirme la sup\u00e9riorit\u00e9 de Rossi et remet en cause l\u2019attitude de M\u00e1rquez.Credit Photo &#8211; Icon Sport&hellip;\n","protected":false},"author":2,"featured_media":357701,"comment_status":"","ping_status":"","sticky":false,"template":"","format":"standard","meta":{"footnotes":""},"categories":[1413],"tags":[1011,27,1457,1456,60],"class_list":{"0":"post-357700","1":"post","2":"type-post","3":"status-publish","4":"format-standard","5":"has-post-thumbnail","7":"category-moto","8":"tag-fr","9":"tag-france","10":"tag-moto","11":"tag-motocycle","12":"tag-sports"},"share_on_mastodon":{"url":"https:\/\/pubeurope.com\/@fr\/115127278871615110","error":""},"_links":{"self":[{"href":"https:\/\/www.europesays.com\/fr\/wp-json\/wp\/v2\/posts\/357700","targetHints":{"allow":["GET"]}}],"collection":[{"href":"https:\/\/www.europesays.com\/fr\/wp-json\/wp\/v2\/posts"}],"about":[{"href":"https:\/\/www.europesays.com\/fr\/wp-json\/wp\/v2\/types\/post"}],"author":[{"embeddable":true,"href":"https:\/\/www.europesays.com\/fr\/wp-json\/wp\/v2\/users\/2"}],"replies":[{"embeddable":true,"href":"https:\/\/www.europesays.com\/fr\/wp-json\/wp\/v2\/comments?post=357700"}],"version-history":[{"count":0,"href":"https:\/\/www.europesays.com\/fr\/wp-json\/wp\/v2\/posts\/357700\/revisions"}],"wp:featuredmedia":[{"embeddable":true,"href":"https:\/\/www.europesays.com\/fr\/wp-json\/wp\/v2\/media\/357701"}],"wp:attachment":[{"href":"https:\/\/www.europesays.com\/fr\/wp-json\/wp\/v2\/media?parent=357700"}],"wp:term":[{"taxonomy":"category","embeddable":true,"href":"https:\/\/www.europesays.com\/fr\/wp-json\/wp\/v2\/categories?post=357700"},{"taxonomy":"post_tag","embeddable":true,"href":"https:\/\/www.europesays.com\/fr\/wp-json\/wp\/v2\/tags?post=357700"}],"curies":[{"name":"wp","href":"https:\/\/api.w.org\/{rel}","templated":true}]}}