{"id":357704,"date":"2025-09-01T05:01:10","date_gmt":"2025-09-01T05:01:10","guid":{"rendered":"https:\/\/www.europesays.com\/fr\/357704\/"},"modified":"2025-09-01T05:01:10","modified_gmt":"2025-09-01T05:01:10","slug":"dahlia-reine-et-nehemy-jean-baptiste-remportent-lepreuve-en-ligne","status":"publish","type":"post","link":"https:\/\/www.europesays.com\/fr\/357704\/","title":{"rendered":"Dahlia Reine et N\u00e9h\u00e9my Jean-Baptiste remportent l&rsquo;\u00e9preuve en ligne"},"content":{"rendered":"<p>Confront\u00e9s aux cyclistes de diff\u00e9rents pays de la Cara\u00efbe (17 pays engag\u00e9s), les coureurs Martiniquais ont atteint leur objectif en s&rsquo;imposant sur leur circuit respectif \u00e0 Barbade.<\/p>\n<p>Apr\u00e8s l&rsquo;argent en 2024, Dahlia Reine et N\u00e9h\u00e9my Jean-Baptiste sont en or. La cycliste s&rsquo;est impos\u00e9e au sprint devant Charlotte Millington (Championne de la Cara\u00efbe du contre-la-montre) de Bermuda sur le circuit de 60 kilom\u00e8tres.<\/p>\n<blockquote class=\"ftvi_content_quote\">\n<p class=\"ftvi_citation_quote\">Je tiens \u00e0 remercier toutes les personnes qui m&rsquo;ont aid\u00e9 et qui m\u2019ont permis d&rsquo;\u00eatre aujourd\u2019hui \u00e0 Barbade, cette victoire est aussi la v\u00f4tre. Je suis contente d&rsquo;avoir pu remporter ces Championnats, c&rsquo;est une grande satisfaction. Je me suis pr\u00e9par\u00e9e durant tout le mois et cela me fait plaisir de voir que le travail a pay\u00e9.<\/p>\n<p>Dahlia Reine, Championne de la Cara\u00efbe junior<\/p>\n<p class=\"ftvi_citation_source\">interrog\u00e9e par Karl Sivatte<\/p>\n<\/blockquote>\n<p><a href=\"https:\/\/la1ere.franceinfo.fr\/martinique\/championnat-de-la-caraibe-des-jeunes-medaille-d-argent-pour-dahlia-reine-et-nehemy-jean-baptiste-sur-le-contre-la-montre-1618244.html\" target=\"_blank\" rel=\"noopener noreferrer nofollow\" data-tooltip-url=\"https:\/\/la1ere.franceinfo.fr\/martinique\/championnat-de-la-caraibe-des-jeunes-medaille-d-argent-pour-dahlia-reine-et-nehemy-jean-baptiste-sur-le-contre-la-montre-1618244.html\">La jeune femme a d\u00fb se contenter, comme l&rsquo;ann\u00e9e derni\u00e8re, de l&rsquo;argent sur l&rsquo;\u00e9preuve contre-la-montre hier<\/a> (samedi 29 ao\u00fbt). Une d\u00e9convenue qui n&rsquo;a fait que renforcer sa d\u00e9termination pour la course en ligne de ce dimanche.<\/p>\n<blockquote class=\"ftvi_content_quote\">\n<p class=\"ftvi_citation_quote\">D\u00e8s le d\u00e9but j&rsquo;\u00e9tais tr\u00e8s surveill\u00e9 par les filles. Nous avons pu faire la diff\u00e9rence avec la gagnante d&rsquo;hier d\u00e8s le deuxi\u00e8me tour r\u00e9alis\u00e9 11&rsquo;03 en \u00e9chapp\u00e9. Nous avons su collaborer et apr\u00e8s quelques tentatives de sortie en vain, j&rsquo;ai tout mis dans le sprint et j&rsquo;ai pu l&#8217;emporter.<\/p>\n<\/blockquote>\n<p>De son c\u00f4t\u00e9, N\u00e9h\u00e9my Jean-Baptiste est lui aussi le premier sur la ligne d&rsquo;arriv\u00e9e apr\u00e8s son circuit de 70 kilom\u00e8tres. Il s&rsquo;est impos\u00e9 au sprint. Une victoire apr\u00e8s <a href=\"https:\/\/la1ere.franceinfo.fr\/martinique\/championnat-de-la-caraibe-des-jeunes-medaille-d-argent-pour-dahlia-reine-et-nehemy-jean-baptiste-sur-le-contre-la-montre-1618244.html\" target=\"_blank\" rel=\"noopener noreferrer nofollow\" data-tooltip-url=\"https:\/\/la1ere.franceinfo.fr\/martinique\/championnat-de-la-caraibe-des-jeunes-medaille-d-argent-pour-dahlia-reine-et-nehemy-jean-baptiste-sur-le-contre-la-montre-1618244.html\">un titre de vice-champion sur l&rsquo;\u00e9preuve contre-la-montre<\/a>.<\/p>\n<blockquote class=\"ftvi_content_quote\">\n<p class=\"ftvi_citation_quote\">Ce matin c&rsquo;\u00e9tait compliqu\u00e9 parce que les Porto Ricains \u00e9taient vraiment forts. J&rsquo;ai g\u00e9r\u00e9 ma course comme je le pouvais. J&rsquo;ai essay\u00e9 de jouer le plus finement possible m\u00eame ce n&rsquo;\u00e9tait pas \u00e9vident parce que j&rsquo;avais des fourmis dans les jambes. \u00c0 la fin j&rsquo;ai tout donn\u00e9. Je suis tr\u00e8s content et je remercie tout le monde, ma famille, Michel Marie-Sainte, mon staff et toute la Martinique. Barbade a \u00e9t\u00e9 un tr\u00e8s bon s\u00e9jour puisqu&rsquo;on termine avec deux m\u00e9dailles, 2e sur le contre-la-montre hier et 1er aujourd&rsquo;hui en ligne, c&rsquo;est un tr\u00e8s bon r\u00e9sultat pour la Martinique. Montrer que lorsqu&rsquo;on veut, on peut m\u00eame lorsqu&rsquo;on n&rsquo;en a pas les moyens, avec la d\u00e9termination et des sacrifices.<\/p>\n<p>N\u00e9h\u00e9my Jean-Baptiste, Champion de la Cara\u00efbe junior<\/p>\n<p class=\"ftvi_citation_source\">interrog\u00e9 par Karl Sivatte<\/p>\n<\/blockquote>\n<p><a href=\"https:\/\/la1ere.franceinfo.fr\/martinique\/championnat-de-la-caraibe-des-jeunes-dahlia-reine-et-nehemy-jean-baptiste-seuls-espoirs-de-la-martinique-1617755.html\" target=\"_blank\" rel=\"noopener noreferrer nofollow\" data-tooltip-url=\"https:\/\/la1ere.franceinfo.fr\/martinique\/championnat-de-la-caraibe-des-jeunes-dahlia-reine-et-nehemy-jean-baptiste-seuls-espoirs-de-la-martinique-1617755.html\">Les coureurs N\u00e9h\u00e9my Jean-Baptiste et Dahlia Reine, accompagn\u00e9s de l&rsquo;entra\u00eeneur Michel Marie-Sainte, ont particip\u00e9 \u00e0 la comp\u00e9tition en finan\u00e7ant eux-m\u00eames le voyage<\/a> avec le soutien de leurs proches.<\/p>\n","protected":false},"excerpt":{"rendered":"Confront\u00e9s aux cyclistes de diff\u00e9rents pays de la Cara\u00efbe (17 pays engag\u00e9s), les coureurs Martiniquais ont atteint leur&hellip;\n","protected":false},"author":2,"featured_media":357705,"comment_status":"","ping_status":"","sticky":false,"template":"","format":"standard","meta":{"footnotes":""},"categories":[1411],"tags":[1154,207,1011,27,60],"class_list":{"0":"post-357704","1":"post","2":"type-post","3":"status-publish","4":"format-standard","5":"has-post-thumbnail","7":"category-cyclisme","8":"tag-cycling","9":"tag-cyclisme","10":"tag-fr","11":"tag-france","12":"tag-sports"},"share_on_mastodon":{"url":"https:\/\/pubeurope.com\/@fr\/115127286782560004","error":""},"_links":{"self":[{"href":"https:\/\/www.europesays.com\/fr\/wp-json\/wp\/v2\/posts\/357704","targetHints":{"allow":["GET"]}}],"collection":[{"href":"https:\/\/www.europesays.com\/fr\/wp-json\/wp\/v2\/posts"}],"about":[{"href":"https:\/\/www.europesays.com\/fr\/wp-json\/wp\/v2\/types\/post"}],"author":[{"embeddable":true,"href":"https:\/\/www.europesays.com\/fr\/wp-json\/wp\/v2\/users\/2"}],"replies":[{"embeddable":true,"href":"https:\/\/www.europesays.com\/fr\/wp-json\/wp\/v2\/comments?post=357704"}],"version-history":[{"count":0,"href":"https:\/\/www.europesays.com\/fr\/wp-json\/wp\/v2\/posts\/357704\/revisions"}],"wp:featuredmedia":[{"embeddable":true,"href":"https:\/\/www.europesays.com\/fr\/wp-json\/wp\/v2\/media\/357705"}],"wp:attachment":[{"href":"https:\/\/www.europesays.com\/fr\/wp-json\/wp\/v2\/media?parent=357704"}],"wp:term":[{"taxonomy":"category","embeddable":true,"href":"https:\/\/www.europesays.com\/fr\/wp-json\/wp\/v2\/categories?post=357704"},{"taxonomy":"post_tag","embeddable":true,"href":"https:\/\/www.europesays.com\/fr\/wp-json\/wp\/v2\/tags?post=357704"}],"curies":[{"name":"wp","href":"https:\/\/api.w.org\/{rel}","templated":true}]}}