{"id":357706,"date":"2025-09-01T05:02:11","date_gmt":"2025-09-01T05:02:11","guid":{"rendered":"https:\/\/www.europesays.com\/fr\/357706\/"},"modified":"2025-09-01T05:02:11","modified_gmt":"2025-09-01T05:02:11","slug":"asse-mercato-mickael-nade-clarifie-son-avenir-chez-les-verts","status":"publish","type":"post","link":"https:\/\/www.europesays.com\/fr\/357706\/","title":{"rendered":"ASSE Mercato : Micka\u00ebl Nad\u00e9 clarifie son avenir chez les Verts"},"content":{"rendered":"<p><strong>Tr\u00e8s courtis\u00e9 cet \u00e9t\u00e9, Micka\u00ebl Nad\u00e9 ne devrait pas quitter l\u2019ASSE d\u2019ici lundi 20h.<\/strong><\/p>\n<p>Samedi soir, <a href=\"https:\/\/www.butfootballclub.fr\/616376-asse-grenoble-nade-buteur-cardona-maladroit-lamba-passif-les-notes-des-verts\/\" rel=\"noreferrer noopener\" target=\"_blank\">lors du match entre l\u2019ASSE et Grenoble<\/a> qui s\u2019est sold\u00e9 par un nul 1-1, Micka\u00ebl Nad\u00e9 a marqu\u00e9 pour Saint-\u00c9tienne, dans ce qui constituait le dernier match disput\u00e9 avant la cl\u00f4ture du mercato, pr\u00e9vue lundi soir \u00e0 20 heures. Apr\u00e8s la rencontre, le d\u00e9fenseur central s\u2019est arr\u00eat\u00e9 en zone mixte pour \u00e9voquer sa situation, alors que <a href=\"https:\/\/www.butfootballclub.fr\/613403-asse-mercato-ca-bouge-pour-nade-un-maestro-au-coeur-des-discussions\/\" rel=\"noreferrer noopener\" target=\"_blank\">plusieurs clubs s\u2019\u00e9taient int\u00e9ress\u00e9s \u00e0 lui cet \u00e9t\u00e9<\/a>. Parmi eux, plusieurs \u00e9quipes anglaises de deuxi\u00e8me division comme Portsmouth, Blackburn et Sheffield, ainsi que l\u2019Hellas V\u00e9rone en Serie A.<\/p>\n<p>Nad\u00e9 assure qu\u2019il restera<\/p>\n<p>Malgr\u00e9 ces approches, Nad\u00e9 a clairement exprim\u00e9 son d\u00e9sir de rester \u00e0 Saint-\u00c9tienne. \u00ab\u00a0Je serais St\u00e9phanois lundi soir apr\u00e8s la fermeture du mercato, je pense, mon coeur est ici depuis des ann\u00e9es. Le mercato, il y a des rumeurs, mais moi je travaille sur le terrain, ce qui est hors foot, \u00e7a ne me regarde pas trop. \u00c0 partir de lundi, tout le monde sera focus sur le m\u00eame objectif\u00a0\u00bb, comme rapport\u00e9 par <a href=\"https:\/\/www.envertetcontretous.fr\/articles\/nade-qlundi-je-serais-a-l-asse-mon-coeur-est-ici-depuis-des-anneesq-69981-1.html\" rel=\"noreferrer noopener\" target=\"_blank\">EVECT<\/a>.<\/p>\n<p>Une d\u00e9claration qui intervient alors que Nad\u00e9 a disput\u00e9 tous les matchs de Ligue 2 cette saison, confirmant ainsi sa place dans le dispositif de l\u2019\u00e9quipe et son engagement envers le club st\u00e9phanois.<\/p>\n","protected":false},"excerpt":{"rendered":"Tr\u00e8s courtis\u00e9 cet \u00e9t\u00e9, Micka\u00ebl Nad\u00e9 ne devrait pas quitter l\u2019ASSE d\u2019ici lundi 20h. Samedi soir, lors du&hellip;\n","protected":false},"author":2,"featured_media":357707,"comment_status":"","ping_status":"","sticky":false,"template":"","format":"standard","meta":{"footnotes":""},"categories":[1410],"tags":[11,448,63,1011,27,66,3388,12,60,10662],"class_list":{"0":"post-357706","1":"post","2":"type-post","3":"status-publish","4":"format-standard","5":"has-post-thumbnail","7":"category-football","8":"tag-actualites","9":"tag-champions-league","10":"tag-football","11":"tag-fr","12":"tag-france","13":"tag-ligue-1","14":"tag-matchs","15":"tag-news","16":"tag-sports","17":"tag-transferts"},"share_on_mastodon":{"url":"https:\/\/pubeurope.com\/@fr\/115127290729373481","error":""},"_links":{"self":[{"href":"https:\/\/www.europesays.com\/fr\/wp-json\/wp\/v2\/posts\/357706","targetHints":{"allow":["GET"]}}],"collection":[{"href":"https:\/\/www.europesays.com\/fr\/wp-json\/wp\/v2\/posts"}],"about":[{"href":"https:\/\/www.europesays.com\/fr\/wp-json\/wp\/v2\/types\/post"}],"author":[{"embeddable":true,"href":"https:\/\/www.europesays.com\/fr\/wp-json\/wp\/v2\/users\/2"}],"replies":[{"embeddable":true,"href":"https:\/\/www.europesays.com\/fr\/wp-json\/wp\/v2\/comments?post=357706"}],"version-history":[{"count":0,"href":"https:\/\/www.europesays.com\/fr\/wp-json\/wp\/v2\/posts\/357706\/revisions"}],"wp:featuredmedia":[{"embeddable":true,"href":"https:\/\/www.europesays.com\/fr\/wp-json\/wp\/v2\/media\/357707"}],"wp:attachment":[{"href":"https:\/\/www.europesays.com\/fr\/wp-json\/wp\/v2\/media?parent=357706"}],"wp:term":[{"taxonomy":"category","embeddable":true,"href":"https:\/\/www.europesays.com\/fr\/wp-json\/wp\/v2\/categories?post=357706"},{"taxonomy":"post_tag","embeddable":true,"href":"https:\/\/www.europesays.com\/fr\/wp-json\/wp\/v2\/tags?post=357706"}],"curies":[{"name":"wp","href":"https:\/\/api.w.org\/{rel}","templated":true}]}}