{"id":357708,"date":"2025-09-01T05:03:09","date_gmt":"2025-09-01T05:03:09","guid":{"rendered":"https:\/\/www.europesays.com\/fr\/357708\/"},"modified":"2025-09-01T05:03:09","modified_gmt":"2025-09-01T05:03:09","slug":"clara-luciani-exit-la-musique-elle-devient-animatrice-sur-rtl","status":"publish","type":"post","link":"https:\/\/www.europesays.com\/fr\/357708\/","title":{"rendered":"Clara Luciani : exit la musique, elle devient animatrice sur RTL"},"content":{"rendered":"<p>      R\u00e9sum\u00e9<\/p>\n<p>Clara Luciani fait ses d\u00e9buts comme animatrice sur RTL, port\u00e9e par une s\u00e9rie de podcasts d\u00e9di\u00e9s \u00e0 la parole des femmes et aux questions de soci\u00e9t\u00e9.<\/p>\n<p>        Sommaire<\/p>\n<p><strong>Nouveau d\u00e9fi pour Clara Luciani<\/strong>. La chanteuse, <a href=\"https:\/\/vsd.fr\/70232-ca-cest-tres-dur-clara-luciani-se-confie-sur-ses-plus-grandes-craintes-en-tant-que-mere\/\" target=\"_blank\" rel=\"noopener\">qui a \u00e9t\u00e9 marraine de la Star Academy<\/a> l&rsquo;an dernier, va relever un nouveau challenge dans les prochains jours. Comme le r\u00e9v\u00e8lent nos confr\u00e8res de Paris Match, la station de radio RTL va proposer durant la semaine du 15 septembre une s\u00e9rie de sept podcasts <strong>dans lesquels les femmes vont prendre la parole<\/strong>. Et c&rsquo;est la chanteuse Clara Luciani qui va les incarner.<\/p>\n<p>Ces sept \u00e9pisodes vont raconter l&rsquo;\u00e9volution et la lib\u00e9ration de la parole des femmes sur de nombreux sujets de soci\u00e9t\u00e9. Taboue il y a encore quelques ann\u00e9es, la situation des femmes tend d\u00e9sormais \u00e0 se d\u00e9mocratiser. Dans ces podcasts, Clara Luciani, <strong>entour\u00e9e de femmes t\u00e9moins ainsi que d&rsquo;expertes<\/strong>, va \u00e9voquer le travail, la famille, la maternit\u00e9, le corps, le sexe, l&rsquo;interruption volontaire de grossesse ou encore le couple et les violences conjugales.<\/p>\n<p><a href=\"https:\/\/www.public.fr\/andre-dussollier-a-79-ans-sa-surprenante-reconversion\" target=\"_blank\" rel=\"noopener\">Apr\u00e8s s&rsquo;\u00eatre offerte Andr\u00e9 Dussollier<\/a>, la radio choisit une chanteuse populaire pour renforcer son offre digitale. C&rsquo;est la toute premi\u00e8re exp\u00e9rience de Clara Luciani en tant qu&rsquo;animatrice. Dans le premier \u00e9pisode qu&rsquo;a pu visionner Paris Match, <strong>l&rsquo;interpr\u00e8te de Respire encore appara\u00eet plus engag\u00e9e que jamais<\/strong> : \u00ab\u00a0Chaque t\u00e9moignage est le reflet d\u2019une \u00e9poque. Un miroir d\u2019une soci\u00e9t\u00e9 dans laquelle les femmes, ann\u00e9e apr\u00e8s ann\u00e9e, t\u00e2tonnent dans la qu\u00eate de leur ind\u00e9pendance et de leur libert\u00e9\u00a0\u00bb.<\/p>\n<p>RTL change tout et met les petits plats dans les grands<\/p>\n<p>Cette saison, RTL a enti\u00e8rement repens\u00e9 sa grille radio. Si Thomas Sotto est toujours aux manettes de la matinale, il est d\u00e9sormais seul. <strong>Amandine B\u00e9got a choisi d&rsquo;arr\u00eater<\/strong>, et est d\u00e9sormais \u00e0 la t\u00eate des Auditeurs ont la parole. Elle va, en outre, <a href=\"https:\/\/www.public.fr\/mohamed-bouhafsi-vide-son-sac-cet-acteur-francais-qui-a-ete-execrable-dans-c-a-vous-il-a-ete-detestable\" target=\"_blank\" rel=\"noopener\">rejoindre la bande de Mohamed Bouhafsi<\/a> sur France 5 dans C \u00e0 vous weekend. <strong>Nouvelle recrue star, Anne-Sophie Lapix est \u00e0 la t\u00eate de RTL Soir<\/strong>. Alex Vizorek incarne le retour du jeu culte Quitte ou double, tandis que Marc-Olivier Fogiel fait son retour \u00e0 la t\u00eate d&rsquo;une interview quotidienne. Faustine Bollaert est \u00e9galement \u00e0 la t\u00eate d&rsquo;une nouvelle \u00e9mission testimoniale tous les matins. Que de beau monde !<\/p>\n<p>      Mentionn\u00e9s dans cet article<\/p>\n<p>      Sur le m\u00eame sujet<\/p>\n","protected":false},"excerpt":{"rendered":"R\u00e9sum\u00e9 Clara Luciani fait ses d\u00e9buts comme animatrice sur RTL, port\u00e9e par une s\u00e9rie de podcasts d\u00e9di\u00e9s \u00e0&hellip;\n","protected":false},"author":2,"featured_media":357709,"comment_status":"","ping_status":"","sticky":false,"template":"","format":"standard","meta":{"footnotes":""},"categories":[1359],"tags":[16788,22007,58,59,1294,1011,27,973,1825,2700],"class_list":{"0":"post-357708","1":"post","2":"type-post","3":"status-publish","4":"format-standard","5":"has-post-thumbnail","7":"category-people","8":"tag-animateur-de-radio","9":"tag-clara-luciani","10":"tag-divertissement","11":"tag-entertainment","12":"tag-femme","13":"tag-fr","14":"tag-france","15":"tag-people","16":"tag-radio","17":"tag-rtl"},"share_on_mastodon":{"url":"https:\/\/pubeurope.com\/@fr\/115127294598933058","error":""},"_links":{"self":[{"href":"https:\/\/www.europesays.com\/fr\/wp-json\/wp\/v2\/posts\/357708","targetHints":{"allow":["GET"]}}],"collection":[{"href":"https:\/\/www.europesays.com\/fr\/wp-json\/wp\/v2\/posts"}],"about":[{"href":"https:\/\/www.europesays.com\/fr\/wp-json\/wp\/v2\/types\/post"}],"author":[{"embeddable":true,"href":"https:\/\/www.europesays.com\/fr\/wp-json\/wp\/v2\/users\/2"}],"replies":[{"embeddable":true,"href":"https:\/\/www.europesays.com\/fr\/wp-json\/wp\/v2\/comments?post=357708"}],"version-history":[{"count":0,"href":"https:\/\/www.europesays.com\/fr\/wp-json\/wp\/v2\/posts\/357708\/revisions"}],"wp:featuredmedia":[{"embeddable":true,"href":"https:\/\/www.europesays.com\/fr\/wp-json\/wp\/v2\/media\/357709"}],"wp:attachment":[{"href":"https:\/\/www.europesays.com\/fr\/wp-json\/wp\/v2\/media?parent=357708"}],"wp:term":[{"taxonomy":"category","embeddable":true,"href":"https:\/\/www.europesays.com\/fr\/wp-json\/wp\/v2\/categories?post=357708"},{"taxonomy":"post_tag","embeddable":true,"href":"https:\/\/www.europesays.com\/fr\/wp-json\/wp\/v2\/tags?post=357708"}],"curies":[{"name":"wp","href":"https:\/\/api.w.org\/{rel}","templated":true}]}}